{"id":8555,"date":"2018-05-27T17:45:59","date_gmt":"2018-05-27T20:45:59","guid":{"rendered":"http:\/\/webvasco.com\/artigos\/?p=8555"},"modified":"2018-05-27T18:51:00","modified_gmt":"2018-05-27T21:51:00","slug":"elas-o-professor-melissa-oliveira","status":"publish","type":"post","link":"https:\/\/webvasco.com\/artigos\/temas\/elas-e-o-professor\/elas-o-professor-melissa-oliveira\/","title":{"rendered":"ELAS &amp; O PROFESSOR &#8211; MELISSA OLIVEIRA"},"content":{"rendered":"<p>&nbsp;<\/p>\n<p>A entrevista de maio de 2018, com Melissa Oliveira \u00e9 dedicada \u00e0 minha filhotinha linda, <strong>\u00darsulla Rocha<\/strong>, na qual me traz inspira\u00e7\u00e3o para fazer esta coluna ainda melhor.<\/p>\n<p><strong>MELISSA OLIVEIRA, <\/strong>agente de turismo, solteira, 33 anos, apaixonada por livros, principalmente a b\u00edblia. Em termos de m\u00fasica \u00e9 ecl\u00e9tica. Gosta de conversar com amigos, beber um chopinho e assistir o Vasc\u00e3o jogar. Moradora de Manaus\/AM, mam\u00e3e de tr\u00eas filhos, simp\u00e1tica e hiper vidrada por futebol.<\/p>\n<p><strong> Voc\u00ea acha que a classifica\u00e7\u00e3o para a Sul Americana \u00e9 apenas um pr\u00eamio de consola\u00e7\u00e3o de quem perdeu a possibilidade de atuar na pr\u00f3xima fase da Libertadores?<\/strong><\/p>\n<p>N\u00e3o, pois o Vasco entra em todas as competi\u00e7\u00f5es para ser campe\u00e3o.<\/p>\n<p><strong>O Vasco deve punir os jogadores envolvidos na pol\u00eamica fotografia no Chile?<\/strong><\/p>\n<p>N\u00e3o, pois eles s\u00f3 foram infelizes de postar isso em um momento cr\u00edtico em que o Vasco est\u00e1 vivendo, mas n\u00e3o acho que seja motivo para puni\u00e7\u00f5es.<\/p>\n<p><strong> O presidente Alexandre Campello dar\u00e1 jeito na pol\u00edtica do Gigante da Colina?<\/strong><\/p>\n<p>N\u00e3o, porque o Vasco ainda continua vivendo uma grande crise interna e pol\u00edtica.<\/p>\n<p><strong>O time tem condi\u00e7\u00f5es de sagrar-se campe\u00e3o da Sul Americana?<\/strong><\/p>\n<p>Sim, porque o Vasco \u00e9 acostumado a disputar grandes competi\u00e7\u00f5es.<\/p>\n<p><strong> Em qual coloca\u00e7\u00e3o voc\u00ea acha que a equipe ficar\u00e1 quando terminar o Campeonato Brasileiro?<\/strong><\/p>\n<p>T\u00eam condi\u00e7\u00f5es de terminar a competi\u00e7\u00e3o no G4.<\/p>\n<p><strong>Em quais posi\u00e7\u00f5es o Cruzmaltino precisa de refor\u00e7os?<\/strong><\/p>\n<p>Defesa e ataque.<\/p>\n<p><strong> Gostou do novo uniforme fornecido pela Diadora?<\/strong><\/p>\n<p>Sim, pois ela lembra muito a camisa retr\u00f4.<\/p>\n<p><strong> J\u00e1 foi assistir o Mach\u00e3o da Gama jogar em S\u00e3o Janu\u00e1rio?<\/strong><\/p>\n<p>Foi uma das minhas maiores emo\u00e7\u00f5es conhecer o Caldeir\u00e3o.<\/p>\n<p><strong> O Vasco precisa investir mais na base?<\/strong><\/p>\n<p>Sim, pois precisamos de novos craques, porque o Vasco se encontra carente de grandes revela\u00e7\u00f5es.<\/p>\n<p><strong> Z\u00e9 Ricardo j\u00e1 esgotou seu tempo como treinador?<\/strong><\/p>\n<p>N\u00e3o, pois creio que ele ainda pode fazer muita coisa pelo time.<\/p>\n<p><strong> O grande vil\u00e3o da temporada foi o zagueiro Paul\u00e3o?<\/strong><\/p>\n<p>N\u00e3o, pois como diz o ditado: &#8220;Uma andorinha s\u00f3, n\u00e3o faz ver\u00e3o.&#8221;<\/p>\n<p><strong> O Bacalhau reverter\u00e1 a desvantagem sofrida (3 a 0, na Fonte Nova) para o Bahia no jogo de volta, na Colina Hist\u00f3rica, pela Copa do Brasil?<\/strong><\/p>\n<p>Sim, porque o Vasco \u00e9 o time da Virada, o time do amor.<\/p>\n<p><strong>FOTOGRAFIAS: FORNECIDAS PELA ENTREVISTADA.<\/strong><\/p>\n<p><a href=\"https:\/\/webvasco.com\/artigos\/wp-content\/uploads\/2018\/05\/IMG-20180521-WA0160.jpg\"><img loading=\"lazy\" decoding=\"async\" class=\"alignleft size-medium wp-image-8559\" src=\"https:\/\/webvasco.com\/artigos\/wp-content\/uploads\/2018\/05\/IMG-20180521-WA0160-180x300.jpg\" alt=\"\" width=\"180\" height=\"300\" srcset=\"https:\/\/webvasco.com\/artigos\/wp-content\/uploads\/2018\/05\/IMG-20180521-WA0160-180x300.jpg 180w, https:\/\/webvasco.com\/artigos\/wp-content\/uploads\/2018\/05\/IMG-20180521-WA0160-90x150.jpg 90w, https:\/\/webvasco.com\/artigos\/wp-content\/uploads\/2018\/05\/IMG-20180521-WA0160.jpg 430w\" sizes=\"auto, (max-width: 180px) 100vw, 180px\" \/><\/a> <a href=\"https:\/\/webvasco.com\/artigos\/wp-content\/uploads\/2018\/05\/IMG-20180521-WA0157.jpg\"><img loading=\"lazy\" decoding=\"async\" class=\"alignleft size-medium wp-image-8558\" src=\"https:\/\/webvasco.com\/artigos\/wp-content\/uploads\/2018\/05\/IMG-20180521-WA0157-174x300.jpg\" alt=\"\" width=\"174\" height=\"300\" srcset=\"https:\/\/webvasco.com\/artigos\/wp-content\/uploads\/2018\/05\/IMG-20180521-WA0157-174x300.jpg 174w, https:\/\/webvasco.com\/artigos\/wp-content\/uploads\/2018\/05\/IMG-20180521-WA0157-87x150.jpg 87w, https:\/\/webvasco.com\/artigos\/wp-content\/uploads\/2018\/05\/IMG-20180521-WA0157.jpg 428w\" sizes=\"auto, (max-width: 174px) 100vw, 174px\" \/><\/a> <a href=\"https:\/\/webvasco.com\/artigos\/wp-content\/uploads\/2018\/05\/IMG-20180521-WA0153.jpg\"><img loading=\"lazy\" decoding=\"async\" class=\"alignleft size-medium wp-image-8557\" src=\"https:\/\/webvasco.com\/artigos\/wp-content\/uploads\/2018\/05\/IMG-20180521-WA0153-136x300.jpg\" alt=\"\" width=\"136\" height=\"300\" srcset=\"https:\/\/webvasco.com\/artigos\/wp-content\/uploads\/2018\/05\/IMG-20180521-WA0153-136x300.jpg 136w, https:\/\/webvasco.com\/artigos\/wp-content\/uploads\/2018\/05\/IMG-20180521-WA0153-68x150.jpg 68w, https:\/\/webvasco.com\/artigos\/wp-content\/uploads\/2018\/05\/IMG-20180521-WA0153.jpg 320w\" sizes=\"auto, (max-width: 136px) 100vw, 136px\" \/><\/a> <a href=\"https:\/\/webvasco.com\/artigos\/wp-content\/uploads\/2018\/05\/IMG-20180521-WA0152.jpg\"><img loading=\"lazy\" decoding=\"async\" class=\"alignleft size-medium wp-image-8556\" src=\"https:\/\/webvasco.com\/artigos\/wp-content\/uploads\/2018\/05\/IMG-20180521-WA0152-237x300.jpg\" alt=\"\" width=\"237\" height=\"300\" srcset=\"https:\/\/webvasco.com\/artigos\/wp-content\/uploads\/2018\/05\/IMG-20180521-WA0152-237x300.jpg 237w, https:\/\/webvasco.com\/artigos\/wp-content\/uploads\/2018\/05\/IMG-20180521-WA0152-118x150.jpg 118w, https:\/\/webvasco.com\/artigos\/wp-content\/uploads\/2018\/05\/IMG-20180521-WA0152.jpg 480w\" sizes=\"auto, (max-width: 237px) 100vw, 237px\" \/><\/a><\/p>\n","protected":false},"excerpt":{"rendered":"<p>&nbsp; A entrevista de maio de 2018, com Melissa Oliveira \u00e9 dedicada \u00e0 minha filhotinha&#8230;<\/p>\n","protected":false},"author":7,"featured_media":8563,"comment_status":"open","ping_status":"closed","sticky":false,"template":"","format":"standard","meta":{"footnotes":""},"categories":[27],"tags":[],"class_list":["post-8555","post","type-post","status-publish","format-standard","has-post-thumbnail","hentry","category-elas-e-o-professor"],"_links":{"self":[{"href":"https:\/\/webvasco.com\/artigos\/wp-json\/wp\/v2\/posts\/8555","targetHints":{"allow":["GET"]}}],"collection":[{"href":"https:\/\/webvasco.com\/artigos\/wp-json\/wp\/v2\/posts"}],"about":[{"href":"https:\/\/webvasco.com\/artigos\/wp-json\/wp\/v2\/types\/post"}],"author":[{"embeddable":true,"href":"https:\/\/webvasco.com\/artigos\/wp-json\/wp\/v2\/users\/7"}],"replies":[{"embeddable":true,"href":"https:\/\/webvasco.com\/artigos\/wp-json\/wp\/v2\/comments?post=8555"}],"version-history":[{"count":3,"href":"https:\/\/webvasco.com\/artigos\/wp-json\/wp\/v2\/posts\/8555\/revisions"}],"predecessor-version":[{"id":8562,"href":"https:\/\/webvasco.com\/artigos\/wp-json\/wp\/v2\/posts\/8555\/revisions\/8562"}],"wp:featuredmedia":[{"embeddable":true,"href":"https:\/\/webvasco.com\/artigos\/wp-json\/wp\/v2\/media\/8563"}],"wp:attachment":[{"href":"https:\/\/webvasco.com\/artigos\/wp-json\/wp\/v2\/media?parent=8555"}],"wp:term":[{"taxonomy":"category","embeddable":true,"href":"https:\/\/webvasco.com\/artigos\/wp-json\/wp\/v2\/categories?post=8555"},{"taxonomy":"post_tag","embeddable":true,"href":"https:\/\/webvasco.com\/artigos\/wp-json\/wp\/v2\/tags?post=8555"}],"curies":[{"name":"wp","href":"https:\/\/api.w.org\/{rel}","templated":true}]}}