{"id":856,"date":"2014-06-04T18:00:26","date_gmt":"2014-06-04T21:00:26","guid":{"rendered":"http:\/\/webvasco.com\/artigos\/?p=856"},"modified":"2014-06-04T18:02:41","modified_gmt":"2014-06-04T21:02:41","slug":"a-deciso-agora","status":"publish","type":"post","link":"https:\/\/webvasco.com\/artigos\/colunistas\/a-deciso-agora\/","title":{"rendered":"A decis&atilde;o &eacute; AGORA!"},"content":{"rendered":"<div dir=\"ltr\">\n<p>\n\tE chegamos \u00e0 \u00e9poca de Copa do Mundo. Junto a ela, uma paralisa\u00e7\u00e3o de <br \/>\ntodas as atividades do futebol profissional, em termos de competi\u00e7\u00e3o. <br \/>\nParalisa\u00e7\u00e3o essa, por sinal, muito bem vinda, em especial ao Vasco. Hora<br \/>\n de colocar a casa em ordem, com seriedade e trabalho, acima de tudo.<\/p>\n<p><\/p>\n<p>\n\tSe as elei\u00e7\u00f5es ainda n\u00e3o s\u00e3o agora &#8211; sobre isso, mais uma l\u00e1stima da <br \/>\ngest\u00e3o Roberto, ao aceitar o jogo pol\u00edtico e postergar a marca\u00e7\u00e3o das <br \/>\nelei\u00e7\u00f5es com tantos assuntos a serem decididos por quem, de fato, vier a<br \/>\n assumir esse verdadeiro &quot;pepino&quot; que \u00e9 a gest\u00e3o do clube, por N motivos<br \/>\n variados &#8211; ao menos, temos tempo para reorganizar certas coisas non <br \/>\nfutebol profissional. TODOS, absolutamente TODOS, sabem das car\u00eancias <br \/>\ndesse elenco do Vasco. Time com uma defesa que, quando completa, est\u00e1 na<br \/>\n m\u00e9dia dos grandes clubes brasileiros, mas um meio-campo e um ataque <br \/>\npaup\u00e9rrimos tecnicamente. N\u00e3o \u00e0 toa a defesa, mesmo com tantos entraves <br \/>\nnessa famigerada s\u00e9rie B, ainda consiga ser a melhor da competi\u00e7\u00e3o, e o <br \/>\nataque tenha tanta dificuldade em criar chances de gol e finaliz\u00e1-las.<\/p>\n<p><\/p>\n<p>\n\tDe alguma maneira, o Vasco tem que correr atr\u00e1s desses elementos <br \/>\nfundamentais para a qualifica\u00e7\u00e3o desse plantel. Rodrigo Caetano \u00e9 o <br \/>\ndiretor-executivo, portanto, cabe-lhe essa incumb\u00eancia. Dinheiro n\u00e3o h\u00e1 <br \/>\nem caixa, ent\u00e3o, mais um motivo para &quot;enxugar&quot; esse elenco e manter <br \/>\nsomente aqueles que, realmente, demonstraram que podem agregar em algo <br \/>\nsob o ponto de vista qualitativo.<\/p>\n<p><\/p>\n<p>\n\tOutros que j\u00e1 demonstraram que nada agregam, tais como Reginaldo, por <br \/>\nexemplo, e at\u00e9 mesmo os laterais excetuando Diego Renan, apesar de tudo,<br \/>\n devem ser dispensados ou repensados. Alguns jovens que demonstraram <br \/>\nestarem muito &quot;verdes&quot;, ainda, tal como Yago merecem ser preservados <br \/>\ndessa grande responsabilidade de subirem o Vasco. Quem deve assumir essa<br \/>\n postura, dentro de campo, s\u00e3o os jogadores mais experientes e de maior <br \/>\nqualidade nesse plantel, tal como Mart\u00edn Silva, Robrigo, Gui\u00f1azu, <br \/>\nDouglas e Edm\u00edlson, que comp\u00f5em essa &quot;espinha-dorsal&quot;.<\/p>\n<p><\/p>\n<p>\n\tQuanto ao mercado da bola, onde procurar esses elementos \u00e9 a grande <br \/>\nquest\u00e3o. Talvez em algum clube da s\u00e9rie A que tenha algum meio-campo ou <br \/>\nlateral que valha investir e que n\u00e3o estejam sendo utilizados. Ou, quem <br \/>\nsabe, at\u00e9 mesmo em clubes do interior paulista, em especial, ou at\u00e9 <br \/>\nmesmo no futebol latino, onde os sal\u00e1rios pagos nos pa\u00edses vizinhos s\u00e3o <br \/>\nmuito menos atrativos do que os pagos aqui no Brasil.<\/p>\n<p><\/p>\n<p>\n\tA decis\u00e3o, no entanto, sobre quem pode chegar e quem pode sair recai, <br \/>\nantes, na defini\u00e7\u00e3o acerca da perman\u00eancia ou n\u00e3o de Ad\u00edlson Batista como<br \/>\n treinador. Foram-se mais de seis meses de trabalho, e afora um padr\u00e3o <br \/>\nde jogo demonstrado quando nas fases decisivas de outro certame <br \/>\narrastado como foi no campeonato fla-carioca que Rubens Lopes, Capit\u00e3o <br \/>\nL\u00e9o, Eurico Miranda e outros tanto defendem,\u00a0 NADA mais viu-se de <br \/>\nevolu\u00e7\u00e3o em um time que, al\u00e9m de limitado tecnicamente, \u00e9 mal organizado<br \/>\n em campo. Mesmo na fase das quinze rodadas da Ta\u00e7a Guanabara, o Vasco <br \/>\nde Ad\u00edlson Batista alternou entre os bons e os maus momentos. Alternou <br \/>\nem sua pr\u00f3pria inconst\u00e2ncia e inconsist\u00eancia em suas convic\u00e7\u00f5es, hora <br \/>\nescalando ao time com tr\u00eas cabe\u00e7as de \u00e1rea e tr\u00eas atacantes &#8211; sem <br \/>\narmador, hora o escalando com tr\u00eas cabe\u00e7as de \u00e1rea, dois armadores e um <br \/>\natacante, hora mudandon tudo e colocando um armador e tr\u00eas atacantes&#8230;<\/p>\n<p><\/p>\n<p>\n\tEnfim, o Vasco de Ad\u00edlson Batista \u00e9 tal com o homem que vai ao primeiro<br \/>\n encontro com sua pretendente ao romance, em que o mesmo homem sabe que <br \/>\nn\u00e3o \u00e9 l\u00e1 nenhum primor de beleza e, ainda assim, testa a sorte, indo ao <br \/>\nencontro sem tomar banho, sem desodorante, sem perfume e sem escovar os <br \/>\ndentes, E ainda trajando roupa de circular aos arredores de sua casa, <br \/>\nmesmo sabendo que o encontro ser\u00e1 num restaurante, n\u00e3o de luxo, mas em <br \/>\nambiente bem comportado.<\/p>\n<p><\/p>\n<p>\n\tAinda que os n\u00fameros sejam favor\u00e1veis sob o c\u00f4mputo geral, o que se <br \/>\npresencia em campo n\u00e3o condiz com os mesmos e nem passa a menor <br \/>\nseguran\u00e7a para vasca\u00edno algum. A tirar a vit\u00f3ria de ontem, por um <br \/>\nplacar, at\u00e9 certo ponto, mentiroso mesmo. Pois afora os dois gols, o que<br \/>\n se viu de resto (resto MESMO) foi MUITO preocupante. Ainda que <br \/>\naceitemos que a famigerada s\u00e9rie B n\u00e3o seja competi\u00e7\u00e3o para se dar <br \/>\nespet\u00e1culo em campo, n\u00e3o se pode aceitar que um time seja t\u00e3o pobre em <br \/>\njogadas e sem padr\u00e3o algum de jogo. Afora as, muitas das vezes, bizarras<br \/>\n escala\u00e7\u00f5es e as mais bizarras, ainda, substitui\u00e7\u00f5es. A troca de Rafael <br \/>\nSilva, por exemplo, atacante que era O \u00daNICO a tentar criar alguma coisa<br \/>\n no time por Dackson, meia de cria\u00e7\u00e3o, mantendo os TR\u00caS cabe\u00e7as-de-\u00e1rea <br \/>\nfoi o \u00edcone de sua incapacidade de enxergar o jogo. Sorte a nossa que <br \/>\nera o Boa Esporte, o time que mais perdeu na competi\u00e7\u00e3o&#8230;<\/p>\n<p><\/p>\n<p>\n\tPor toda essa argumenta\u00e7\u00e3o, creio que a troca de Ad\u00edlson para que o <br \/>\nnovo treinador pudesse trabalhar durante um m\u00eas, e aproveitando-se ao <br \/>\nm\u00e1ximo o tempo que teremos ao contr\u00e1rio de ano passado com Autuori e a <br \/>\n&quot;greve branca&quot; dos jogadores permitida por ele, seria o caminho mais <br \/>\nadequado. O que refor\u00e7a o argumento contr\u00e1rio \u00e9 o mesmo \u00e0 procura de <br \/>\nrefor\u00e7os: s\u00e3o as poucas boas op\u00e7\u00f5es de treinadores nesse mercado da bola<br \/>\n paup\u00e9rrimo em &quot;Terra Brazilis&quot;. Mandar Ad\u00edlson embora daria um alento, <br \/>\nal\u00e9m de uma satisfa\u00e7\u00e3o, a todos n\u00f3s. Mas quem de confian\u00e7a assumiria <br \/>\nessa nau? Kleina? Jayme, que ainda por cima, chegaria estigmatizado ao <br \/>\nclube? Joel, como alguns chegaram a especular? Pela experi\u00eancia com <br \/>\nelencos fracos, Kleina seria o mais indicado, mas de forma alguma <br \/>\ngarantia de que algo de muito melhor fosse acontecer, al\u00e9m de gerar a <br \/>\nmais um passivo nas combalidaas finan\u00e7as e sob a \u00f3tica de que pode-se <br \/>\nmudar, novamente, dependendo das elei\u00e7\u00f5es, em agosto.<\/p>\n<p><\/p>\n<p>\n\tDe qualquer forma, a mudan\u00e7a deve ser J\u00c1! A decis\u00e3o de mais de seis <br \/>\nmeses de trabalho que restam\u00a0 ainda esse ano DEVE SER AGORA. Cabe a quem<br \/>\n ficar fazer uma prepara\u00e7\u00e3o bem s\u00e9ria ap\u00f3s o recesso de doze dias que <br \/>\nter\u00e3o (por mim, N\u00c3O TERIAM de jeito algum), e um planejamento para que o<br \/>\n retorno se d\u00ea de forma tranquila e sem mais sustos.<\/p>\n<p><\/p>\n<p>\n\t<strong>Not\u00edcias da Corte<\/strong><\/p>\n<p><\/p>\n<p>\n\tA cada dia, vejo o cen\u00e1rio pol\u00edtico do Vasco mais nebuloso. Ao <br \/>\ncontr\u00e1rio de clarear, parece que a &quot;cortina de fuma\u00e7a&quot; que paira no ar <br \/>\nvai se intensificando ainda mais. N\u00e3o se sabe quem, de fato, vir\u00e1, mas <br \/>\nas op\u00e7\u00f5es at\u00e9 aqui que se apresentaram s\u00e3o, para mim, desanimadoras.<\/p>\n<p>\tNo atual contexto, n\u00e3o tenho d\u00favidas que a vit\u00f3ria de Eurico Miranda \u00e9 <br \/>\n&quot;pule de dez&quot;. E confesso-lhes que nem estou levando em considera\u00e7\u00e3o os <br \/>\ns\u00f3cios que dizem ser &quot;mensaleiros&quot;: pelo menos, umas dez pessoas ao meu <br \/>\nredor e que sei que paga ao Vasco, mensalmente, h\u00e1 anos j\u00e1 me disseram <br \/>\nque, dadas essas op\u00e7\u00f5es, v\u00e3o de Eurico no pleito.<\/p>\n<p><\/p>\n<p>\n\t\u00c9 muito importante que haja um grupo com projeto para apresentar ao <br \/>\nquadro de associados e \u00e0 torcida, por\u00e9m, um nome forte que encabece <br \/>\nsempre traz um respeito em especial, segundo a vis\u00e3o simplista da <br \/>\nmaioria dos eleitores. Enquanto Fernando Horta &#8211; que hoje \u00e9 o \u00daNICO nome<br \/>\n forte capaz de causar impacto num embate eleitoral com Eurico &#8211; n\u00e3o se <br \/>\ndecide e prega o mist\u00e9rio, Eurico vai avan\u00e7ando, e o modus operandi do <br \/>\nsistema todo conspirando ao seu favor.<\/p>\n<p><\/p>\n<p>\n\tEnquanto isso, s\u00e3o chapas sem candidato e sem muita raz\u00e3o de ser, no <br \/>\nmomento, que s\u00e3o lan\u00e7adas; outras que arriscam seus ideiais defendidos <br \/>\nao se debru\u00e7arem sobre a possibilidade de apoiar algum nome que, no fim,<br \/>\n seria &quot;mais do mesmo&quot; para as pretens\u00f5es da torcida; e outras que <br \/>\ninsistem em candidaturas que s\u00f3 ir\u00e3o confundir ao associado e subtrair a<br \/>\n possibilidade de se eleger a algu\u00e9m com mais &quot;cara&quot; de renova\u00e7\u00e3o, de <br \/>\nterceira via ao clube.<\/p>\n<p><\/p>\n<p>\n\tEm tempo: ao analisar o atual quadro pol\u00edtico, as chances de renova\u00e7\u00e3o <br \/>\naparentam ser remotas, e a indefini\u00e7\u00e3o s\u00f3 auxilia a quem j\u00e1 se definiu <br \/>\nfaz tempo.<\/p>\n<p><\/p>\n<p>\n\t<strong>&quot;Toques finais&quot;<\/strong><\/p>\n<p><\/p>\n<p>\n\t1\u00ba) Parab\u00e9ns a Thalles, um dos destaques da sele\u00e7\u00e3o de j\u00faniores campe\u00e3 <br \/>\nem Toulon. Uma pena que sabemos que, dificilmente, ir\u00e1 continuar por <br \/>\nmuito mais tempo. \u00c9 que as &quot;torneiras&quot; do desperd\u00edcio no Vasco, ainda, <br \/>\nest\u00e3o MUITO abertas, tal como a necessidade de pagar \u00e0queles que est\u00e3o <br \/>\nencostados e que ajudaram o clube a cair para a segunda divis\u00e3o, ano <br \/>\npassado.<\/p>\n<p><\/p>\n<p>\n\t2\u00ba) Sobre uma dessas d\u00edvidas, fiquei \u201cencucado\u201d com uma not\u00edcia que li <br \/>\nno SuperVasco na \u00faltima sexta-feira e em outras m\u00eddias vasca\u00ednas: como <br \/>\nJoel Santana pode entrar na Justi\u00e7a contra o clube cuja gest\u00e3o de sua <br \/>\n\u00faltima passagem quando l\u00e1 esteve \u201cpagava a todos\u201d e \u201cdevia nada\u201d, <br \/>\nconforme seu ex-Presidente e hoje candidato a voltar costuma dizer <br \/>\nquando lhe \u00e9 perguntado?! Estaria \u201cPapai Joel\u201d ficando \u201ccaduco, <br \/>\nconfundindo as bolas\u201d com outros clubes?! Estranho\u2026<\/p>\n<\/div>\n<p><\/p>\n","protected":false},"excerpt":{"rendered":"<p>E chegamos \u00e0 \u00e9poca de Copa do Mundo. Junto a ela, uma paralisa\u00e7\u00e3o de todas&#8230;<\/p>\n","protected":false},"author":12,"featured_media":341,"comment_status":"open","ping_status":"closed","sticky":false,"template":"","format":"standard","meta":{"footnotes":""},"categories":[3],"tags":[],"class_list":["post-856","post","type-post","status-publish","format-standard","has-post-thumbnail","hentry","category-colunistas"],"_links":{"self":[{"href":"https:\/\/webvasco.com\/artigos\/wp-json\/wp\/v2\/posts\/856","targetHints":{"allow":["GET"]}}],"collection":[{"href":"https:\/\/webvasco.com\/artigos\/wp-json\/wp\/v2\/posts"}],"about":[{"href":"https:\/\/webvasco.com\/artigos\/wp-json\/wp\/v2\/types\/post"}],"author":[{"embeddable":true,"href":"https:\/\/webvasco.com\/artigos\/wp-json\/wp\/v2\/users\/12"}],"replies":[{"embeddable":true,"href":"https:\/\/webvasco.com\/artigos\/wp-json\/wp\/v2\/comments?post=856"}],"version-history":[{"count":0,"href":"https:\/\/webvasco.com\/artigos\/wp-json\/wp\/v2\/posts\/856\/revisions"}],"wp:featuredmedia":[{"embeddable":true,"href":"https:\/\/webvasco.com\/artigos\/wp-json\/wp\/v2\/media\/341"}],"wp:attachment":[{"href":"https:\/\/webvasco.com\/artigos\/wp-json\/wp\/v2\/media?parent=856"}],"wp:term":[{"taxonomy":"category","embeddable":true,"href":"https:\/\/webvasco.com\/artigos\/wp-json\/wp\/v2\/categories?post=856"},{"taxonomy":"post_tag","embeddable":true,"href":"https:\/\/webvasco.com\/artigos\/wp-json\/wp\/v2\/tags?post=856"}],"curies":[{"name":"wp","href":"https:\/\/api.w.org\/{rel}","templated":true}]}}