{"id":8564,"date":"2018-05-28T22:22:27","date_gmt":"2018-05-29T01:22:27","guid":{"rendered":"http:\/\/webvasco.com\/artigos\/colunistas\/luizcarlosrocha\/de-tres-em-tres-se-faz-o-fregues\/"},"modified":"2018-05-28T22:22:27","modified_gmt":"2018-05-29T01:22:27","slug":"de-tres-em-tres-se-faz-o-fregues","status":"publish","type":"post","link":"https:\/\/webvasco.com\/artigos\/colunistas\/luizcarlosrocha\/de-tres-em-tres-se-faz-o-fregues\/","title":{"rendered":"DE TR\u00caS EM TR\u00caS SE FAZ O FREGU\u00caS!"},"content":{"rendered":"<p>Muitos dizem que o n\u00famero 7 \u00e9 o algarismo da mentira. Mas na S\u00e9tima Rodada do Campeonato Brasileiro o placar, ontem, foi real, ou melhor, surreal, 3 a 0 para o Bahia diante do ap\u00e1tico Fiasco da Gama, na Arena Fonte Nova. Os gols \u2013 todos marcados na etapa final \u2013 foram anotados por \u00c9lber, aos 21 minutos, Z\u00e9 Rafael, aos 42 e R\u00e9gis, no apagar das luzes, aos 46. Com o resultado o time carioca caiu para a 13\u00aa posi\u00e7\u00e3o na tabela de classifica\u00e7\u00e3o.<\/p>\n<p>E o pior n\u00e3o foi isso. O referido placar foi um repeteco da partida de ida, pela Copa do Brasil, para a mesma equipe baiana. Uma l\u00e1stima! Como um clube quatro vezes campe\u00e3o desta competi\u00e7\u00e3o pode ser facilmente envolvido por outro que tem apenas um t\u00edtulo da mesma? Fora outras importantes conquistas por parte do Cruzmaltino.<\/p>\n<p>Rid\u00edculo \u00e9 saber que ainda h\u00e1 quem defenda esse plantel de time de v\u00e1rzea. Mais do que isso. H\u00e1 \u201centendedores de futebol\u201d que defendem a perman\u00eancia de Z\u00e9 Ruela. Qualquer treinador em in\u00edcio de carreira \u00e9 melhor do que esse molambo que veio do Clube do Gueto! Chega de tanto amadorismo!<\/p>\n<p>Daqui para frente o presidente Alexandre Golpello, ops, quer dizer, Campello, precisa dar um basta em tanto vexame. N\u00e3o adianta ter um grupo cheio de cabe\u00e7as de bagre. Quantidade n\u00e3o \u00e9 qualidade. \u00c9 preciso investir na base sem a influ\u00eancia de empres\u00e1rios coveiros que visam apenas sugar financeiramente o clube.<\/p>\n<p>A medida em que esse entendimento for entrando na cabe\u00e7a dos cartolas o Vasco entrar\u00e1 definitivamente no S\u00e9culo XXI. S\u00e3o exatos 43 \u201catletas\u201d (ser\u00e1 que podemos classificar assim?) no futebol profissional. Sendo que se apontarmos dois bons jogadores e mais uns quatro razo\u00e1veis, certamente a avalia\u00e7\u00e3o estar\u00e1 sendo generosa. A verdade \u00e9 que o elenco pode ser definido exatamente com as iniciais (de cima para baixo) dos par\u00e1grafos desta cr\u00f4nica. Enquanto nada muda, o pr\u00f3ximo compromisso ser\u00e1 quarta-feira, dia 30, \u00e0s 19h30m, em S\u00e3o Janu\u00e1rio, contra o Paran\u00e1 Clube.<\/p>\n<p><strong>VERGONHA (MAIS DE 4 ANOS!):<\/strong><\/p>\n<p>DEPOIS DE AGUARDAR <strong> 59 MESES, OU SEJA, 4 ANOS E 11 MESES! (CARRO DESDE 10 DE JUNHO DE 2013)<\/strong> COM O CARRO PRESO NA OFICINA DA ABOLI\u00c7\u00c3O VE\u00cdCULOS COM APENAS 729 KM RODADOS, EM UM PROCESSO COM 8 VOLUMES, NA 1\u00aa VARA CIVEL, DA COMARCA DE NITER\u00d3I\/RJ, REGIONAL OCE\u00c2NICA, A SENTEN\u00c7A FOI INDEFERIR TODOS OS MEUS PEDIDOS E AINDA CONDENAR EM 10% DE CUSTAS JUDICIAIS. OU SEJA, FIQUEI SEM CARRO ESSE TEMPO TODO (MESMO PAGANDO \u00c0 VISTA POR ELE), JUNTEI PROVAS COMO REGISTRO DE OCORR\u00caNCIA DA POL\u00cdCIA CIVIL\/RJ, BOLETIM DE OCORR\u00caNCIA DA POLICIA MILITAR\/RJ, ORDENS DE SERVI\u00c7O, MAIS DE 600 FOTOGRAFIAS, MAIS DE 40 \u00c1UDIOS, NOTAS FISCAIS, NOTAS DE T\u00c1XI, PRONTU\u00c1RIOS M\u00c9DICOS, POIS NESTE PER\u00cdODO TIVE PROBLEMAS DE SA\u00daDE, BEM COMO MEUS FAMILIARES, TENDO UMA FILHA QUE HOJE TEM APENAS 5 ANOS, NA \u00c9POCA POUCO MAIS DE 1 ANINHO. VALE LEMBRAR, QUE OS PRIMEIROS DEFEITOS SE DERAM QUANDO O CARRO TINHA MENOS DE 30 KM RODADOS. TUDO ISSO PARA NADA. QUEM GOSTOU DO RESULTADO DA DOUTA MAGRISTRADA FORAM AS EMPRESAS R\u00c9S \u2013 QUE ME LESARAM \u2013 ABOLI\u00c7\u00c3O VE\u00cdCULOS E VW DO BRASIL <strong>(PROCESSO: No 0016370-44.2013.8.19.0212).<\/strong><\/p>\n<p><strong>AP\u00d3S AS TODAS AS PARTIDAS DO VASC\u00c3O EM MEU PERFIL DO FACEBOOK (QUEM QUISER RECEBER AS CR\u00d4NICAS DE PRIMEIRA M\u00c3O \u00c9 S\u00d3 ME ADICIONAR), E NO SITE WEBVASCO (www.webvasco.com), TEM A OPINI\u00c3O DO JORNALISTA LUIZ CARLOS ROCHA. LEIAM! COMPARTILHEM E CURTAM! VASCA\u00cdNOS UNIDOS JAMAIS SER\u00c3O VENCIDOS.<\/strong><\/p>\n","protected":false},"excerpt":{"rendered":"<p>Muitos dizem que o n\u00famero 7 \u00e9 o algarismo da mentira. Mas na S\u00e9tima Rodada&#8230;<\/p>\n","protected":false},"author":7,"featured_media":0,"comment_status":"open","ping_status":"closed","sticky":false,"template":"","format":"standard","meta":{"footnotes":""},"categories":[4],"tags":[],"class_list":["post-8564","post","type-post","status-publish","format-standard","hentry","category-luizcarlosrocha"],"_links":{"self":[{"href":"https:\/\/webvasco.com\/artigos\/wp-json\/wp\/v2\/posts\/8564","targetHints":{"allow":["GET"]}}],"collection":[{"href":"https:\/\/webvasco.com\/artigos\/wp-json\/wp\/v2\/posts"}],"about":[{"href":"https:\/\/webvasco.com\/artigos\/wp-json\/wp\/v2\/types\/post"}],"author":[{"embeddable":true,"href":"https:\/\/webvasco.com\/artigos\/wp-json\/wp\/v2\/users\/7"}],"replies":[{"embeddable":true,"href":"https:\/\/webvasco.com\/artigos\/wp-json\/wp\/v2\/comments?post=8564"}],"version-history":[{"count":0,"href":"https:\/\/webvasco.com\/artigos\/wp-json\/wp\/v2\/posts\/8564\/revisions"}],"wp:attachment":[{"href":"https:\/\/webvasco.com\/artigos\/wp-json\/wp\/v2\/media?parent=8564"}],"wp:term":[{"taxonomy":"category","embeddable":true,"href":"https:\/\/webvasco.com\/artigos\/wp-json\/wp\/v2\/categories?post=8564"},{"taxonomy":"post_tag","embeddable":true,"href":"https:\/\/webvasco.com\/artigos\/wp-json\/wp\/v2\/tags?post=8564"}],"curies":[{"name":"wp","href":"https:\/\/api.w.org\/{rel}","templated":true}]}}