{"id":8565,"date":"2018-05-31T12:41:27","date_gmt":"2018-05-31T15:41:27","guid":{"rendered":"http:\/\/webvasco.com\/artigos\/colunistas\/luizcarlosrocha\/quando-pika-faz-a-diferenca\/"},"modified":"2018-05-31T12:41:27","modified_gmt":"2018-05-31T15:41:27","slug":"quando-pika-faz-a-diferenca","status":"publish","type":"post","link":"https:\/\/webvasco.com\/artigos\/colunistas\/luizcarlosrocha\/quando-pika-faz-a-diferenca\/","title":{"rendered":"QUANDO PIKA FAZ A DIFEREN\u00c7A!"},"content":{"rendered":"<p>Assim pensou a Imensa Torcida Bem Feliz: \u201cQuem n\u00e3o tem CU (coragem e uni\u00e3o) n\u00e3o faz trato com PIKA (Yago Pikachu)\u201d, ontem, em S\u00e3o Janu\u00e1rio, em partida v\u00e1lida pela 8\u00aa Rodada, do Campeonato Brasileiro, vers\u00e3o 2018, S\u00e9rie A. Com um gola\u00e7o do lateral improvisado de meia, o Vasco da Gama venceu o Paran\u00e1 Clube, mesmo com doze desfalques. Com o resultado, o Cruzmaltino agora soma 11 pontos ganhos, em 21 disputados (tem um jogo a menos), e ocupa a 11\u00aa posi\u00e7\u00e3o na tabela de classifica\u00e7\u00e3o.<\/p>\n<p>Como sempre o treinador Z\u00e9 Ruela escalou mal \u2013 sabemos que muitos n\u00e3o poderiam ser escalados, mas com os que tinha, promoveu errado ao time principal \u2013 substituiu pior ainda e de quebra viu o cambeta Giovanni Augusto, que tinha acabado de entrar, assumir a cobran\u00e7a no lugar de Pikachu, e perder um p\u00eanalti que poderia ter feito falta ao t\u00e9rmino da peleja! N\u00e3o d\u00e1 para entender porque o ex-molambo ainda t\u00eam prest\u00edgio na Colina Hist\u00f3rica!<\/p>\n<p>Claro que o Pika vem fazendo a diferen\u00e7a. Sobretudo, rasgando as defesas e arrombando as redes advers\u00e1rias. Geralmente Pika entra com bola e tudo, fazendo a torcida gozar por mais um trabalho bem feito. Mas \u00e9 sacanagem depender s\u00f3 dele. O pequeno valente tem se mostrado incans\u00e1vel na busca pelo prazer da vit\u00f3ria! Ah, se o Vasc\u00e3o tivesse 11 Pikas em campo&#8230; Seria praticamente uma orgia futebol\u00edstica. Certamente at\u00e9 o FlorminenC iria delirar.<\/p>\n<p>Agora, o Gigante da Colina (grande mesmo hein?) precisa manter a excita\u00e7\u00e3o de Pika para botar fogo com todo o carinho no Rabello (Igor) e companhia, para que ao final da partida o meia Buchecha cuspa a indigna\u00e7\u00e3o de conferir que o Pika \u00e9 o diferencial do Mach\u00e3o da Gama. A partida contra a Cachorrada est\u00e1 marcada para \u00e0s 19h (de Bras\u00edlia), em S\u00e3o Janu\u00e1rio.<\/p>\n<p><strong>VERGONHA (MAIS DE 4 ANOS!):<\/strong><\/p>\n<p>DEPOIS DE AGUARDAR <strong> 59 MESES, OU SEJA, 4 ANOS E 11 MESES! (CARRO DESDE 10 DE JUNHO DE 2013)<\/strong> COM O CARRO PRESO NA OFICINA DA ABOLI\u00c7\u00c3O VE\u00cdCULOS COM APENAS 729 KM RODADOS, EM UM PROCESSO COM 8 VOLUMES, NA 1\u00aa VARA CIVEL, DA COMARCA DE NITER\u00d3I\/RJ, REGIONAL OCE\u00c2NICA, A SENTEN\u00c7A FOI INDEFERIR TODOS OS MEUS PEDIDOS E AINDA CONDENAR EM 10% DE CUSTAS JUDICIAIS. OU SEJA, FIQUEI SEM CARRO ESSE TEMPO TODO (MESMO PAGANDO \u00c0 VISTA POR ELE), JUNTEI PROVAS COMO REGISTRO DE OCORR\u00caNCIA DA POL\u00cdCIA CIVIL\/RJ, BOLETIM DE OCORR\u00caNCIA DA POLICIA MILITAR\/RJ, ORDENS DE SERVI\u00c7O, MAIS DE 600 FOTOGRAFIAS, MAIS DE 40 \u00c1UDIOS, NOTAS FISCAIS, NOTAS DE T\u00c1XI, PRONTU\u00c1RIOS M\u00c9DICOS, POIS NESTE PER\u00cdODO TIVE PROBLEMAS DE SA\u00daDE, BEM COMO MEUS FAMILIARES, TENDO UMA FILHA QUE HOJE TEM APENAS 5 ANOS, NA \u00c9POCA POUCO MAIS DE 1 ANINHO. VALE LEMBRAR, QUE OS PRIMEIROS DEFEITOS SE DERAM QUANDO O CARRO TINHA MENOS DE 30 KM RODADOS. TUDO ISSO PARA NADA. QUEM GOSTOU DO RESULTADO DA DOUTA MAGRISTRADA FORAM AS EMPRESAS R\u00c9S \u2013 QUE ME LESARAM \u2013 ABOLI\u00c7\u00c3O VE\u00cdCULOS E VW DO BRASIL <strong>(PROCESSO: No 0016370-44.2013.8.19.0212).<\/strong><\/p>\n<p><strong>AP\u00d3S AS TODAS AS PARTIDAS DO VASC\u00c3O EM MEU PERFIL DO FACEBOOK (QUEM QUISER RECEBER AS CR\u00d4NICAS DE PRIMEIRA M\u00c3O \u00c9 S\u00d3 ME ADICIONAR), E NO SITE WEBVASCO (www.webvasco.com), TEM A OPINI\u00c3O DO JORNALISTA LUIZ CARLOS ROCHA. LEIAM! COMPARTILHEM E CURTAM! VASCA\u00cdNOS UNIDOS JAMAIS SER\u00c3O VENCIDOS.<\/strong><\/p>\n","protected":false},"excerpt":{"rendered":"<p>Assim pensou a Imensa Torcida Bem Feliz: \u201cQuem n\u00e3o tem CU (coragem e uni\u00e3o) n\u00e3o&#8230;<\/p>\n","protected":false},"author":7,"featured_media":0,"comment_status":"open","ping_status":"closed","sticky":false,"template":"","format":"standard","meta":{"footnotes":""},"categories":[4],"tags":[],"class_list":["post-8565","post","type-post","status-publish","format-standard","hentry","category-luizcarlosrocha"],"_links":{"self":[{"href":"https:\/\/webvasco.com\/artigos\/wp-json\/wp\/v2\/posts\/8565","targetHints":{"allow":["GET"]}}],"collection":[{"href":"https:\/\/webvasco.com\/artigos\/wp-json\/wp\/v2\/posts"}],"about":[{"href":"https:\/\/webvasco.com\/artigos\/wp-json\/wp\/v2\/types\/post"}],"author":[{"embeddable":true,"href":"https:\/\/webvasco.com\/artigos\/wp-json\/wp\/v2\/users\/7"}],"replies":[{"embeddable":true,"href":"https:\/\/webvasco.com\/artigos\/wp-json\/wp\/v2\/comments?post=8565"}],"version-history":[{"count":0,"href":"https:\/\/webvasco.com\/artigos\/wp-json\/wp\/v2\/posts\/8565\/revisions"}],"wp:attachment":[{"href":"https:\/\/webvasco.com\/artigos\/wp-json\/wp\/v2\/media?parent=8565"}],"wp:term":[{"taxonomy":"category","embeddable":true,"href":"https:\/\/webvasco.com\/artigos\/wp-json\/wp\/v2\/categories?post=8565"},{"taxonomy":"post_tag","embeddable":true,"href":"https:\/\/webvasco.com\/artigos\/wp-json\/wp\/v2\/tags?post=8565"}],"curies":[{"name":"wp","href":"https:\/\/api.w.org\/{rel}","templated":true}]}}