{"id":8566,"date":"2018-06-03T00:27:17","date_gmt":"2018-06-03T03:27:17","guid":{"rendered":"http:\/\/webvasco.com\/artigos\/colunistas\/luizcarlosrocha\/acabou-a-piada\/"},"modified":"2018-06-03T00:27:17","modified_gmt":"2018-06-03T03:27:17","slug":"acabou-a-piada","status":"publish","type":"post","link":"https:\/\/webvasco.com\/artigos\/colunistas\/luizcarlosrocha\/acabou-a-piada\/","title":{"rendered":"ACABOU A PIADA!"},"content":{"rendered":"<p>Foi longe demais! Em toda anedota Jo\u00e3ozinho e Zezinho s\u00e3o os principais personagens para fazer pessoas gargalharem. No Vasco da Gama n\u00e3o foi diferente. O treinador Z\u00e9 Ruela fez a alegria dos advers\u00e1rios. O de hoje, venceu por 2 a 1, com gols de Kieza e Igor Rabello, com Andrey descontando para o time da casa. Com o resultado o Cruzmaltino caiu de 11\u00ba colocado para 12\u00ba na tabela de classifica\u00e7\u00e3o do Campeonato Brasileiro, estagnou nos 11 pontos ganhos.<\/p>\n<p>Um fato relevante, \u00e9 que o Alvinegro n\u00e3o vencia na competi\u00e7\u00e3o h\u00e1 quatro rodadas, e foi justamente hoje, na 9\u00aa Rodada que achou o futebol que havia perdido. Mais uma vez Zezinho contribuiu para a euforia do oponente. O Vasco virou mesmo saco de pancadas! Uma verdadeira l\u00e1stima!<\/p>\n<p>De fato que o clube n\u00e3o tem um plantel a altura de suas tradi\u00e7\u00f5es. Outrora temido pelos contendedores, bem como admirado pelos seguidores. Hoje, apenas combalido e fadado ao apequenamento em largos passos. Independente da m\u00e1 atua\u00e7\u00e3o da equipe vasca\u00edna, aconteceu um p\u00eanalti clar\u00edssimo em cima de Giovanni Augusto mas a arbitragem ignorou, e sequer foi questionado pelos cartolas em pleno S\u00e3o Janu\u00e1rio. Antigamente erros cabais assim eram considerados afrontas.<\/p>\n<p>E agora? Crise pol\u00edtica vivida nos \u00faltimos 18 anos. Corrup\u00e7\u00e3o. Deslealdade. Trai\u00e7\u00f5es. Atletas de baixo n\u00edvel (refugos) sendo contratados por influ\u00eancia de empres\u00e1rios, craques da base sendo precocemente vendidos. Fornecedor de material esportivo de quinta categoria, a sombra da S\u00e9rie B sempre rondando, conta de \u00e1gua cortada, a\u00e7\u00f5es na justi\u00e7a depenando o departamento financeiro&#8230; Tudo em prol do fechamento das portas!<\/p>\n<p>Uma \u00fanica sa\u00edda para que o Vasco volte a ser o Gigante da Colina \u00e9 entrar definitivamente no S\u00e9culo XXI. Encarar a realidade do futebol moderno. Sem espa\u00e7os para os erros. Enquanto isso n\u00e3o acontece o interino Valdir Bigode (o t\u00e9cnico pediu demiss\u00e3o) deve dirigir o time, quarta-feira, no Mineir\u00e3o, \u00e0s 21h45m, contra o Cruzeiro. O pior \u00e9 saber que al\u00e9m de Zezinho e Jo\u00e3ozinho, os palha\u00e7os (muitas vezes s\u00e3o 11) tamb\u00e9m s\u00e3o motivos de gargalhadas. Portanto (leia-se a inicial de cada par\u00e1grafo) &#8230;<\/p>\n<p><strong>VERGONHA (MAIS DE 4 ANOS!):<\/strong><\/p>\n<p>DEPOIS DE AGUARDAR <strong> 59 MESES, OU SEJA, 4 ANOS E 11 MESES! (CARRO DESDE 10 DE JUNHO DE 2013)<\/strong> COM O CARRO PRESO NA OFICINA DA ABOLI\u00c7\u00c3O VE\u00cdCULOS COM APENAS 729 KM RODADOS, EM UM PROCESSO COM 8 VOLUMES, NA 1\u00aa VARA CIVEL, DA COMARCA DE NITER\u00d3I\/RJ, REGIONAL OCE\u00c2NICA, A SENTEN\u00c7A FOI INDEFERIR TODOS OS MEUS PEDIDOS E AINDA CONDENAR EM 10% DE CUSTAS JUDICIAIS. OU SEJA, FIQUEI SEM CARRO ESSE TEMPO TODO (MESMO PAGANDO \u00c0 VISTA POR ELE), JUNTEI PROVAS COMO REGISTRO DE OCORR\u00caNCIA DA POL\u00cdCIA CIVIL\/RJ, BOLETIM DE OCORR\u00caNCIA DA POLICIA MILITAR\/RJ, ORDENS DE SERVI\u00c7O, MAIS DE 600 FOTOGRAFIAS, MAIS DE 40 \u00c1UDIOS, NOTAS FISCAIS, NOTAS DE T\u00c1XI, PRONTU\u00c1RIOS M\u00c9DICOS, POIS NESTE PER\u00cdODO TIVE PROBLEMAS DE SA\u00daDE, BEM COMO MEUS FAMILIARES, TENDO UMA FILHA QUE HOJE TEM APENAS 5 ANOS, NA \u00c9POCA POUCO MAIS DE 1 ANINHO. VALE LEMBRAR, QUE OS PRIMEIROS DEFEITOS SE DERAM QUANDO O CARRO TINHA MENOS DE 30 KM RODADOS. TUDO ISSO PARA NADA. QUEM GOSTOU DO RESULTADO DA DOUTA MAGRISTRADA FORAM AS EMPRESAS R\u00c9S \u2013 QUE ME LESARAM \u2013 ABOLI\u00c7\u00c3O VE\u00cdCULOS E VW DO BRASIL <strong>(PROCESSO: No 0016370-44.2013.8.19.0212).<\/strong><\/p>\n<p><strong>AP\u00d3S AS TODAS AS PARTIDAS DO VASC\u00c3O EM MEU PERFIL DO FACEBOOK (QUEM QUISER RECEBER AS CR\u00d4NICAS DE PRIMEIRA M\u00c3O \u00c9 S\u00d3 ME ADICIONAR), E NO SITE WEBVASCO (www.webvasco.com), TEM A OPINI\u00c3O DO JORNALISTA LUIZ CARLOS ROCHA. LEIAM! COMPARTILHEM E CURTAM! VASCA\u00cdNOS UNIDOS JAMAIS SER\u00c3O VENCIDOS.<\/strong><\/p>\n","protected":false},"excerpt":{"rendered":"<p>Foi longe demais! Em toda anedota Jo\u00e3ozinho e Zezinho s\u00e3o os principais personagens para fazer&#8230;<\/p>\n","protected":false},"author":7,"featured_media":0,"comment_status":"open","ping_status":"closed","sticky":false,"template":"","format":"standard","meta":{"footnotes":""},"categories":[4],"tags":[],"class_list":["post-8566","post","type-post","status-publish","format-standard","hentry","category-luizcarlosrocha"],"_links":{"self":[{"href":"https:\/\/webvasco.com\/artigos\/wp-json\/wp\/v2\/posts\/8566","targetHints":{"allow":["GET"]}}],"collection":[{"href":"https:\/\/webvasco.com\/artigos\/wp-json\/wp\/v2\/posts"}],"about":[{"href":"https:\/\/webvasco.com\/artigos\/wp-json\/wp\/v2\/types\/post"}],"author":[{"embeddable":true,"href":"https:\/\/webvasco.com\/artigos\/wp-json\/wp\/v2\/users\/7"}],"replies":[{"embeddable":true,"href":"https:\/\/webvasco.com\/artigos\/wp-json\/wp\/v2\/comments?post=8566"}],"version-history":[{"count":0,"href":"https:\/\/webvasco.com\/artigos\/wp-json\/wp\/v2\/posts\/8566\/revisions"}],"wp:attachment":[{"href":"https:\/\/webvasco.com\/artigos\/wp-json\/wp\/v2\/media?parent=8566"}],"wp:term":[{"taxonomy":"category","embeddable":true,"href":"https:\/\/webvasco.com\/artigos\/wp-json\/wp\/v2\/categories?post=8566"},{"taxonomy":"post_tag","embeddable":true,"href":"https:\/\/webvasco.com\/artigos\/wp-json\/wp\/v2\/tags?post=8566"}],"curies":[{"name":"wp","href":"https:\/\/api.w.org\/{rel}","templated":true}]}}