{"id":8567,"date":"2018-06-29T00:16:30","date_gmt":"2018-06-29T03:16:30","guid":{"rendered":"http:\/\/webvasco.com\/artigos\/?p=8567"},"modified":"2018-08-22T12:28:35","modified_gmt":"2018-08-22T15:28:35","slug":"elas-o-professor-silvana-simplicio-machado-peixoto","status":"publish","type":"post","link":"https:\/\/webvasco.com\/artigos\/temas\/elas-e-o-professor\/elas-o-professor-silvana-simplicio-machado-peixoto\/","title":{"rendered":"ELAS &amp; O PROFESSOR &#8211; SILVANA SIMPL\u00cdCIO MACHADO PEIXOTO"},"content":{"rendered":"<p>&nbsp;<\/p>\n<p>A entrevista de junho de 2018, com Silvana Simpl\u00edcia Machado Peixoto \u00e9 dedicada \u00e0 minha filha, <strong>\u00darsulla Rocha<\/strong>, a mais vasca\u00edna de todas as crian\u00e7as.<\/p>\n<p><strong>SILVANA SIMPL\u00cdCIA MACHADO PEIXOTO, <\/strong>operadora de caixa h\u00e1 nove anos do Rei do Mate<strong>,<\/strong> casada, 36 anos, libriana, mam\u00e3e de dois meninos, vidrada em pagode, chopp e caipirinha. Como boa moradora de Duque de Caxias\/RJ \u00e9 amante da Escola de Samba Grande Rio. Pretende fazer faculdade de administra\u00e7\u00e3o de empresas, pois sonha em ser gerente em seu trabalho.<\/p>\n<p><strong> Philippe Coutinho \u00e9 o destaque da Sele\u00e7\u00e3o Brasileira?<\/strong><\/p>\n<p>Sim, ele \u00e9 o melhor jogador.<\/p>\n<p><strong>Essa parada no Campeonato Brasileiro para acompanharmos a Copa do Mundo servir\u00e1 para o Vasco da Gama voltar mais forte taticamente?<\/strong><\/p>\n<p>Sim, com mais garra para vencer as batalhas que vir\u00e3o.<\/p>\n<p><strong>Voc\u00ea sabia que o Vasco da Gama \u00e9 um dos poucos clubes no pa\u00eds a ter uma escola? <\/strong><\/p>\n<p>Sabia. Isso \u00e9 bom, porque dar\u00e1 oportunidades para as crian\u00e7as crescerem profissionalmente.<\/p>\n<p><strong>Qual o atleta do Cruzmaltino, de todos os tempos, representou melhor o clube vestindo a Amarelinha?<\/strong><\/p>\n<p>O Philippe Coutinho, que na minha opini\u00e3o ainda tem muito mais para mostrar.<\/p>\n<p><strong> Defina o Gigante da Colina em uma s\u00f3 palavra.<\/strong><\/p>\n<p>Amor.<\/p>\n<p><strong>O time foi bem na Copa Libertadores da Am\u00e9rica?<\/strong><\/p>\n<p>Mesmo sendo eliminado, acho que foi. Ganhando ou perdendo serei sempre Vasco, completou.<\/p>\n<p><strong> Quando Philippe Coutinho Correia faz gol pela Sele\u00e7\u00e3o Brasileira voc\u00ea grita Vasco?<\/strong><\/p>\n<p>Com certeza. Ele \u00e9 o Vasco.<\/p>\n<p><strong> O Vasco da Gama vende o passe de seus jogadores muito cedo?<\/strong><\/p>\n<p>Vende. \u00c9 preciso esperar amadurecer mais no clube. N\u00e3o s\u00f3 pela quest\u00e3o financeira, mas tamb\u00e9m pela maturidade profissional.<\/p>\n<p><strong> Voc\u00ea aprecia a camisa azul (terceiro uniforme)?<\/strong><\/p>\n<p>Gosto muito. Mas tamb\u00e9m curto a branca e a preta.<\/p>\n<p><strong> Se pudesse optar Brasil campe\u00e3o da Copa do Mundo de 2018 ou Vasco da Gama campe\u00e3o do Campeonato Brasileiro este ano, o que escolheria?<\/strong><\/p>\n<p>Vasco, l\u00f3gico.<\/p>\n<p><strong> O time est\u00e1 carente de um \u00eddolo?<\/strong><\/p>\n<p>Sim. Precisamos de algu\u00e9m renomado e, principalmente motivado.<\/p>\n<p><strong> Voc\u00ea \u00e9 uma torcedora fervorosa?<\/strong><\/p>\n<p>Sou. Eu grito, xingo, puxo os cabelos do meu filho Matheus, de 15 anos assistindo as partidas (sorriu).<\/p>\n<p><strong>FOTOGRAFIAS: LUIZ CARLOS ROCHA.<\/strong><\/p>\n<p><a href=\"https:\/\/webvasco.com\/artigos\/wp-content\/uploads\/2018\/06\/IMG_20180628_214151817.jpg\"><img loading=\"lazy\" decoding=\"async\" class=\"alignleft size-medium wp-image-8569\" src=\"https:\/\/webvasco.com\/artigos\/wp-content\/uploads\/2018\/06\/IMG_20180628_214151817-171x300.jpg\" alt=\"\" width=\"171\" height=\"300\" srcset=\"https:\/\/webvasco.com\/artigos\/wp-content\/uploads\/2018\/06\/IMG_20180628_214151817-171x300.jpg 171w, https:\/\/webvasco.com\/artigos\/wp-content\/uploads\/2018\/06\/IMG_20180628_214151817-86x150.jpg 86w, https:\/\/webvasco.com\/artigos\/wp-content\/uploads\/2018\/06\/IMG_20180628_214151817-768x1345.jpg 768w, https:\/\/webvasco.com\/artigos\/wp-content\/uploads\/2018\/06\/IMG_20180628_214151817-585x1024.jpg 585w\" sizes=\"auto, (max-width: 171px) 100vw, 171px\" \/><\/a> <a href=\"https:\/\/webvasco.com\/artigos\/wp-content\/uploads\/2018\/06\/IMG_20180628_214300402.jpg\"><img loading=\"lazy\" decoding=\"async\" class=\"alignleft size-medium wp-image-8570\" src=\"https:\/\/webvasco.com\/artigos\/wp-content\/uploads\/2018\/06\/IMG_20180628_214300402-300x206.jpg\" alt=\"\" width=\"300\" height=\"206\" srcset=\"https:\/\/webvasco.com\/artigos\/wp-content\/uploads\/2018\/06\/IMG_20180628_214300402-300x206.jpg 300w, https:\/\/webvasco.com\/artigos\/wp-content\/uploads\/2018\/06\/IMG_20180628_214300402-150x103.jpg 150w, https:\/\/webvasco.com\/artigos\/wp-content\/uploads\/2018\/06\/IMG_20180628_214300402-768x527.jpg 768w, https:\/\/webvasco.com\/artigos\/wp-content\/uploads\/2018\/06\/IMG_20180628_214300402-1024x703.jpg 1024w\" sizes=\"auto, (max-width: 300px) 100vw, 300px\" \/><\/a> <a href=\"https:\/\/webvasco.com\/artigos\/wp-content\/uploads\/2018\/06\/IMG_20180628_214132526.jpg\"><img loading=\"lazy\" decoding=\"async\" class=\"alignleft size-medium wp-image-8568\" src=\"https:\/\/webvasco.com\/artigos\/wp-content\/uploads\/2018\/06\/IMG_20180628_214132526-203x300.jpg\" alt=\"\" width=\"203\" height=\"300\" srcset=\"https:\/\/webvasco.com\/artigos\/wp-content\/uploads\/2018\/06\/IMG_20180628_214132526-203x300.jpg 203w, https:\/\/webvasco.com\/artigos\/wp-content\/uploads\/2018\/06\/IMG_20180628_214132526-101x150.jpg 101w, https:\/\/webvasco.com\/artigos\/wp-content\/uploads\/2018\/06\/IMG_20180628_214132526-768x1137.jpg 768w, https:\/\/webvasco.com\/artigos\/wp-content\/uploads\/2018\/06\/IMG_20180628_214132526-691x1024.jpg 691w\" sizes=\"auto, (max-width: 203px) 100vw, 203px\" \/><\/a><\/p>\n<p>&nbsp;<\/p>\n","protected":false},"excerpt":{"rendered":"<p>&nbsp; A entrevista de junho de 2018, com Silvana Simpl\u00edcia Machado Peixoto \u00e9 dedicada \u00e0&#8230;<\/p>\n","protected":false},"author":7,"featured_media":8574,"comment_status":"open","ping_status":"closed","sticky":false,"template":"","format":"standard","meta":{"footnotes":""},"categories":[27],"tags":[],"class_list":["post-8567","post","type-post","status-publish","format-standard","has-post-thumbnail","hentry","category-elas-e-o-professor"],"_links":{"self":[{"href":"https:\/\/webvasco.com\/artigos\/wp-json\/wp\/v2\/posts\/8567","targetHints":{"allow":["GET"]}}],"collection":[{"href":"https:\/\/webvasco.com\/artigos\/wp-json\/wp\/v2\/posts"}],"about":[{"href":"https:\/\/webvasco.com\/artigos\/wp-json\/wp\/v2\/types\/post"}],"author":[{"embeddable":true,"href":"https:\/\/webvasco.com\/artigos\/wp-json\/wp\/v2\/users\/7"}],"replies":[{"embeddable":true,"href":"https:\/\/webvasco.com\/artigos\/wp-json\/wp\/v2\/comments?post=8567"}],"version-history":[{"count":5,"href":"https:\/\/webvasco.com\/artigos\/wp-json\/wp\/v2\/posts\/8567\/revisions"}],"predecessor-version":[{"id":8597,"href":"https:\/\/webvasco.com\/artigos\/wp-json\/wp\/v2\/posts\/8567\/revisions\/8597"}],"wp:featuredmedia":[{"embeddable":true,"href":"https:\/\/webvasco.com\/artigos\/wp-json\/wp\/v2\/media\/8574"}],"wp:attachment":[{"href":"https:\/\/webvasco.com\/artigos\/wp-json\/wp\/v2\/media?parent=8567"}],"wp:term":[{"taxonomy":"category","embeddable":true,"href":"https:\/\/webvasco.com\/artigos\/wp-json\/wp\/v2\/categories?post=8567"},{"taxonomy":"post_tag","embeddable":true,"href":"https:\/\/webvasco.com\/artigos\/wp-json\/wp\/v2\/tags?post=8567"}],"curies":[{"name":"wp","href":"https:\/\/api.w.org\/{rel}","templated":true}]}}