{"id":857,"date":"2014-06-09T13:48:21","date_gmt":"2014-06-09T16:48:21","guid":{"rendered":"http:\/\/webvasco.com\/artigos\/?p=857"},"modified":"2014-06-09T16:28:58","modified_gmt":"2014-06-09T19:28:58","slug":"grupo-voluntrio-luta-por-revitalizao-do-entorno-de-so-janurio","status":"publish","type":"post","link":"https:\/\/webvasco.com\/artigos\/colunistas\/marcus-simonini\/grupo-voluntrio-luta-por-revitalizao-do-entorno-de-so-janurio\/","title":{"rendered":"Grupo volunt&aacute;rio luta por revitaliza&ccedil;&atilde;o do entorno de S&atilde;o Janu&aacute;rio"},"content":{"rendered":"<div>\n<div dir=\"ltr\">\n<div class=\"hd\">\n<p class=\"article-title\"><span style=\"font-size: medium;\">Confira mat\u00e9ria publicada no Jornal O LANCE! e, em sua vers\u00e3o na internet, sobre o trabalho volunt\u00e1rio para a revitaliza\u00e7\u00e3o do entorno de S\u00e3o Janu\u00e1rio, com o objetivo de viabilizar a reforma\/constru\u00e7\u00e3o da Arena S\u00e3o Janu\u00e1rio. Um trabalho do qual s\u00e3o os volunt\u00e1rios: Marcelo Paiva, Engenheiro e idealizador do Projeto, S\u00f3cio Remido do CRVG, e Colunista do WEBVASCO, Andre Pedro, S\u00f3cio Remido e Editor Chefe do WEBVASCO,\u00a0Marcus Simonini Ferreira, S\u00f3cio do CRG e Editor do Blog Incondicionalmente Vasco, e Raimundo Almeida, Engenheiro e S\u00f3cio do CRVG. <\/span><\/p>\n<p><span style=\"font-size: medium;\">O Movimento Volunt\u00e1rio em prol da Revitaliza\u00e7\u00e3o do Entorno de S\u00e3o Janu\u00e1rio coletou mais de 10300 assinaturas de Vasca\u00ednos, s\u00f3cios e torcedores, que querem ver acontecer essas importantes obras, as quais s\u00e3o fundamentais para o futuro do CRVG!<\/span><\/p>\n<p class=\"article-title\">\n<h3 class=\"article-title\">Vasca\u00ednos t\u00eam projeto para melhorar os arredores do est\u00e1dio e projeto j\u00e1 foi apresentado \u00e0 diretoria cruz-maltina e a representantes do Poder P\u00fablico<\/h3>\n<p class=\"news-social\">\u00a0\u00a0\u00a0\u00a0\u00a0\u00a0\u00a0\u00a0\u00a0\u00a0<!-- Inclua esta tag onde desejar que o bot\u00e3o +1 seja exibido --><\/p>\n<\/div>\n<div class=\"bd\">\n<div class=\"mt news-body\">\n<p class=\"date\"><span class=\"sat\">Por Alexandre Ara\u00fajo <\/span> &#8211; <span><span>09\/06\/2014 &#8211; <em>08:00<\/em><\/span> <\/span> <span>Rio de Janeiro (RJ)<\/span><\/p>\n<p class=\"date\">\n<p class=\"date\">\n<div class=\"imagem-nota right\"><span class=\"holder\" style=\"width: 302px; display: block;\"><a title=\"S\u00e3o Janu\u00e1rio \u00e9 motivo de orgulhos para os vasca\u00ednos (Foto: Matheus Alves\/CR Vasco)\" href=\"http:\/\/www.lancenet.com.br\/fotos\/Gramado-Januario-FIFA-Matheus-AlvesCR_LANIMA20140607_0020_25.jpg#650x433\" rel=\"lightbox\"><img loading=\"lazy\" decoding=\"async\" class=\"kalooga_11276\" style=\"cursor: pointer;\" alt=\"Gramado de S\u00e3o Janu\u00e1rio est\u00e1 sendo tratado para ficar no &quot;Padr\u00e3o FIFA&quot; (Foto: Matheus Alves\/CR Vasco)\" src=\"http:\/\/www.lancenet.com.br\/fotos\/Gramado-Januario-FIFA-Matheus-AlvesCR_LANIMA20140607_0020_24.jpg\" width=\"302\" height=\"226\" \/> <\/a> <br style=\"clear: both;\" \/><label>S\u00e3o Janu\u00e1rio \u00e9 motivo de orgulhos para os vasca\u00ednos (Foto: Matheus Alves\/CR Vasco)<\/label> <\/span><\/div>\n<p>A sensa\u00e7\u00e3o \u00e9 de que algo parecido j\u00e1 foi visto. Como se fosse um roteiro adaptado no cinema, S\u00e3o Janu\u00e1rio pode ser, novamente, cen\u00e1rio de uma nova hist\u00f3ria, mas como os mesmos personagens: os apaixonados torcedores.<\/p>\n<p>Assim como h\u00e1 87 anos, quando vasca\u00ednos se reuniram para arrecadar dinheiro e construir a casa cruz-maltina, um grupo de torcedores, de forma volunt\u00e1ria, vem conversando e batalhando nos bastidores para que o entorno da Colina receba alguns ajustes, visando \u00e0 melhoria no acesso dos cruz-maltinos e ganhos futuros para o clube.<\/p>\n<p>A movimenta\u00e7\u00e3o vai desde estudos preliminares de viabiliza\u00e7\u00e3o do projeto de revitaliza\u00e7\u00e3o, feito por um engenheiro membro do grupo, at\u00e9 a marca\u00e7\u00e3o de reuni\u00f5es com pe\u00e7as da diretoria vasca\u00edna \u2013 como aconteceu, em mais de uma oportunidade, no ano passado, com o diretor geral Cristiano Koehler. Houve encontros e contatos tamb\u00e9m com representantes do poder p\u00fablico.<\/p>\n<p>Ab\u00edlio Borges, presidente do Conselho Deliberativo do Cruz-Maltino, engenheiro civil e ex-presidente do CREA-RJ, \u00e9 uma das pessoas que v\u00eam prestando aux\u00edlio ao grupo neste ambicioso projeto.<\/p>\n<p>Aliado \u00e0 algumas ideias paralelas da prefeitura, os vasca\u00ednos t\u00eam a inten\u00e7\u00e3o tamb\u00e9m de criar uma integra\u00e7\u00e3o entre transportes p\u00fablicos, que facilitem a chegada ao est\u00e1dio.<\/p>\n<p>O projeto aborda, entre outros pontos, a revitaliza\u00e7\u00e3o da Barreira do Vasco, comunidade que fica nos arredores de S\u00e3o Janu\u00e1rio e foi pacificada no ano passado.<\/p>\n<p>Uma das m\u00fasicas cantadas pela torcida vasca\u00edna na arquibancada tem o seguinte trecho: \u201cte enfrentei, venci, fiz S\u00e3o Janu\u00e1rio\u201d. Que este orgulho que o cruz-maltino sente da hist\u00f3ria do clube e do est\u00e1dio possa ser revivido. Mais uma vez, gra\u00e7as \u00e0s m\u00e3os da torcida, o Caldeir\u00e3o pode ficar ainda melhor.<\/p>\n<p><strong>Abaixo-assinado entregue ao prefeito<\/strong><br \/>\n<strong><\/strong><br \/>\nA partir do momento que o projeto foi idealizado, em 2011, o grupo tem conquistado adeptos. Em outubro de 2012, um abaixo-assinado eletr\u00f4nico, com mais de 10 mil ades\u00f5es, reivindicando a revitaliza\u00e7\u00e3o do entorno de S\u00e3o Janu\u00e1rio, foi entregue ao prefeito Eduardo Paes.<\/p>\n<p>At\u00e9 hoje, o grupo n\u00e3o recebeu uma reposta oficial sobre o abaixo-assinado e o projeto.<\/p>\n<p>Em novembro de 2012, em entrevista ao LANCE!Net , Paes afirmou que os arredores da Colina seriam alvo de uma interven\u00e7\u00e3o urban\u00edstica.<\/p>\n<p>\u2013 Independentemente de ser ou n\u00e3o sede do r\u00fagbi, a prefeitura tem planos para o entorno de S\u00e3o Janu\u00e1rio. N\u00f3s temos o projeto Morar Carioca, que leva em considera\u00e7\u00e3o a Barreira do Vasco (comunidade vizinha ao est\u00e1dio) e todas as outras. Portanto, n\u00f3s j\u00e1 estamos pensando em toda aquela \u00e1rea \u2013 prometeu \u00e0 \u00e9poca Paes.<\/p>\n<p>Vale lembrar que o COB (Comit\u00ea Ol\u00edmpico Brasileiro) reprovou S\u00e3o Janu\u00e1rio como sede do rugby na Olimp\u00edada 2016, alegando que encargos n\u00e3o foram atendidos.<\/p>\n<p><strong>Palmeiras tido como exemplo<\/strong><br \/>\n<strong><\/strong><br \/>\nO recente projeto de revitaliza\u00e7\u00e3o da Palestra It\u00e1lia, que virou Arena Palmeiras, \u00e9 tido pelo grupo como um bom exemplo. Uma das bases para tal opini\u00e3o s\u00e3o as in\u00fameras semelhan\u00e7as entre os est\u00e1dios e os espa\u00e7os ocupados pelos mesmos (antes da constru\u00e7\u00e3o da arena multiuso).<\/p>\n<p>Membros do grupo lembram ainda que, com exce\u00e7\u00e3o de tr\u00eas im\u00f3veis, o Vasco \u00e9 dono de quase um quarteir\u00e3o em S\u00e3o Cristov\u00e3o e poderia levar \u00e0 frente obras que trouxessem ganhos financeiros, como um shopping, como h\u00e1 em outros est\u00e1dios do Brasil.<\/p>\n<p>O v\u00eddeo usado pelo Palmeiras para mostrar como ficar\u00e1 a nova Arena tamb\u00e9m foi divulgado por membros do grupo com a inten\u00e7\u00e3o de mostrar a possibilidade do projeto.<\/p>\n<\/div>\n<\/div>\n<p>&nbsp;<\/p>\n<p>Leia mais no LANCENET! <a href=\"http:\/\/www.lancenet.com.br\/vasco\/luta-voluntariamente-revitalizacao-entorno-Januario_0_1153084805.html#ixzz34A2DeNGX\">http:\/\/www.lancenet.com.br\/vasco\/luta-voluntariamente-revitalizacao-entorno-Januario_0_1153084805.html#ixzz34A2DeNGX<\/a><br \/>\n\u00a9 1997-2014 Todos os direitos reservados a Aret\u00e9 Editorial S.A Di\u00e1rio LANCE!<\/p>\n<\/div>\n<\/div>\n","protected":false},"excerpt":{"rendered":"<p>Confira mat\u00e9ria publicada no Jornal O LANCE! e, em sua vers\u00e3o na internet, sobre o&#8230;<\/p>\n","protected":false},"author":8,"featured_media":858,"comment_status":"open","ping_status":"closed","sticky":false,"template":"","format":"standard","meta":{"footnotes":""},"categories":[6],"tags":[],"class_list":["post-857","post","type-post","status-publish","format-standard","has-post-thumbnail","hentry","category-marcus-simonini"],"_links":{"self":[{"href":"https:\/\/webvasco.com\/artigos\/wp-json\/wp\/v2\/posts\/857","targetHints":{"allow":["GET"]}}],"collection":[{"href":"https:\/\/webvasco.com\/artigos\/wp-json\/wp\/v2\/posts"}],"about":[{"href":"https:\/\/webvasco.com\/artigos\/wp-json\/wp\/v2\/types\/post"}],"author":[{"embeddable":true,"href":"https:\/\/webvasco.com\/artigos\/wp-json\/wp\/v2\/users\/8"}],"replies":[{"embeddable":true,"href":"https:\/\/webvasco.com\/artigos\/wp-json\/wp\/v2\/comments?post=857"}],"version-history":[{"count":2,"href":"https:\/\/webvasco.com\/artigos\/wp-json\/wp\/v2\/posts\/857\/revisions"}],"predecessor-version":[{"id":861,"href":"https:\/\/webvasco.com\/artigos\/wp-json\/wp\/v2\/posts\/857\/revisions\/861"}],"wp:featuredmedia":[{"embeddable":true,"href":"https:\/\/webvasco.com\/artigos\/wp-json\/wp\/v2\/media\/858"}],"wp:attachment":[{"href":"https:\/\/webvasco.com\/artigos\/wp-json\/wp\/v2\/media?parent=857"}],"wp:term":[{"taxonomy":"category","embeddable":true,"href":"https:\/\/webvasco.com\/artigos\/wp-json\/wp\/v2\/categories?post=857"},{"taxonomy":"post_tag","embeddable":true,"href":"https:\/\/webvasco.com\/artigos\/wp-json\/wp\/v2\/tags?post=857"}],"curies":[{"name":"wp","href":"https:\/\/api.w.org\/{rel}","templated":true}]}}