{"id":8577,"date":"2018-07-20T21:27:17","date_gmt":"2018-07-21T00:27:17","guid":{"rendered":"http:\/\/webvasco.com\/artigos\/?p=8577"},"modified":"2018-07-20T21:27:47","modified_gmt":"2018-07-21T00:27:47","slug":"grupo-voluntario-pela-revitalizacao-do-entorno-de-sj-teve-importante-reuniao-com-o-crvg","status":"publish","type":"post","link":"https:\/\/webvasco.com\/artigos\/colunistas\/marcelopaiva\/grupo-voluntario-pela-revitalizacao-do-entorno-de-sj-teve-importante-reuniao-com-o-crvg\/","title":{"rendered":"Grupo Volunt\u00e1rio Pela Revitaliza\u00e7\u00e3o do Entorno de SJ Teve Importante Reuni\u00e3o com o CRVG"},"content":{"rendered":"<p>&nbsp;<\/p>\n<p><a href=\"https:\/\/webvasco.com\/artigos\/wp-content\/uploads\/2018\/07\/WhatsApp-Image-2018-07-20-at-20.33.58.jpeg\"><img loading=\"lazy\" decoding=\"async\" class=\"alignright size-medium wp-image-8579\" src=\"https:\/\/webvasco.com\/artigos\/wp-content\/uploads\/2018\/07\/WhatsApp-Image-2018-07-20-at-20.33.58-300x168.jpeg\" alt=\"\" width=\"300\" height=\"168\" srcset=\"https:\/\/webvasco.com\/artigos\/wp-content\/uploads\/2018\/07\/WhatsApp-Image-2018-07-20-at-20.33.58-300x168.jpeg 300w, https:\/\/webvasco.com\/artigos\/wp-content\/uploads\/2018\/07\/WhatsApp-Image-2018-07-20-at-20.33.58-150x84.jpeg 150w, https:\/\/webvasco.com\/artigos\/wp-content\/uploads\/2018\/07\/WhatsApp-Image-2018-07-20-at-20.33.58-768x431.jpeg 768w, https:\/\/webvasco.com\/artigos\/wp-content\/uploads\/2018\/07\/WhatsApp-Image-2018-07-20-at-20.33.58-1024x575.jpeg 1024w, https:\/\/webvasco.com\/artigos\/wp-content\/uploads\/2018\/07\/WhatsApp-Image-2018-07-20-at-20.33.58-777x437.jpeg 777w, https:\/\/webvasco.com\/artigos\/wp-content\/uploads\/2018\/07\/WhatsApp-Image-2018-07-20-at-20.33.58-260x146.jpeg 260w, https:\/\/webvasco.com\/artigos\/wp-content\/uploads\/2018\/07\/WhatsApp-Image-2018-07-20-at-20.33.58-120x67.jpeg 120w, https:\/\/webvasco.com\/artigos\/wp-content\/uploads\/2018\/07\/WhatsApp-Image-2018-07-20-at-20.33.58.jpeg 1040w\" sizes=\"auto, (max-width: 300px) 100vw, 300px\" \/><\/a> Informamos aos Milh\u00f5es de Vasca\u00ednos pelo Brasil e o Mundo a fora, que na \u00faltima Sexta Feira (20\/07\/18) o Grupo que representa o <strong>Movimento Volunt\u00e1rio pela Revitaliza\u00e7\u00e3o do Entorno do Est\u00e1dio de S\u00e3o Janu\u00e1rio<\/strong>, esteve reunido com a Diretoria do Clube de Regatas Vasco da Gama, de modo a entregar um Documento de 75 p\u00e1ginas, composto de Projetos, Linhas de A\u00e7\u00f5es, Mat\u00e9rias Divulgadas na M\u00eddia sobre o Assunto, Documentos evidenciados pelo Poder P\u00fablico sobre esta quest\u00e3o, Abaixo Assinado de 10.333 Assinaturas pelo prop\u00f3sito, entre outras Realiza\u00e7\u00f5es deste Movimento que Representa uma \u201cPonte\u201d entre o CRVG e o Poder P\u00fablico.<\/p>\n<p>&nbsp;<\/p>\n<p>Tamb\u00e9m foi poss\u00edvel passar ao CRVG os Argumentos e Linhas de A\u00e7\u00f5es, de modo ao Vasco da Gama REIVINDICAR ao pr\u00f3prio Poder P\u00fablico e LOGRAR \u00caXITO nesta Benfeitoria, que n\u00e3o somente vir\u00e1 a ser \u00fatil ao nosso Clube Amado, mas sim a uma Regi\u00e3o ESQUECIDA H\u00c1 D\u00c9CADAS, por este Poder P\u00fablico, de modo a POTENCIALIZAR Habitacionalmente, Comercialmente e Acessibilizar esta Importante Regi\u00e3o da Cidade do Rio de Janeiro.<\/p>\n<p>&nbsp;<\/p>\n<p>&nbsp;<\/p>\n<p>Compareceram nesta importante reuni\u00e3o, representando o Movimento Volunt\u00e1rio pela Revitaliza\u00e7\u00e3o do Entorno de SJ, os Srs Marcelo Paiva (Eng\u00ba Civil e L\u00edder deste Movimento Volunt\u00e1rio) e Maur\u00edcio Mendes (Presidente da C\u00e2mara Comunit\u00e1ria do Bairro de S\u00e3o Crist\u00f3v\u00e3o e Adjac\u00eancias, representando as Autoridades e Lideran\u00e7as do Bairro), o VP de Engenharia e Obras do CRVG, Sr Pedro Seixas, e do Sr Hor\u00e1cio Jr, designado pelo\u00a0Presidente do Clube para represent\u00e1-lo nesta reuni\u00e3o. Conv\u00e9m destacar que em 25\/05\/18, o Eng\u00ba Civil Marcelo Paiva teve uma Reuni\u00e3o Inicial com o VP de Patrim\u00f4nio, Sr Rodrigo Saavedra, que atualmente se encontra no exterior e n\u00e3o pode estar presente, mas que j\u00e1 recebeu as informa\u00e7\u00f5es deste prop\u00f3sito.<\/p>\n<p>&nbsp;<\/p>\n<p><a href=\"https:\/\/webvasco.com\/artigos\/wp-content\/uploads\/2018\/07\/WhatsApp-Image-2018-07-20-at-20.33.15.jpeg\"><img loading=\"lazy\" decoding=\"async\" class=\"size-medium wp-image-8578 alignleft\" src=\"https:\/\/webvasco.com\/artigos\/wp-content\/uploads\/2018\/07\/WhatsApp-Image-2018-07-20-at-20.33.15-300x168.jpeg\" alt=\"\" width=\"300\" height=\"168\" srcset=\"https:\/\/webvasco.com\/artigos\/wp-content\/uploads\/2018\/07\/WhatsApp-Image-2018-07-20-at-20.33.15-300x168.jpeg 300w, https:\/\/webvasco.com\/artigos\/wp-content\/uploads\/2018\/07\/WhatsApp-Image-2018-07-20-at-20.33.15-150x84.jpeg 150w, https:\/\/webvasco.com\/artigos\/wp-content\/uploads\/2018\/07\/WhatsApp-Image-2018-07-20-at-20.33.15-768x431.jpeg 768w, https:\/\/webvasco.com\/artigos\/wp-content\/uploads\/2018\/07\/WhatsApp-Image-2018-07-20-at-20.33.15-1024x575.jpeg 1024w, https:\/\/webvasco.com\/artigos\/wp-content\/uploads\/2018\/07\/WhatsApp-Image-2018-07-20-at-20.33.15-777x437.jpeg 777w, https:\/\/webvasco.com\/artigos\/wp-content\/uploads\/2018\/07\/WhatsApp-Image-2018-07-20-at-20.33.15-260x146.jpeg 260w, https:\/\/webvasco.com\/artigos\/wp-content\/uploads\/2018\/07\/WhatsApp-Image-2018-07-20-at-20.33.15-120x67.jpeg 120w, https:\/\/webvasco.com\/artigos\/wp-content\/uploads\/2018\/07\/WhatsApp-Image-2018-07-20-at-20.33.15.jpeg 1040w\" sizes=\"auto, (max-width: 300px) 100vw, 300px\" \/><\/a>\u00a0\u00a0\u00a0\u00a0 \u00a0Foi uma Reuni\u00e3o T\u00e9cnica, muito proveitosa entre as partes, onde foram tratados assuntos estrat\u00e9gicos, para que este prop\u00f3sito seja alavancado e realizado a contento. Foram apresentadas tamb\u00e9m correspond\u00eancias trocadas entre o grupo com a IRB (International Rugby Board) e o Pr\u00edncipe Harry (Monarca Ingl\u00eas, praticante e amante do Esporte Rugby) de modo a ambos entenderem que as competi\u00e7\u00f5es deste Esporte, na Olimp\u00edada Rio 2016, deveriam ser realizadas em S\u00e3o Janu\u00e1rio, promovendo assim a Revitaliza\u00e7\u00e3o do Entorno naquela ocasi\u00e3o. Ambos responderam elegantemente ao nosso grupo, mas infelizmente, como j\u00e1 se sabe, o Comit\u00ea Organizador dos Jogos retirou este evento de S\u00e3o Janu\u00e1rio e o colocou no Bairro de Deodoro em instala\u00e7\u00f5es improvisadas, DESTINANDO ASSIM POUCA VISIBILIDADE DESTE ESPORTE EM NOSSO PA\u00cdS, como estava previsto pelo nosso grupo nas referidas correspond\u00eancias citadas acima!<\/p>\n<p>&nbsp;<\/p>\n<p>Todo o material fornecido ao clube pelo nosso grupo tem como intuito encorpar o que j\u00e1 foi iniciado em 11\/06\/2018, onde o Presidente do CRVG, Sr Alexandre Campello, acompanhado do Sr Jos\u00e9 Fernando Santiago (a pedido do Grupo Volunt\u00e1rio e representando o mesmo nesta Reuni\u00e3o) estiveram reunidos com o Sr Prefeito da Cidade do Rio de Janeiro, Sr Marcelo Crivella em seu gabinete, e realizaram tratativas para que este prop\u00f3sito venha a ser alcan\u00e7ado, beneficiando uma regi\u00e3o carente de tais a\u00e7\u00f5es p\u00fablicas. Tamb\u00e9m destacamos que o Presidente Alexandre Campello, nesta reuni\u00e3o, reivindicou a concess\u00e3o de um terreno, no bairro de Vargem Grande. Posteriormente, o prefeito juntamente com o apoio do Vereador Alexandre Isquierdo, assinou a Concess\u00e3o em 04\/07\/18.<\/p>\n<p>&nbsp;<\/p>\n<p>Com tudo isso, cresce a convic\u00e7\u00e3o de que nosso prop\u00f3sito possa ser realizado.\u00a0Lamentamos apenas que as duas \u00faltimas diretorias do clube tamb\u00e9m tiveram reuni\u00f5es com o Grupo Volunt\u00e1rio, receberam farta documenta\u00e7\u00e3o, e INFELIZMENTE N\u00c3O AVAN\u00c7ARAM COM ESTE PROP\u00d3SITO!<\/p>\n<p>&nbsp;<\/p>\n<p>Desejamos um Abra\u00e7o e Sauda\u00e7\u00f5es Vasca\u00ednas a todos os S\u00f3cios, Torcedores e Simpatizantes desta Gigantesca e Hist\u00f3rica Institui\u00e7\u00e3o Vencedora Esportiva e Social e que este Movimento Pioneiro, possa ter contribu\u00eddo para o Futuro deste Clube que possui a mais Linda e Fant\u00e1stica Hist\u00f3ria do Futebol Mundial!<\/p>\n<p>&nbsp;<\/p>\n<p><strong>Em tempo:<\/strong> Para maiores informa\u00e7\u00f5es deste prop\u00f3sito, leiam uma Coluna do Marcelo Paiva, na webvasco.com, com maiores informa\u00e7\u00f5es sobre esse Causa Vasca\u00edna, assim como Linhas de A\u00e7\u00f5es alcan\u00e7adas e afirmativas comprovadas, com os respectivos links das mesmas:<\/p>\n<p>&nbsp;<\/p>\n<blockquote class=\"wp-embedded-content\" data-secret=\"WPWDqveIIX\"><p><a href=\"https:\/\/webvasco.com\/artigos\/colunistas\/marcelopaiva\/argumentos-sobre-a-revitalizao-do-entorno-de-sj-ou-a-reivindicamos-imediatamente-ou-a-perderemos-para-sempre\/\">Argumentos Sobre a Revitaliza&ccedil;&atilde;o do Entorno de SJ. Ou a Reivindicamos imediatamente, ou a perderemos para sempre!<\/a><\/p><\/blockquote>\n<p><iframe loading=\"lazy\" class=\"wp-embedded-content\" sandbox=\"allow-scripts\" security=\"restricted\" style=\"position: absolute; clip: rect(1px, 1px, 1px, 1px);\" title=\"&#8220;Argumentos Sobre a Revitaliza&ccedil;&atilde;o do Entorno de SJ. Ou a Reivindicamos imediatamente, ou a perderemos para sempre!&#8221; &#8212; \" src=\"https:\/\/webvasco.com\/artigos\/colunistas\/marcelopaiva\/argumentos-sobre-a-revitalizao-do-entorno-de-sj-ou-a-reivindicamos-imediatamente-ou-a-perderemos-para-sempre\/embed\/#?secret=ZdXyQaMOnD#?secret=WPWDqveIIX\" data-secret=\"WPWDqveIIX\" width=\"600\" height=\"338\" frameborder=\"0\" marginwidth=\"0\" marginheight=\"0\" scrolling=\"no\"><\/iframe><\/p>\n","protected":false},"excerpt":{"rendered":"<p>&nbsp; Informamos aos Milh\u00f5es de Vasca\u00ednos pelo Brasil e o Mundo a fora, que na&#8230;<\/p>\n","protected":false},"author":3,"featured_media":8579,"comment_status":"open","ping_status":"closed","sticky":false,"template":"","format":"standard","meta":{"footnotes":""},"categories":[16],"tags":[],"class_list":["post-8577","post","type-post","status-publish","format-standard","has-post-thumbnail","hentry","category-marcelopaiva"],"_links":{"self":[{"href":"https:\/\/webvasco.com\/artigos\/wp-json\/wp\/v2\/posts\/8577","targetHints":{"allow":["GET"]}}],"collection":[{"href":"https:\/\/webvasco.com\/artigos\/wp-json\/wp\/v2\/posts"}],"about":[{"href":"https:\/\/webvasco.com\/artigos\/wp-json\/wp\/v2\/types\/post"}],"author":[{"embeddable":true,"href":"https:\/\/webvasco.com\/artigos\/wp-json\/wp\/v2\/users\/3"}],"replies":[{"embeddable":true,"href":"https:\/\/webvasco.com\/artigos\/wp-json\/wp\/v2\/comments?post=8577"}],"version-history":[{"count":1,"href":"https:\/\/webvasco.com\/artigos\/wp-json\/wp\/v2\/posts\/8577\/revisions"}],"predecessor-version":[{"id":8580,"href":"https:\/\/webvasco.com\/artigos\/wp-json\/wp\/v2\/posts\/8577\/revisions\/8580"}],"wp:featuredmedia":[{"embeddable":true,"href":"https:\/\/webvasco.com\/artigos\/wp-json\/wp\/v2\/media\/8579"}],"wp:attachment":[{"href":"https:\/\/webvasco.com\/artigos\/wp-json\/wp\/v2\/media?parent=8577"}],"wp:term":[{"taxonomy":"category","embeddable":true,"href":"https:\/\/webvasco.com\/artigos\/wp-json\/wp\/v2\/categories?post=8577"},{"taxonomy":"post_tag","embeddable":true,"href":"https:\/\/webvasco.com\/artigos\/wp-json\/wp\/v2\/tags?post=8577"}],"curies":[{"name":"wp","href":"https:\/\/api.w.org\/{rel}","templated":true}]}}