{"id":8585,"date":"2018-07-26T01:00:43","date_gmt":"2018-07-26T04:00:43","guid":{"rendered":"http:\/\/webvasco.com\/artigos\/colunistas\/luizcarlosrocha\/ligeiramente-deficiente-e-ultrapassado\/"},"modified":"2018-07-26T01:00:43","modified_gmt":"2018-07-26T04:00:43","slug":"ligeiramente-deficiente-e-ultrapassado","status":"publish","type":"post","link":"https:\/\/webvasco.com\/artigos\/colunistas\/luizcarlosrocha\/ligeiramente-deficiente-e-ultrapassado\/","title":{"rendered":"LIGEIRAMENTE DEFICIENTE E ULTRAPASSADO"},"content":{"rendered":"<p>A sigla LDU serve bem para o atual plantel vasca\u00edno. LDU- Ligeiramente deficiente e ultrapassado. \u00c9 impressionante como o discurso n\u00e3o muda, bem como a utiliza\u00e7\u00e3o das mesmas fal\u00e1cias. Mesmo com a parada das competi\u00e7\u00f5es em fun\u00e7\u00e3o da Copa do Mundo, o Cruzmaltino que refez uma esp\u00e9cie de pr\u00e9-temporada conseguiu perder feio para a LDU, por 3 a 1, em Quito, Equador, pela Copa Sul Americana, em partida de ida, pela Segunda Fase da competi\u00e7\u00e3o.<\/p>\n<p>Marcaram para o time local: Arangon\u00f3, aos 7m do primeiro tempo, e aos 42m da etapa final. E Johan Julio, aos 18m da etapa vestibular. Descontou para os cariocas, Thiago Galhardo, no tempo complementar, aos 8. Agora, para a partida de volta, dia 09 de agosto, em S\u00e3o Janu\u00e1rio, para avan\u00e7ar na peleja, os pupilos de Jorginho ter\u00e3o de vencer por 2 a 0, no m\u00ednimo.<\/p>\n<p>A desculpa do treinador de ter atuado em 4 confrontos em apenas 10 dias n\u00e3o cola, pois ficaram s\u00f3 treinando (ser\u00e1?) durante mais de um m\u00eas. Logo, eram para estar tinindo. A elimina\u00e7\u00e3o da Libertadores foi terr\u00edvel para os planos da reconstru\u00e7\u00e3o da imagem, em termos futebol\u00edsticos. Despachado pelo Bahia, na Copa do Brasil n\u00e3o foi necess\u00e1rio ser especialista no mundo da bola para definir em uma s\u00f3 palavra: rid\u00edculo! Se deixar escapar a Sul Americana ficar\u00e1 feio demais para o Gigante da Colina!<\/p>\n<p>Ah, e o Campeonato Brasileiro? Sem chance! Com esse time p\u00edfio no m\u00e1ximo ficar\u00e1 no meio da tabela ao final de dezembro. O ditado popular diz que um cachorro geralmente tem a cara do seu dono. No futebol n\u00e3o \u00e9 diferente. A equipe \u00e9 reflexo do presidente do clube. As gest\u00f5es nos \u00faltimos 20 anos s\u00f3 destru\u00edram o clube!<\/p>\n<p><strong>VERGONHA (MAIS DE 4 ANOS!):<\/strong><\/p>\n<p>DEPOIS DE AGUARDAR <strong> 59 MESES, OU SEJA, 4 ANOS E 11 MESES! (CARRO DESDE 10 DE JUNHO DE 2013)<\/strong> COM O CARRO PRESO NA OFICINA DA ABOLI\u00c7\u00c3O VE\u00cdCULOS COM APENAS 729 KM RODADOS, EM UM PROCESSO COM 8 VOLUMES, NA 1\u00aa VARA CIVEL, DA COMARCA DE NITER\u00d3I\/RJ, REGIONAL OCE\u00c2NICA, A SENTEN\u00c7A FOI INDEFERIR TODOS OS MEUS PEDIDOS E AINDA CONDENAR EM 10% DE CUSTAS JUDICIAIS. OU SEJA, FIQUEI SEM CARRO ESSE TEMPO TODO (MESMO PAGANDO \u00c0 VISTA POR ELE), JUNTEI PROVAS COMO REGISTRO DE OCORR\u00caNCIA DA POL\u00cdCIA CIVIL\/RJ, BOLETIM DE OCORR\u00caNCIA DA POLICIA MILITAR\/RJ, ORDENS DE SERVI\u00c7O, MAIS DE 600 FOTOGRAFIAS, MAIS DE 40 \u00c1UDIOS, NOTAS FISCAIS, NOTAS DE T\u00c1XI, PRONTU\u00c1RIOS M\u00c9DICOS, POIS NESTE PER\u00cdODO TIVE PROBLEMAS DE SA\u00daDE, BEM COMO MEUS FAMILIARES, TENDO UMA FILHA QUE HOJE TEM APENAS 5 ANOS, NA \u00c9POCA POUCO MAIS DE 1 ANINHO. VALE LEMBRAR, QUE OS PRIMEIROS DEFEITOS SE DERAM QUANDO O CARRO TINHA MENOS DE 30 KM RODADOS. TUDO ISSO PARA NADA. QUEM GOSTOU DO RESULTADO DA DOUTA MAGRISTRADA FORAM AS EMPRESAS R\u00c9S \u2013 QUE ME LESARAM \u2013 ABOLI\u00c7\u00c3O VE\u00cdCULOS E VW DO BRASIL <strong>(PROCESSO: No 0016370-44.2013.8.19.0212).<\/strong><\/p>\n<p><strong>AP\u00d3S AS TODAS AS PARTIDAS DO VASC\u00c3O EM MEU PERFIL DO FACEBOOK (QUEM QUISER RECEBER AS CR\u00d4NICAS DE PRIMEIRA M\u00c3O \u00c9 S\u00d3 ME ADICIONAR), E NO SITE WEBVASCO (www.webvasco.com), TEM A OPINI\u00c3O DO JORNALISTA LUIZ CARLOS ROCHA. LEIAM! COMPARTILHEM E CURTAM! VASCA\u00cdNOS UNIDOS JAMAIS SER\u00c3O VENCIDOS.<\/strong><\/p>\n","protected":false},"excerpt":{"rendered":"<p>A sigla LDU serve bem para o atual plantel vasca\u00edno. LDU- Ligeiramente deficiente e ultrapassado&#8230;.<\/p>\n","protected":false},"author":7,"featured_media":0,"comment_status":"open","ping_status":"closed","sticky":false,"template":"","format":"standard","meta":{"footnotes":""},"categories":[4],"tags":[],"class_list":["post-8585","post","type-post","status-publish","format-standard","hentry","category-luizcarlosrocha"],"_links":{"self":[{"href":"https:\/\/webvasco.com\/artigos\/wp-json\/wp\/v2\/posts\/8585","targetHints":{"allow":["GET"]}}],"collection":[{"href":"https:\/\/webvasco.com\/artigos\/wp-json\/wp\/v2\/posts"}],"about":[{"href":"https:\/\/webvasco.com\/artigos\/wp-json\/wp\/v2\/types\/post"}],"author":[{"embeddable":true,"href":"https:\/\/webvasco.com\/artigos\/wp-json\/wp\/v2\/users\/7"}],"replies":[{"embeddable":true,"href":"https:\/\/webvasco.com\/artigos\/wp-json\/wp\/v2\/comments?post=8585"}],"version-history":[{"count":0,"href":"https:\/\/webvasco.com\/artigos\/wp-json\/wp\/v2\/posts\/8585\/revisions"}],"wp:attachment":[{"href":"https:\/\/webvasco.com\/artigos\/wp-json\/wp\/v2\/media?parent=8585"}],"wp:term":[{"taxonomy":"category","embeddable":true,"href":"https:\/\/webvasco.com\/artigos\/wp-json\/wp\/v2\/categories?post=8585"},{"taxonomy":"post_tag","embeddable":true,"href":"https:\/\/webvasco.com\/artigos\/wp-json\/wp\/v2\/tags?post=8585"}],"curies":[{"name":"wp","href":"https:\/\/api.w.org\/{rel}","templated":true}]}}