{"id":8586,"date":"2018-07-31T01:25:19","date_gmt":"2018-07-31T04:25:19","guid":{"rendered":"http:\/\/webvasco.com\/artigos\/elas-e-o-professor\/elas-o-professor-larissa-ramos\/"},"modified":"2018-07-31T07:02:59","modified_gmt":"2018-07-31T10:02:59","slug":"elas-o-professor-larissa-ramos","status":"publish","type":"post","link":"https:\/\/webvasco.com\/artigos\/temas\/elas-e-o-professor\/elas-o-professor-larissa-ramos\/","title":{"rendered":"ELAS &amp; O PROFESSOR &#8211; LARISSA RAMOS"},"content":{"rendered":"<p><strong>ELAS &amp; O PROFESSOR<\/strong><\/p>\n<p><strong>POR LUIZ CARLOS ROCHA<\/strong><\/p>\n<p>A entrevista de julho de 2018, com Larissa S. Ramos \u00e9 dedicada ao meu grande amor, minha filha, <strong>\u00darsulla Rocha<\/strong>, uma vasca\u00edna muito especial.<\/p>\n<p><strong>LARISSA RAMOS, <\/strong>estudante de direito,cuja a sua disciplina favorita \u00e9 o Direito Penal, mas declarou ter casado com o Direito Civil, e pretende se especializar em Direito M\u00e9dico e Bio\u00e9tica, solteira<strong>, <\/strong>26 anos, do signo de Le\u00e3o, Beija-Flor de cora\u00e7\u00e3o, mas tem enorme carinho pela Portela, moradora do Sub\u00farbio Carioca, suas cores preferidas s\u00e3o o preto e o branco. Como toda jovem simp\u00e1tica, carism\u00e1tica, e principalmente divertida, a acad\u00eamica talentosa aprecia um bom chopp com os amigos nas horas vagas.<\/p>\n<p><strong> Na sua opini\u00e3o, qual foi o t\u00edtulo mais importante conquistado pelo Vasco at\u00e9 hoje? <\/strong><\/p>\n<p>Para o Vasco a Libertadores de 98, pessoalmente a Copa do Brasil de 2011 teve um sabor especial para mim.<\/p>\n<p><strong>A parada para a Copa do Mundo ajudou o Cruzmaltino a refazer as partes t\u00e1tica e t\u00e9cnica?<\/strong><\/p>\n<p>Essa pausa foi essencial para uma tentativa de organiza\u00e7\u00e3o dentro e fora de campo<\/p>\n<p><strong>Qual a import\u00e2ncia da pr\u00e9-temporada?<\/strong><\/p>\n<p>Per\u00edodo curto, mas relevante ao preparo f\u00edsico intenso dos jogadores.<\/p>\n<p><strong>Concentra\u00e7\u00e3o ajuda no desempenho do atleta?<\/strong><\/p>\n<p>Evidente que sim, o entrosamento e a confian\u00e7a adquirida pelo atleta \u00e9 o que garante o bom desempenho.<\/p>\n<p><strong> O Gigante da Colina anda carente de \u00eddolos?<\/strong><\/p>\n<p>Podemos falar sobre o painel comemorativo do Vasco, fica mais f\u00e1cil. (Sorriu). Mas vamos l\u00e1, o Gigante n\u00e3o possui um jogador de renome, por\u00e9m, temos bons jogadores e neles devemos apostar. Quanto a contrata\u00e7\u00e3o do Maxi Lopez, ficaremos de olho.<\/p>\n<p><strong>Como voc\u00ea avalia a gest\u00e3o de Alexandre Campello?<\/strong><\/p>\n<p>N\u00e3o sei opinar.<\/p>\n<p><strong> Gostou da camisa da Diadora?<\/strong><\/p>\n<p>Sim, inclusive foi a minha \u00faltima aquisi\u00e7\u00e3o nesse momento.<\/p>\n<p><strong> Como deveria ser o terceiro uniforme do Vasco?<\/strong><\/p>\n<p>Agosto est\u00e1 chegando espero novidades no m\u00eas de comemora\u00e7\u00e3o (funda\u00e7\u00e3o do clube), mas n\u00e3o consigo tra\u00e7ar uma composi\u00e7\u00e3o para o terceiro manto sagrado.<\/p>\n<p><strong> Depois do futebol, na sua opini\u00e3o qual o esporte mais importante do Gigante da Colina?<\/strong><\/p>\n<p>Ouvi que no basquete est\u00e1 levando uma grande torcida, e que no futebol americano h\u00e1 garra pela briga de t\u00edtulos, mas na verdade n\u00e3o acompanho.<\/p>\n<p><strong> Jorginho foi a escolha certa para comandar a equipe vasca\u00edna?<\/strong><\/p>\n<p>J\u00e1 desempenhou um bom trabalho no Vasco, n\u00e3o falo em rela\u00e7\u00e3o a outras equipes \u00e9 claro, mas vamos pensar positivo e avaliar de perto.<\/p>\n<p><strong> O que faltou para a classifica\u00e7\u00e3o na Copa do Brasil, contra o Bahia, em casa?<\/strong><\/p>\n<p>Podemos relembrar do ratinho que roubou a cena? (Sorriu novamente, esbanjando bom humor). Mantendo o foco, o time estava bem diferente de antes, tinha garra e lutou, vencemos, por\u00e9m n\u00e3o garantimos a classifica\u00e7\u00e3o. Acontece, mas ainda tem muita \u00e1gua para rolar, temos que focar \u00e9 no Campeonato Brasileiro.<\/p>\n<p><strong> Qual jogador foi mais importante no Campeonato Mundial, em 2000, Juninho, Rom\u00e1rio ou Edmundo?<\/strong><\/p>\n<p>Todos desempenharam muito bem seu papel, Rom\u00e1rio pontuou bem, Juninho realizou passes decisivos a Edmundo. Uma equipe que teve garra e trabalharam muito bem juntos.<\/p>\n<p><strong>O que espera acontecer at\u00e9 dezembro?<\/strong><\/p>\n<p>Que continue a concentra\u00e7\u00e3o e o empenho para se recuperar, ainda temos a possibilidade da vaga na Libertadores. N\u00e3o custa sonhar.<\/p>\n<p><strong>FOTOGRAFIAS: FORNECIDA PELA ENTREVISTADA.<\/strong><\/p>\n<p><a href=\"https:\/\/webvasco.com\/artigos\/wp-content\/uploads\/2018\/07\/WhatsApp-Image-2018-07-31-at-01.17.32.jpeg\"><img loading=\"lazy\" decoding=\"async\" class=\"size-medium wp-image-8587 alignleft\" src=\"https:\/\/webvasco.com\/artigos\/wp-content\/uploads\/2018\/07\/WhatsApp-Image-2018-07-31-at-01.17.32-247x300.jpeg\" alt=\"\" width=\"247\" height=\"300\" srcset=\"https:\/\/webvasco.com\/artigos\/wp-content\/uploads\/2018\/07\/WhatsApp-Image-2018-07-31-at-01.17.32-247x300.jpeg 247w, https:\/\/webvasco.com\/artigos\/wp-content\/uploads\/2018\/07\/WhatsApp-Image-2018-07-31-at-01.17.32-123x150.jpeg 123w, https:\/\/webvasco.com\/artigos\/wp-content\/uploads\/2018\/07\/WhatsApp-Image-2018-07-31-at-01.17.32.jpeg 526w\" sizes=\"auto, (max-width: 247px) 100vw, 247px\" \/><\/a><\/p>\n","protected":false},"excerpt":{"rendered":"<p>ELAS &amp; O PROFESSOR POR LUIZ CARLOS ROCHA A entrevista de julho de 2018, com&#8230;<\/p>\n","protected":false},"author":7,"featured_media":8587,"comment_status":"open","ping_status":"closed","sticky":false,"template":"","format":"standard","meta":{"footnotes":""},"categories":[27],"tags":[],"class_list":["post-8586","post","type-post","status-publish","format-standard","has-post-thumbnail","hentry","category-elas-e-o-professor"],"_links":{"self":[{"href":"https:\/\/webvasco.com\/artigos\/wp-json\/wp\/v2\/posts\/8586","targetHints":{"allow":["GET"]}}],"collection":[{"href":"https:\/\/webvasco.com\/artigos\/wp-json\/wp\/v2\/posts"}],"about":[{"href":"https:\/\/webvasco.com\/artigos\/wp-json\/wp\/v2\/types\/post"}],"author":[{"embeddable":true,"href":"https:\/\/webvasco.com\/artigos\/wp-json\/wp\/v2\/users\/7"}],"replies":[{"embeddable":true,"href":"https:\/\/webvasco.com\/artigos\/wp-json\/wp\/v2\/comments?post=8586"}],"version-history":[{"count":3,"href":"https:\/\/webvasco.com\/artigos\/wp-json\/wp\/v2\/posts\/8586\/revisions"}],"predecessor-version":[{"id":8590,"href":"https:\/\/webvasco.com\/artigos\/wp-json\/wp\/v2\/posts\/8586\/revisions\/8590"}],"wp:featuredmedia":[{"embeddable":true,"href":"https:\/\/webvasco.com\/artigos\/wp-json\/wp\/v2\/media\/8587"}],"wp:attachment":[{"href":"https:\/\/webvasco.com\/artigos\/wp-json\/wp\/v2\/media?parent=8586"}],"wp:term":[{"taxonomy":"category","embeddable":true,"href":"https:\/\/webvasco.com\/artigos\/wp-json\/wp\/v2\/categories?post=8586"},{"taxonomy":"post_tag","embeddable":true,"href":"https:\/\/webvasco.com\/artigos\/wp-json\/wp\/v2\/tags?post=8586"}],"curies":[{"name":"wp","href":"https:\/\/api.w.org\/{rel}","templated":true}]}}