{"id":8591,"date":"2018-08-05T23:52:42","date_gmt":"2018-08-06T02:52:42","guid":{"rendered":"http:\/\/webvasco.com\/artigos\/colunistas\/quando-menos-e-mais\/"},"modified":"2018-08-21T11:33:04","modified_gmt":"2018-08-21T14:33:04","slug":"quando-menos-e-mais","status":"publish","type":"post","link":"https:\/\/webvasco.com\/artigos\/colunistas\/luizcarlosrocha\/quando-menos-e-mais\/","title":{"rendered":"QUANDO MENOS \u00c9 MAIS!"},"content":{"rendered":"<p>Nem sempre o resultado \u00e9 ruim de tudo! Na tarde de hoje, o Vasco da Gama foi derrotado, no Morumbi, pelo S\u00e3o Paulo, por 2 a 1. Para a equipe paulista marcaram Rojas, aos dois minutos do primeiro tempo, e Trellez, aos 36 minutos da etapa complementar. Para o time carioca foi Yago Pikachu quem marcou aos dez minutos, tamb\u00e9m do ciclo final da partida. Com o resultado o Cruzmaltino ocupou a 12\u00aa posi\u00e7\u00e3o na tabela de classifica\u00e7\u00e3o, do Campeonato Brasileiro, com 19 pontos ganhos.<\/p>\n<p>Mas h\u00e1 vasca\u00edno feliz! Acredite! Pois a derrota ajudou o rival Molambo perder a lideran\u00e7a da competi\u00e7\u00e3o supracitada. Alguns dizem que para dar cinco passos para frente, \u00e9 preciso recuar com dois passinhos. Portanto, o que \u00e9 uma derrota para quem t\u00eam na contabilidade desportiva dois jogos a menos que os demais participantes? Sendo assim, se vencer essas duas pelejas, os tr\u00eas pontos perdidos hoje nem poder\u00e3o fazer falta ao final do Brasileir\u00e3o. Ser\u00e1?<\/p>\n<p>A rivalidade com o Povo do Gueto \u00e9 t\u00e3o grande que a velha m\u00e1xima: \u201cMais vale a l\u00e1grima pela derrota, do que a vergonha por n\u00e3o ter lutado\u201d, n\u00e3o se aplica em uma partida que conquistar os tr\u00eas pontos para avan\u00e7ar na pontua\u00e7\u00e3o \u00e9 t\u00e3o importante quanto ser derrotado pelo Tricolor Paulista para prejudicar o Exclu\u00eddo na busca pelo t\u00edtulo. Sendo assim, depende do olhar de cada vasca\u00edno para saber se foi bom ou ruim o resultado de hoje.<\/p>\n<p>Na quinta-feira, dia 09, em S\u00e3o Janu\u00e1rio, o Vasco receber\u00e1 a LDU, pela Copa Sul Americana, em partida de volta, \u00e0s 19h30m. O jogo em Quito, Equador, foi 3 a 1 para os donos da casa. \u00c9 preciso bom futebol e seriedade para avan\u00e7ar na competi\u00e7\u00e3o continental. Depois disso, no domingo, \u00e0s 19h, enfrentar\u00e1 no Allianz Parque, o Palmeiras, pelo campeonato nacional.<\/p>\n<p><strong>VERGONHA (MAIS DE 4 ANOS!):<\/strong><\/p>\n<p>DEPOIS DE AGUARDAR <strong> 61 MESES, OU SEJA, 5 ANOS E 1 MES! (CARRO DESDE 10 DE JUNHO DE 2013)<\/strong> COM O CARRO PRESO NA OFICINA DA ABOLI\u00c7\u00c3O VE\u00cdCULOS COM APENAS 729 KM RODADOS, EM UM PROCESSO COM 8 VOLUMES, NA 1\u00aa VARA CIVEL, DA COMARCA DE NITER\u00d3I\/RJ, REGIONAL OCE\u00c2NICA, A SENTEN\u00c7A FOI INDEFERIR TODOS OS MEUS PEDIDOS E AINDA CONDENAR EM 10% DE CUSTAS JUDICIAIS. OU SEJA, FIQUEI SEM CARRO ESSE TEMPO TODO (MESMO PAGANDO \u00c0 VISTA POR ELE), JUNTEI PROVAS COMO REGISTRO DE OCORR\u00caNCIA DA POL\u00cdCIA CIVIL\/RJ, BOLETIM DE OCORR\u00caNCIA DA POLICIA MILITAR\/RJ, ORDENS DE SERVI\u00c7O, MAIS DE 600 FOTOGRAFIAS, MAIS DE 40 \u00c1UDIOS, NOTAS FISCAIS, NOTAS DE T\u00c1XI, PRONTU\u00c1RIOS M\u00c9DICOS, POIS NESTE PER\u00cdODO TIVE PROBLEMAS DE SA\u00daDE, BEM COMO MEUS FAMILIARES, TENDO UMA FILHA QUE HOJE TEM APENAS 5 ANOS, NA \u00c9POCA POUCO MAIS DE 1 ANINHO. VALE LEMBRAR, QUE OS PRIMEIROS DEFEITOS SE DERAM QUANDO O CARRO TINHA MENOS DE 30 KM RODADOS. TUDO ISSO PARA NADA. QUEM GOSTOU DO RESULTADO DA DOUTA MAGRISTRADA FORAM AS EMPRESAS R\u00c9S \u2013 QUE ME LESARAM \u2013 ABOLI\u00c7\u00c3O VE\u00cdCULOS E VW DO BRASIL <strong>(PROCESSO: No 0016370-44.2013.8.19.0212).<\/strong><\/p>\n<p><strong>AP\u00d3S AS TODAS AS PARTIDAS DO VASC\u00c3O EM MEU PERFIL DO FACEBOOK (QUEM QUISER RECEBER AS CR\u00d4NICAS DE PRIMEIRA M\u00c3O \u00c9 S\u00d3 ME ADICIONAR), E NO SITE WEBVASCO (www.webvasco.com), TEM A OPINI\u00c3O DO JORNALISTA LUIZ CARLOS ROCHA. LEIAM! COMPARTILHEM E CURTAM! VASCA\u00cdNOS UNIDOS JAMAIS SER\u00c3O VENCIDOS.<\/strong><\/p>\n<p>[ category luizcarlosrocha]<\/p>\n","protected":false},"excerpt":{"rendered":"<p>Nem sempre o resultado \u00e9 ruim de tudo! Na tarde de hoje, o Vasco da&#8230;<\/p>\n","protected":false},"author":7,"featured_media":0,"comment_status":"open","ping_status":"closed","sticky":false,"template":"","format":"standard","meta":{"footnotes":""},"categories":[4],"tags":[],"class_list":["post-8591","post","type-post","status-publish","format-standard","hentry","category-luizcarlosrocha"],"_links":{"self":[{"href":"https:\/\/webvasco.com\/artigos\/wp-json\/wp\/v2\/posts\/8591","targetHints":{"allow":["GET"]}}],"collection":[{"href":"https:\/\/webvasco.com\/artigos\/wp-json\/wp\/v2\/posts"}],"about":[{"href":"https:\/\/webvasco.com\/artigos\/wp-json\/wp\/v2\/types\/post"}],"author":[{"embeddable":true,"href":"https:\/\/webvasco.com\/artigos\/wp-json\/wp\/v2\/users\/7"}],"replies":[{"embeddable":true,"href":"https:\/\/webvasco.com\/artigos\/wp-json\/wp\/v2\/comments?post=8591"}],"version-history":[{"count":1,"href":"https:\/\/webvasco.com\/artigos\/wp-json\/wp\/v2\/posts\/8591\/revisions"}],"predecessor-version":[{"id":8595,"href":"https:\/\/webvasco.com\/artigos\/wp-json\/wp\/v2\/posts\/8591\/revisions\/8595"}],"wp:attachment":[{"href":"https:\/\/webvasco.com\/artigos\/wp-json\/wp\/v2\/media?parent=8591"}],"wp:term":[{"taxonomy":"category","embeddable":true,"href":"https:\/\/webvasco.com\/artigos\/wp-json\/wp\/v2\/categories?post=8591"},{"taxonomy":"post_tag","embeddable":true,"href":"https:\/\/webvasco.com\/artigos\/wp-json\/wp\/v2\/tags?post=8591"}],"curies":[{"name":"wp","href":"https:\/\/api.w.org\/{rel}","templated":true}]}}