{"id":8592,"date":"2018-08-13T22:21:02","date_gmt":"2018-08-14T01:21:02","guid":{"rendered":"http:\/\/webvasco.com\/artigos\/colunistas\/luizcarlosrocha\/o-porco-entalou\/"},"modified":"2018-08-18T17:06:38","modified_gmt":"2018-08-18T20:06:38","slug":"o-porco-entalou","status":"publish","type":"post","link":"https:\/\/webvasco.com\/artigos\/colunistas\/luizcarlosrocha\/o-porco-entalou\/","title":{"rendered":"O PORCO ENTALOU!"},"content":{"rendered":"<p>Em pleno domingo do Dia dos Pais, o almo\u00e7o \u2013 que muitas vezes \u00e9 janta \u2013 entalou, o Porco n\u00e3o desceu! Diante de um p\u00fablico com 30.012 presentes, o Palmeiras recebeu o Vasco da Gama, no Allianz Parque, em S\u00e3o Paulo-SP, e venceu por 1 a 0, com gol de Deyverson, aos 15 minutos da etapa final. Com o resultado a equipe carioca, estagnou com 19 pontos ganhos, agora na 15\u00aa coloca\u00e7\u00e3o na tabela de classifica\u00e7\u00e3o, do Campeonato Brasileiro, vers\u00e3o 2018.<\/p>\n<p>O problema \u00e9 que n\u00e3o adiantou os refor\u00e7os vasca\u00ednos, tampouco a volta do treinador Jorginho, pois o time a cada apresenta\u00e7\u00e3o na competi\u00e7\u00e3o supracitada piora consideravelmente. H\u00e1 quem diga que o quarto rebaixamento \u00e9 quest\u00e3o de tempo. Exatamente dezembro! Tomara que n\u00e3o.<\/p>\n<p>Combalido h\u00e1 tempos, o Cruzmaltino precisa de uma medida urgente para espantar a crise (perman\u00eancia, segundo o dicion\u00e1rio n\u00e3o \u00e9 crise). N\u00e3o h\u00e1 como \u201cculpar\u201d o Verd\u00e3o. At\u00e9, porque, o rabinho do porco, o torcedor vasca\u00edno n\u00e3o sabe o que \u00e9 degustar h\u00e1 tempos!<\/p>\n<p>\u00c9 preciso aproveitar a semana de folga, uma vez, que a pr\u00f3xima partida ser\u00e1 somente segunda-feira, dia 20 de agosto, \u00e0s 20h, em S\u00e3o Janu\u00e1rio contra o \u201cpoderoso\u201d Cear\u00e1. O Inho (no diminutivo) ter\u00e1 oito dias ininterruptos sem qualquer interfer\u00eancia para preparar, bem como escalar o elenco. N\u00e3o h\u00e1 outro resultado aceit\u00e1vel que n\u00e3o seja a vit\u00f3ria!<\/p>\n<p><strong>VERGONHA (MAIS DE 4 ANOS!):<\/strong><\/p>\n<p>DEPOIS DE AGUARDAR <strong> 61 MESES, OU SEJA, 5 ANOS E 1 MES! (CARRO DESDE 10 DE JUNHO DE 2013)<\/strong> COM O CARRO PRESO NA OFICINA DA ABOLI\u00c7\u00c3O VE\u00cdCULOS COM APENAS 729 KM RODADOS, EM UM PROCESSO COM 8 VOLUMES, NA 1\u00aa VARA CIVEL, DA COMARCA DE NITER\u00d3I\/RJ, REGIONAL OCE\u00c2NICA, A SENTEN\u00c7A FOI INDEFERIR TODOS OS MEUS PEDIDOS E AINDA CONDENAR EM 10% DE CUSTAS JUDICIAIS. OU SEJA, FIQUEI SEM CARRO ESSE TEMPO TODO (MESMO PAGANDO \u00c0 VISTA POR ELE), JUNTEI PROVAS COMO REGISTRO DE OCORR\u00caNCIA DA POL\u00cdCIA CIVIL\/RJ, BOLETIM DE OCORR\u00caNCIA DA POLICIA MILITAR\/RJ, ORDENS DE SERVI\u00c7O, MAIS DE 600 FOTOGRAFIAS, MAIS DE 40 \u00c1UDIOS, NOTAS FISCAIS, NOTAS DE T\u00c1XI, PRONTU\u00c1RIOS M\u00c9DICOS, POIS NESTE PER\u00cdODO TIVE PROBLEMAS DE SA\u00daDE, BEM COMO MEUS FAMILIARES, TENDO UMA FILHA QUE HOJE TEM APENAS 5 ANOS, NA \u00c9POCA POUCO MAIS DE 1 ANINHO. VALE LEMBRAR, QUE OS PRIMEIROS DEFEITOS SE DERAM QUANDO O CARRO TINHA MENOS DE 30 KM RODADOS. TUDO ISSO PARA NADA. QUEM GOSTOU DO RESULTADO DA DOUTA MAGRISTRADA FORAM AS EMPRESAS R\u00c9S \u2013 QUE ME LESARAM \u2013 ABOLI\u00c7\u00c3O VE\u00cdCULOS E VW DO BRASIL <strong>(PROCESSO: No 0016370-44.2013.8.19.0212).<\/strong><\/p>\n<p><strong>AP\u00d3S AS TODAS AS PARTIDAS DO VASC\u00c3O EM MEU PERFIL DO FACEBOOK (QUEM QUISER RECEBER AS CR\u00d4NICAS DE PRIMEIRA M\u00c3O \u00c9 S\u00d3 ME ADICIONAR), E NO SITE WEBVASCO (www.webvasco.com), TEM A OPINI\u00c3O DO JORNALISTA LUIZ CARLOS ROCHA. LEIAM! COMPARTILHEM E CURTAM! VASCA\u00cdNOS UNIDOS JAMAIS SER\u00c3O VENCIDOS.<\/strong><\/p>\n","protected":false},"excerpt":{"rendered":"<p>Em pleno domingo do Dia dos Pais, o almo\u00e7o \u2013 que muitas vezes \u00e9 janta&#8230;<\/p>\n","protected":false},"author":7,"featured_media":0,"comment_status":"open","ping_status":"closed","sticky":false,"template":"","format":"standard","meta":{"footnotes":""},"categories":[4],"tags":[],"class_list":["post-8592","post","type-post","status-publish","format-standard","hentry","category-luizcarlosrocha"],"_links":{"self":[{"href":"https:\/\/webvasco.com\/artigos\/wp-json\/wp\/v2\/posts\/8592","targetHints":{"allow":["GET"]}}],"collection":[{"href":"https:\/\/webvasco.com\/artigos\/wp-json\/wp\/v2\/posts"}],"about":[{"href":"https:\/\/webvasco.com\/artigos\/wp-json\/wp\/v2\/types\/post"}],"author":[{"embeddable":true,"href":"https:\/\/webvasco.com\/artigos\/wp-json\/wp\/v2\/users\/7"}],"replies":[{"embeddable":true,"href":"https:\/\/webvasco.com\/artigos\/wp-json\/wp\/v2\/comments?post=8592"}],"version-history":[{"count":1,"href":"https:\/\/webvasco.com\/artigos\/wp-json\/wp\/v2\/posts\/8592\/revisions"}],"predecessor-version":[{"id":8593,"href":"https:\/\/webvasco.com\/artigos\/wp-json\/wp\/v2\/posts\/8592\/revisions\/8593"}],"wp:attachment":[{"href":"https:\/\/webvasco.com\/artigos\/wp-json\/wp\/v2\/media?parent=8592"}],"wp:term":[{"taxonomy":"category","embeddable":true,"href":"https:\/\/webvasco.com\/artigos\/wp-json\/wp\/v2\/categories?post=8592"},{"taxonomy":"post_tag","embeddable":true,"href":"https:\/\/webvasco.com\/artigos\/wp-json\/wp\/v2\/tags?post=8592"}],"curies":[{"name":"wp","href":"https:\/\/api.w.org\/{rel}","templated":true}]}}