{"id":8594,"date":"2018-08-21T10:33:02","date_gmt":"2018-08-21T13:33:02","guid":{"rendered":"http:\/\/webvasco.com\/artigos\/colunistas\/luizcarlosrocha\/abestado\/"},"modified":"2018-08-21T10:33:02","modified_gmt":"2018-08-21T13:33:02","slug":"abestado","status":"publish","type":"post","link":"https:\/\/webvasco.com\/artigos\/colunistas\/luizcarlosrocha\/abestado\/","title":{"rendered":"ABESTADO!"},"content":{"rendered":"<p>Na v\u00e9spera de anivers\u00e1rio de sua funda\u00e7\u00e3o (21 de agosto de 1898), O Vasco da Gama &#8211; mais uma vez \u2013 deu um vexame, dentro de S\u00e3o Janu\u00e1rio, ao empatar por 1 a 1 com o fraqu\u00edssimo time do Cear\u00e1. Wagner inaugurou o placar, e Tiago Alves marcou para os nordestinos e deixou tudo igual. Com o p\u00edfio resultado, o Cruzmaltino agora soma apenas 20 pontos ganhos em 51 disputados, ou seja, aproveitou menos de 50 %. A desculpa de ter duas partidas a menos n\u00e3o cola, uma vez, que n\u00e3o significa conquistar os seis pontos. A realidade \u00e9 que n\u00e3o h\u00e1 nada para comemorar, pois os n\u00fameros da tabela de classifica\u00e7\u00e3o do Campeonato Brasileiro s\u00e3o cru\u00e9is com os vasca\u00ednos.<\/p>\n<p>Saiu Z\u00e9 Ricardo, passou Jorginho e agora o bast\u00e3o est\u00e1 com Valdir Bigode. Vale lembrar, que treinador n\u00e3o ganha jogo sozinho, ainda mais quando atleta faz corpo mole! A \u00fanica certeza que a Imensa Torcida Bem Feliz (ser\u00e1 mesmo que h\u00e1 felicidade atualmente?) t\u00eam \u00e9 que at\u00e9 100 anos de hist\u00f3ria o clube viveu dias de gl\u00f3rias. H\u00e1 20 anos que a politicagem cruzmaltina v\u00eam acabando com o clube, sobretudo, com o futebol. A imagem do Vasco hoje \u00e9 alvo de piadas.<\/p>\n<p>Clubes medianos como o FlormimenC e Bahia querendo apequenar o Vasco. Isto, porque, desconhecem a sua linda hist\u00f3ria, que \u00e9 bem diferente da est\u00f3ria de um certo clube Molambo e Exclu\u00eddo por quem realmente entende de assuntos futebol\u00edsticos. A culpa disso \u00e9 de alguns gestores (que jamais poderiam ser s\u00edndicos de seus condom\u00ednios, que dir\u00e1 cartolas de um Gigante) que na vaidade pessoal, ou at\u00e9 mesmo na m\u00e1 inten\u00e7\u00e3o do enriquecimento as custas do clube passaram por cima de valores \u00e9ticos e morais! Uma l\u00e1stima!<\/p>\n<p>N\u00e3o d\u00e1 para aceitar que no dia da Comemora\u00e7\u00e3o pelos 120 anos do clube, o time (que disputa somente esta competi\u00e7\u00e3o) esteja a um ponto da Zona de Rebaixamento para a S\u00e9rie B, em 2019! O pr\u00f3ximo desafio do Vasco ser\u00e1 quinta-feira, dia 23, no Est\u00e1dio Independ\u00eancia, \u00e0s 20h, contra o Atl\u00e9tico Mineiro. Ser\u00e1 outro sofrimento.<\/p>\n<p><strong>VERGONHA (MAIS DE 4 ANOS!):<\/strong><\/p>\n<p>DEPOIS DE AGUARDAR <strong> 62 MESES, OU SEJA, 5 ANOS E 2 MESES! (CARRO DESDE 10 DE JUNHO DE 2013)<\/strong> COM O CARRO PRESO NA OFICINA DA ABOLI\u00c7\u00c3O VE\u00cdCULOS COM APENAS 729 KM RODADOS, EM UM PROCESSO COM 8 VOLUMES, NA 1\u00aa VARA CIVEL, DA COMARCA DE NITER\u00d3I\/RJ, REGIONAL OCE\u00c2NICA, A SENTEN\u00c7A FOI INDEFERIR TODOS OS MEUS PEDIDOS E AINDA CONDENAR EM 10% DE CUSTAS JUDICIAIS. OU SEJA, FIQUEI SEM CARRO ESSE TEMPO TODO (MESMO PAGANDO \u00c0 VISTA POR ELE), JUNTEI PROVAS COMO REGISTRO DE OCORR\u00caNCIA DA POL\u00cdCIA CIVIL\/RJ, BOLETIM DE OCORR\u00caNCIA DA POLICIA MILITAR\/RJ, ORDENS DE SERVI\u00c7O, MAIS DE 600 FOTOGRAFIAS, MAIS DE 40 \u00c1UDIOS, NOTAS FISCAIS, NOTAS DE T\u00c1XI, PRONTU\u00c1RIOS M\u00c9DICOS, POIS NESTE PER\u00cdODO TIVE PROBLEMAS DE SA\u00daDE, BEM COMO MEUS FAMILIARES, TENDO UMA FILHA QUE HOJE TEM APENAS 5 ANOS, NA \u00c9POCA POUCO MAIS DE 1 ANINHO. VALE LEMBRAR, QUE OS PRIMEIROS DEFEITOS SE DERAM QUANDO O CARRO TINHA MENOS DE 30 KM RODADOS. TUDO ISSO PARA NADA. QUEM GOSTOU DO RESULTADO DA DOUTA MAGRISTRADA FORAM AS EMPRESAS R\u00c9S \u2013 QUE ME LESARAM \u2013 ABOLI\u00c7\u00c3O VE\u00cdCULOS E VW DO BRASIL <strong>(PROCESSO: No 0016370-44.2013.8.19.0212).<\/strong><\/p>\n<p><strong>AP\u00d3S AS TODAS AS PARTIDAS DO VASC\u00c3O EM MEU PERFIL DO FACEBOOK (QUEM QUISER RECEBER AS CR\u00d4NICAS DE PRIMEIRA M\u00c3O \u00c9 S\u00d3 ME ADICIONAR), E NO SITE WEBVASCO (www.webvasco.com), TEM A OPINI\u00c3O DO JORNALISTA LUIZ CARLOS ROCHA. LEIAM! COMPARTILHEM E CURTAM! VASCA\u00cdNOS UNIDOS JAMAIS SER\u00c3O VENCIDOS.<\/strong><\/p>\n","protected":false},"excerpt":{"rendered":"<p>Na v\u00e9spera de anivers\u00e1rio de sua funda\u00e7\u00e3o (21 de agosto de 1898), O Vasco da&#8230;<\/p>\n","protected":false},"author":7,"featured_media":0,"comment_status":"open","ping_status":"closed","sticky":false,"template":"","format":"standard","meta":{"footnotes":""},"categories":[4],"tags":[],"class_list":["post-8594","post","type-post","status-publish","format-standard","hentry","category-luizcarlosrocha"],"_links":{"self":[{"href":"https:\/\/webvasco.com\/artigos\/wp-json\/wp\/v2\/posts\/8594","targetHints":{"allow":["GET"]}}],"collection":[{"href":"https:\/\/webvasco.com\/artigos\/wp-json\/wp\/v2\/posts"}],"about":[{"href":"https:\/\/webvasco.com\/artigos\/wp-json\/wp\/v2\/types\/post"}],"author":[{"embeddable":true,"href":"https:\/\/webvasco.com\/artigos\/wp-json\/wp\/v2\/users\/7"}],"replies":[{"embeddable":true,"href":"https:\/\/webvasco.com\/artigos\/wp-json\/wp\/v2\/comments?post=8594"}],"version-history":[{"count":0,"href":"https:\/\/webvasco.com\/artigos\/wp-json\/wp\/v2\/posts\/8594\/revisions"}],"wp:attachment":[{"href":"https:\/\/webvasco.com\/artigos\/wp-json\/wp\/v2\/media?parent=8594"}],"wp:term":[{"taxonomy":"category","embeddable":true,"href":"https:\/\/webvasco.com\/artigos\/wp-json\/wp\/v2\/categories?post=8594"},{"taxonomy":"post_tag","embeddable":true,"href":"https:\/\/webvasco.com\/artigos\/wp-json\/wp\/v2\/tags?post=8594"}],"curies":[{"name":"wp","href":"https:\/\/api.w.org\/{rel}","templated":true}]}}