{"id":8598,"date":"2018-08-31T12:15:45","date_gmt":"2018-08-31T15:15:45","guid":{"rendered":"http:\/\/webvasco.com\/artigos\/?p=8598"},"modified":"2018-09-02T18:49:02","modified_gmt":"2018-09-02T21:49:02","slug":"elas-o-professor-bruna-martins","status":"publish","type":"post","link":"https:\/\/webvasco.com\/artigos\/temas\/elas-e-o-professor\/elas-o-professor-bruna-martins\/","title":{"rendered":"ELAS &amp; O PROFESSOR &#8211; BRUNA MARTINS"},"content":{"rendered":"<p>&nbsp;<\/p>\n<p>A entrevista de agosto de 2018, com Bruna Martins Cardoso \u00e9 dedicada \u00e0 minha filhotinha <strong>\u00darsulla Rocha<\/strong>, que \u00e9 uma vasca\u00edna de alma.<\/p>\n<p><strong>BRUNA MARTINS, <\/strong>solteira, 36 anos bem vividos, estudante de direito, pretende em um futuro pr\u00f3ximo ser magistrada, salgueirense<strong>, <\/strong>moradora de Bonsucesso\/RJ. A simp\u00e1tica jovem nas horas vagas se dedica \u00e0 fam\u00edlia e gosta de estar em companhia dos amigos. Seu maior orgulho \u00e9 ser mam\u00e3e do pequeno-grande Enzo, que \u00e9 claro tamb\u00e9m \u00e9 vasca\u00edno.<\/p>\n<p><strong> Voc\u00ea gostou da contrata\u00e7\u00e3o do treinador Alberto Valentim?<\/strong><\/p>\n<p>Sim, \u00e9 um treinador competente e que fez um bom trabalho no Botafogo.<\/p>\n<p><strong>Na sua opini\u00e3o ele levar\u00e1 o Vasco a se classificar para a Libertadores?<\/strong><\/p>\n<p>N\u00e3o, o time do Vasco \u00e9 muito limitado, acredito que fique entre os que ir\u00e3o pra Sul-Americana.<\/p>\n<p><strong>Valdir Bigode merecia ser efetivado?<\/strong><\/p>\n<p>Sim, por ter bastante experi\u00eancia com o elenco atual.<\/p>\n<p><strong>Por que o Vasco da Gama ainda n\u00e3o conseguiu embalar?<\/strong><\/p>\n<p>Porque nunca consegue jogar com o time principal completo, sempre tem jogador no Departamento M\u00e9dico. Acredito que quando jogar com o time completo, e com a ajuda do Max Lopes, vamos embalar.<\/p>\n<p><strong> Foi justa a homenagem aos ex atletas e ex membros da Comiss\u00e3o T\u00e9cnica pelos 20 anos da conquista da Copa Libertadores?<\/strong><\/p>\n<p>Just\u00edssima, s\u00e3o nossos her\u00f3is.<\/p>\n<p><strong>Yago Pikachu pode ser considerado \u00eddolo?<\/strong><\/p>\n<p>Ainda n\u00e3o, um \u00eddolo se faz com t\u00edtulos, e isso est\u00e1 faltando no Cruzmaltinio nos \u00faltimos anos. Por\u00e9m, por ser um jogador que honra a camisa e a grandeza do Vasco da Gama, est\u00e1 caminhando para virar um \u00eddolo sim.<\/p>\n<p><strong> Qual artista melhor representa o Gigante da Colina?<\/strong><\/p>\n<p>Nosso saudoso Chico Anysio, pois muitas das vezes assistiu aos jogos da arquibancada.<\/p>\n<p><strong> Que jogador voc\u00ea jamais gostaria de ver vestindo o manto sagrado vasca\u00edno?<\/strong><\/p>\n<p>Emerson Sheik.<\/p>\n<p><strong> Ant\u00f4nio Lopes seria um bom nome para voltar a comandar a equipe?<\/strong><\/p>\n<p>Com certeza, foi um treinador que nos deu muitas alegrias.<\/p>\n<p><strong>Na sua opini\u00e3o o Fluminense deseja ser o Vasco da Gama?<\/strong><\/p>\n<p>Querer n\u00e3o \u00e9 poder (sorriu).<\/p>\n<p><strong> Se n\u00e3o fosse vasca\u00edna, para qual time torceria?<\/strong><\/p>\n<p>N\u00e3o me vejo torcedora de nenhum outro time, o Vasco da Gama me escolheu e sou muito feliz por isso.<\/p>\n<p><strong> \u00c9 desejo seu ver o clube forte em todos os esportes, ou s\u00f3 o futebol \u00e9 suficiente?<\/strong><\/p>\n<p>O meu sonho \u00e9 ver o Vasco campe\u00e3o em todos os esportes poss\u00edveis que ele possa participar, como em 1997 quando incentivava diversas outras modalidades, tais como: ping pong, v\u00f4lei, basquete&#8230;<\/p>\n<p><strong>FOTOGRAFIAS: FORNECIDA PELA ENTREVISTADA.<\/strong><\/p>\n<div id='gallery-1' class='gallery galleryid-8598 gallery-columns-3 gallery-size-thumbnail'><figure class='gallery-item'>\n\t\t\t<div class='gallery-icon landscape'>\n\t\t\t\t<a href='https:\/\/webvasco.com\/artigos\/temas\/elas-e-o-professor\/elas-o-professor-bruna-martins\/attachment\/20170906_161204\/'><img loading=\"lazy\" decoding=\"async\" width=\"150\" height=\"113\" src=\"https:\/\/webvasco.com\/artigos\/wp-content\/uploads\/2018\/08\/20170906_161204-150x113.jpg\" class=\"attachment-thumbnail size-thumbnail\" alt=\"\" srcset=\"https:\/\/webvasco.com\/artigos\/wp-content\/uploads\/2018\/08\/20170906_161204-150x113.jpg 150w, https:\/\/webvasco.com\/artigos\/wp-content\/uploads\/2018\/08\/20170906_161204-300x225.jpg 300w, https:\/\/webvasco.com\/artigos\/wp-content\/uploads\/2018\/08\/20170906_161204-768x576.jpg 768w, https:\/\/webvasco.com\/artigos\/wp-content\/uploads\/2018\/08\/20170906_161204-1024x768.jpg 1024w\" sizes=\"auto, (max-width: 150px) 100vw, 150px\" \/><\/a>\n\t\t\t<\/div><\/figure><figure class='gallery-item'>\n\t\t\t<div class='gallery-icon portrait'>\n\t\t\t\t<a href='https:\/\/webvasco.com\/artigos\/temas\/elas-e-o-professor\/elas-o-professor-bruna-martins\/attachment\/061\/'><img loading=\"lazy\" decoding=\"async\" width=\"147\" height=\"150\" src=\"https:\/\/webvasco.com\/artigos\/wp-content\/uploads\/2018\/08\/061-147x150.jpg\" class=\"attachment-thumbnail size-thumbnail\" alt=\"\" srcset=\"https:\/\/webvasco.com\/artigos\/wp-content\/uploads\/2018\/08\/061-147x150.jpg 147w, https:\/\/webvasco.com\/artigos\/wp-content\/uploads\/2018\/08\/061-293x300.jpg 293w, https:\/\/webvasco.com\/artigos\/wp-content\/uploads\/2018\/08\/061-768x786.jpg 768w, https:\/\/webvasco.com\/artigos\/wp-content\/uploads\/2018\/08\/061-1000x1024.jpg 1000w\" sizes=\"auto, (max-width: 147px) 100vw, 147px\" \/><\/a>\n\t\t\t<\/div><\/figure><figure class='gallery-item'>\n\t\t\t<div class='gallery-icon landscape'>\n\t\t\t\t<a href='https:\/\/webvasco.com\/artigos\/temas\/elas-e-o-professor\/elas-o-professor-bruna-martins\/attachment\/080-2\/'><img loading=\"lazy\" decoding=\"async\" width=\"150\" height=\"150\" src=\"https:\/\/webvasco.com\/artigos\/wp-content\/uploads\/2018\/08\/080-150x150.jpg\" class=\"attachment-thumbnail size-thumbnail\" alt=\"\" srcset=\"https:\/\/webvasco.com\/artigos\/wp-content\/uploads\/2018\/08\/080-150x150.jpg 150w, https:\/\/webvasco.com\/artigos\/wp-content\/uploads\/2018\/08\/080-300x298.jpg 300w, https:\/\/webvasco.com\/artigos\/wp-content\/uploads\/2018\/08\/080-768x763.jpg 768w, https:\/\/webvasco.com\/artigos\/wp-content\/uploads\/2018\/08\/080-1024x1017.jpg 1024w\" sizes=\"auto, (max-width: 150px) 100vw, 150px\" \/><\/a>\n\t\t\t<\/div><\/figure><figure class='gallery-item'>\n\t\t\t<div class='gallery-icon portrait'>\n\t\t\t\t<a href='https:\/\/webvasco.com\/artigos\/temas\/elas-e-o-professor\/elas-o-professor-bruna-martins\/attachment\/20170212_131947\/'><img loading=\"lazy\" decoding=\"async\" width=\"113\" height=\"150\" src=\"https:\/\/webvasco.com\/artigos\/wp-content\/uploads\/2018\/08\/20170212_131947-113x150.jpg\" class=\"attachment-thumbnail size-thumbnail\" alt=\"\" srcset=\"https:\/\/webvasco.com\/artigos\/wp-content\/uploads\/2018\/08\/20170212_131947-113x150.jpg 113w, https:\/\/webvasco.com\/artigos\/wp-content\/uploads\/2018\/08\/20170212_131947-225x300.jpg 225w, https:\/\/webvasco.com\/artigos\/wp-content\/uploads\/2018\/08\/20170212_131947-768x1024.jpg 768w, https:\/\/webvasco.com\/artigos\/wp-content\/uploads\/2018\/08\/20170212_131947.jpg 1932w\" sizes=\"auto, (max-width: 113px) 100vw, 113px\" \/><\/a>\n\t\t\t<\/div><\/figure><figure class='gallery-item'>\n\t\t\t<div class='gallery-icon portrait'>\n\t\t\t\t<a href='https:\/\/webvasco.com\/artigos\/temas\/elas-e-o-professor\/elas-o-professor-bruna-martins\/attachment\/20170416_195250\/'><img loading=\"lazy\" decoding=\"async\" width=\"132\" height=\"150\" src=\"https:\/\/webvasco.com\/artigos\/wp-content\/uploads\/2018\/08\/20170416_195250-132x150.jpg\" class=\"attachment-thumbnail size-thumbnail\" alt=\"\" srcset=\"https:\/\/webvasco.com\/artigos\/wp-content\/uploads\/2018\/08\/20170416_195250-132x150.jpg 132w, https:\/\/webvasco.com\/artigos\/wp-content\/uploads\/2018\/08\/20170416_195250-264x300.jpg 264w, https:\/\/webvasco.com\/artigos\/wp-content\/uploads\/2018\/08\/20170416_195250-768x873.jpg 768w, https:\/\/webvasco.com\/artigos\/wp-content\/uploads\/2018\/08\/20170416_195250-901x1024.jpg 901w, https:\/\/webvasco.com\/artigos\/wp-content\/uploads\/2018\/08\/20170416_195250.jpg 1928w\" sizes=\"auto, (max-width: 132px) 100vw, 132px\" \/><\/a>\n\t\t\t<\/div><\/figure><figure class='gallery-item'>\n\t\t\t<div class='gallery-icon landscape'>\n\t\t\t\t<a href='https:\/\/webvasco.com\/artigos\/temas\/elas-e-o-professor\/elas-o-professor-bruna-martins\/attachment\/20170527_154155\/'><img loading=\"lazy\" decoding=\"async\" width=\"150\" height=\"104\" src=\"https:\/\/webvasco.com\/artigos\/wp-content\/uploads\/2018\/08\/20170527_154155-150x104.jpg\" class=\"attachment-thumbnail size-thumbnail\" alt=\"\" srcset=\"https:\/\/webvasco.com\/artigos\/wp-content\/uploads\/2018\/08\/20170527_154155-150x104.jpg 150w, https:\/\/webvasco.com\/artigos\/wp-content\/uploads\/2018\/08\/20170527_154155-300x208.jpg 300w, https:\/\/webvasco.com\/artigos\/wp-content\/uploads\/2018\/08\/20170527_154155-768x531.jpg 768w, https:\/\/webvasco.com\/artigos\/wp-content\/uploads\/2018\/08\/20170527_154155-1024x709.jpg 1024w\" sizes=\"auto, (max-width: 150px) 100vw, 150px\" \/><\/a>\n\t\t\t<\/div><\/figure>\n\t\t<\/div>\n\n","protected":false},"excerpt":{"rendered":"<p>&nbsp; A entrevista de agosto de 2018, com Bruna Martins Cardoso \u00e9 dedicada \u00e0 minha&#8230;<\/p>\n","protected":false},"author":7,"featured_media":8599,"comment_status":"open","ping_status":"closed","sticky":false,"template":"","format":"standard","meta":{"footnotes":""},"categories":[27],"tags":[],"class_list":["post-8598","post","type-post","status-publish","format-standard","has-post-thumbnail","hentry","category-elas-e-o-professor"],"_links":{"self":[{"href":"https:\/\/webvasco.com\/artigos\/wp-json\/wp\/v2\/posts\/8598","targetHints":{"allow":["GET"]}}],"collection":[{"href":"https:\/\/webvasco.com\/artigos\/wp-json\/wp\/v2\/posts"}],"about":[{"href":"https:\/\/webvasco.com\/artigos\/wp-json\/wp\/v2\/types\/post"}],"author":[{"embeddable":true,"href":"https:\/\/webvasco.com\/artigos\/wp-json\/wp\/v2\/users\/7"}],"replies":[{"embeddable":true,"href":"https:\/\/webvasco.com\/artigos\/wp-json\/wp\/v2\/comments?post=8598"}],"version-history":[{"count":3,"href":"https:\/\/webvasco.com\/artigos\/wp-json\/wp\/v2\/posts\/8598\/revisions"}],"predecessor-version":[{"id":8607,"href":"https:\/\/webvasco.com\/artigos\/wp-json\/wp\/v2\/posts\/8598\/revisions\/8607"}],"wp:featuredmedia":[{"embeddable":true,"href":"https:\/\/webvasco.com\/artigos\/wp-json\/wp\/v2\/media\/8599"}],"wp:attachment":[{"href":"https:\/\/webvasco.com\/artigos\/wp-json\/wp\/v2\/media?parent=8598"}],"wp:term":[{"taxonomy":"category","embeddable":true,"href":"https:\/\/webvasco.com\/artigos\/wp-json\/wp\/v2\/categories?post=8598"},{"taxonomy":"post_tag","embeddable":true,"href":"https:\/\/webvasco.com\/artigos\/wp-json\/wp\/v2\/tags?post=8598"}],"curies":[{"name":"wp","href":"https:\/\/api.w.org\/{rel}","templated":true}]}}