{"id":8608,"date":"2018-09-30T20:50:24","date_gmt":"2018-09-30T23:50:24","guid":{"rendered":"http:\/\/webvasco.com\/artigos\/?p=8608"},"modified":"2018-10-01T12:05:54","modified_gmt":"2018-10-01T15:05:54","slug":"elas-o-professor-may","status":"publish","type":"post","link":"https:\/\/webvasco.com\/artigos\/temas\/elas-e-o-professor\/elas-o-professor-may\/","title":{"rendered":"ELAS &amp; O PROFESSOR &#8211; MAY"},"content":{"rendered":"<p><strong>ELAS &amp; O PROFESSOR<\/strong><\/p>\n<p><strong>POR LUIZ CARLOS ROCHA<\/strong><\/p>\n<p>A entrevista de setembro de 2018, com Mayara Prud\u00eancio Monteiro \u00e9 dedicada \u00e0 minha filha linda que atende pelo nome de <strong>\u00darsulla Rocha<\/strong>, na qual \u00e9 a vasca\u00edna que mais amo!<\/p>\n<p><strong>MAY, <\/strong>como \u00e9 conhecida, \u00e9 solteira, t\u00eam 29 anos, virginiana ganha a vida como auxiliar em sa\u00fade Bucal, sua Escola de Samba de cora\u00e7\u00e3o \u00e9 a Mangueira<strong>, <\/strong>rosa \u00e9 a sua cor preferida, moradora de Ramos\/RJ. Em momentos de lazer a vasca\u00edna curte sair com os amigos para a praia e academia. Gosta tamb\u00e9m de samba e de cervejinha gelada \u00e9 claro.<\/p>\n<p><strong> Voc\u00ea acredita que o Vasco permanecer\u00e1 na Primeira Divis\u00e3o, em 2019?<\/strong><\/p>\n<p>Sim. Apesar do time ser limitado, um treinador mais experiente resolver\u00e1.<\/p>\n<p><strong>A contrata\u00e7\u00e3o do treinador Alberto Valentim foi a melhor op\u00e7\u00e3o que o presidente tinha no momento?<\/strong><\/p>\n<p>N\u00e3o. Existiam mais experientes dispon\u00edveis, como Dorival J\u00fanior e Abel Braga<\/p>\n<p><strong>Valdir Bigode est\u00e1 mais adequado a realidade do Gigante da Colina do que Alberto Valentim?<\/strong><\/p>\n<p>Est\u00e1.<\/p>\n<p><strong>A grandeza do Cruzmaltino aflorou a vaidade do t\u00e9cnico, impedindo um trabalho com uma maior seriedade?<\/strong><\/p>\n<p>N\u00e3o acho.<\/p>\n<p><strong> Alexandre Campello \u00e9 um novo Eurico Miranda?<\/strong><\/p>\n<p>N\u00e3o. Precisaria de muitos anos de m\u00e1 gest\u00e3o para poder compar\u00e1-lo com o Eurico.<\/p>\n<p><strong>O mandat\u00e1rio vasca\u00edno \u00e9 melhor m\u00e9dico do que presidente?<\/strong><\/p>\n<p>Sim. Ele se capacitou para ser m\u00e9dico. N\u00e3o pra ser gestor de um clube da grandeza do Vasco da Gama<\/p>\n<p><strong> O que \u00e9 mais importante: a constru\u00e7\u00e3o de um CT, ou a reestrutura\u00e7\u00e3o de S\u00e3o Janu\u00e1rio?<\/strong><\/p>\n<p>A reestrutura\u00e7\u00e3o de S\u00e3o Janu\u00e1rio \u00e9 mais importante. Mas antes disso \u00e9 necess\u00e1rio que a equipe tenha um CT.<\/p>\n<p><strong> O entorno tamb\u00e9m precisa melhorar?<\/strong><\/p>\n<p>Precisa.<\/p>\n<p><strong> Estando entre as cinco maiores torcidas do Brasil, mas ao mesmo tempo falhando em a\u00e7\u00f5es de marketing, \u00e9 preciso reorganizar este departamento para que a marca Vasco da Gama volte a crescer?<\/strong><\/p>\n<p>Sim, claro.<\/p>\n<p><strong>O que falta para o clube entrar definitivamente no S\u00e9culo XXI?<\/strong><\/p>\n<p>Falta uma diretoria com expertise em gest\u00e3o empresarial e marketing.<\/p>\n<p><strong> Quem \u00e9 o maior inimigo do Cruzmaltino de todos os tempos?<\/strong><\/p>\n<p>Eurico Miranda.<\/p>\n<p><strong> As torcidas organizadas est\u00e3o vendidas ao sistema da corrup\u00e7\u00e3o e da incompet\u00eancia?<\/strong><\/p>\n<p>Sim.<\/p>\n<p><strong>O que \u00e9 ser Vasco?<\/strong><\/p>\n<p>Ser Vasco \u00e9 fazer parte da hist\u00f3ria do Brasil. \u00c9 n\u00e3o ter preconceito. \u00c9 estar ao lado do clube, independente das circunst\u00e2ncias. \u00c9 crer que o Vasco da Gama \u00e9 maior do que qualquer um que tenta derrub\u00e1-lo por causa de interesses pessoais.<\/p>\n<p><strong>FOTOGRAFIAS: FORNECIDA PELA ENTREVISTADA.<\/strong><\/p>\n<p><a href=\"https:\/\/webvasco.com\/artigos\/wp-content\/uploads\/2018\/09\/may.jpg\"><img loading=\"lazy\" decoding=\"async\" class=\"alignright size-medium wp-image-8613\" src=\"https:\/\/webvasco.com\/artigos\/wp-content\/uploads\/2018\/09\/may-198x300.jpg\" alt=\"\" width=\"198\" height=\"300\" srcset=\"https:\/\/webvasco.com\/artigos\/wp-content\/uploads\/2018\/09\/may-198x300.jpg 198w, https:\/\/webvasco.com\/artigos\/wp-content\/uploads\/2018\/09\/may-99x150.jpg 99w, https:\/\/webvasco.com\/artigos\/wp-content\/uploads\/2018\/09\/may-768x1166.jpg 768w, https:\/\/webvasco.com\/artigos\/wp-content\/uploads\/2018\/09\/may-674x1024.jpg 674w\" sizes=\"auto, (max-width: 198px) 100vw, 198px\" \/><\/a> <a href=\"https:\/\/webvasco.com\/artigos\/wp-content\/uploads\/2018\/09\/may-5.jpg\"><img loading=\"lazy\" decoding=\"async\" class=\"alignright size-medium wp-image-8612\" src=\"https:\/\/webvasco.com\/artigos\/wp-content\/uploads\/2018\/09\/may-5-169x300.jpg\" alt=\"\" width=\"169\" height=\"300\" srcset=\"https:\/\/webvasco.com\/artigos\/wp-content\/uploads\/2018\/09\/may-5-169x300.jpg 169w, https:\/\/webvasco.com\/artigos\/wp-content\/uploads\/2018\/09\/may-5-85x150.jpg 85w, https:\/\/webvasco.com\/artigos\/wp-content\/uploads\/2018\/09\/may-5-768x1362.jpg 768w, https:\/\/webvasco.com\/artigos\/wp-content\/uploads\/2018\/09\/may-5-577x1024.jpg 577w\" sizes=\"auto, (max-width: 169px) 100vw, 169px\" \/><\/a> <a href=\"https:\/\/webvasco.com\/artigos\/wp-content\/uploads\/2018\/09\/may-4.jpg\"><img loading=\"lazy\" decoding=\"async\" class=\"alignright size-medium wp-image-8611\" src=\"https:\/\/webvasco.com\/artigos\/wp-content\/uploads\/2018\/09\/may-4-266x300.jpg\" alt=\"\" width=\"266\" height=\"300\" srcset=\"https:\/\/webvasco.com\/artigos\/wp-content\/uploads\/2018\/09\/may-4-266x300.jpg 266w, https:\/\/webvasco.com\/artigos\/wp-content\/uploads\/2018\/09\/may-4-133x150.jpg 133w, https:\/\/webvasco.com\/artigos\/wp-content\/uploads\/2018\/09\/may-4-768x866.jpg 768w, https:\/\/webvasco.com\/artigos\/wp-content\/uploads\/2018\/09\/may-4.jpg 864w\" sizes=\"auto, (max-width: 266px) 100vw, 266px\" \/><\/a> <a href=\"https:\/\/webvasco.com\/artigos\/wp-content\/uploads\/2018\/09\/may-3.jpg\"><img loading=\"lazy\" decoding=\"async\" class=\"alignright size-medium wp-image-8610\" src=\"https:\/\/webvasco.com\/artigos\/wp-content\/uploads\/2018\/09\/may-3-300x169.jpg\" alt=\"\" width=\"300\" height=\"169\" srcset=\"https:\/\/webvasco.com\/artigos\/wp-content\/uploads\/2018\/09\/may-3-300x169.jpg 300w, https:\/\/webvasco.com\/artigos\/wp-content\/uploads\/2018\/09\/may-3-150x84.jpg 150w, https:\/\/webvasco.com\/artigos\/wp-content\/uploads\/2018\/09\/may-3-768x432.jpg 768w, https:\/\/webvasco.com\/artigos\/wp-content\/uploads\/2018\/09\/may-3-1024x576.jpg 1024w, https:\/\/webvasco.com\/artigos\/wp-content\/uploads\/2018\/09\/may-3-777x437.jpg 777w, https:\/\/webvasco.com\/artigos\/wp-content\/uploads\/2018\/09\/may-3-260x146.jpg 260w, https:\/\/webvasco.com\/artigos\/wp-content\/uploads\/2018\/09\/may-3-120x67.jpg 120w\" sizes=\"auto, (max-width: 300px) 100vw, 300px\" \/><\/a> <a href=\"https:\/\/webvasco.com\/artigos\/wp-content\/uploads\/2018\/09\/may-2.jpg\"><img loading=\"lazy\" decoding=\"async\" class=\"alignright size-medium wp-image-8609\" src=\"https:\/\/webvasco.com\/artigos\/wp-content\/uploads\/2018\/09\/may-2-233x300.jpg\" alt=\"\" width=\"233\" height=\"300\" srcset=\"https:\/\/webvasco.com\/artigos\/wp-content\/uploads\/2018\/09\/may-2-233x300.jpg 233w, https:\/\/webvasco.com\/artigos\/wp-content\/uploads\/2018\/09\/may-2-117x150.jpg 117w, https:\/\/webvasco.com\/artigos\/wp-content\/uploads\/2018\/09\/may-2-768x988.jpg 768w, https:\/\/webvasco.com\/artigos\/wp-content\/uploads\/2018\/09\/may-2-796x1024.jpg 796w\" sizes=\"auto, (max-width: 233px) 100vw, 233px\" \/><\/a><\/p>\n","protected":false},"excerpt":{"rendered":"<p>ELAS &amp; O PROFESSOR POR LUIZ CARLOS ROCHA A entrevista de setembro de 2018, com&#8230;<\/p>\n","protected":false},"author":7,"featured_media":8610,"comment_status":"open","ping_status":"closed","sticky":false,"template":"","format":"standard","meta":{"footnotes":""},"categories":[27],"tags":[],"class_list":["post-8608","post","type-post","status-publish","format-standard","has-post-thumbnail","hentry","category-elas-e-o-professor"],"_links":{"self":[{"href":"https:\/\/webvasco.com\/artigos\/wp-json\/wp\/v2\/posts\/8608","targetHints":{"allow":["GET"]}}],"collection":[{"href":"https:\/\/webvasco.com\/artigos\/wp-json\/wp\/v2\/posts"}],"about":[{"href":"https:\/\/webvasco.com\/artigos\/wp-json\/wp\/v2\/types\/post"}],"author":[{"embeddable":true,"href":"https:\/\/webvasco.com\/artigos\/wp-json\/wp\/v2\/users\/7"}],"replies":[{"embeddable":true,"href":"https:\/\/webvasco.com\/artigos\/wp-json\/wp\/v2\/comments?post=8608"}],"version-history":[{"count":3,"href":"https:\/\/webvasco.com\/artigos\/wp-json\/wp\/v2\/posts\/8608\/revisions"}],"predecessor-version":[{"id":8616,"href":"https:\/\/webvasco.com\/artigos\/wp-json\/wp\/v2\/posts\/8608\/revisions\/8616"}],"wp:featuredmedia":[{"embeddable":true,"href":"https:\/\/webvasco.com\/artigos\/wp-json\/wp\/v2\/media\/8610"}],"wp:attachment":[{"href":"https:\/\/webvasco.com\/artigos\/wp-json\/wp\/v2\/media?parent=8608"}],"wp:term":[{"taxonomy":"category","embeddable":true,"href":"https:\/\/webvasco.com\/artigos\/wp-json\/wp\/v2\/categories?post=8608"},{"taxonomy":"post_tag","embeddable":true,"href":"https:\/\/webvasco.com\/artigos\/wp-json\/wp\/v2\/tags?post=8608"}],"curies":[{"name":"wp","href":"https:\/\/api.w.org\/{rel}","templated":true}]}}