{"id":8617,"date":"2018-10-29T18:49:52","date_gmt":"2018-10-29T21:49:52","guid":{"rendered":"http:\/\/webvasco.com\/artigos\/?p=8617"},"modified":"2018-10-29T19:24:26","modified_gmt":"2018-10-29T22:24:26","slug":"elas-o-professor-debi","status":"publish","type":"post","link":"https:\/\/webvasco.com\/artigos\/temas\/elas-e-o-professor\/elas-o-professor-debi\/","title":{"rendered":"ELAS &#038; O PROFESSOR &#8211; DEBI"},"content":{"rendered":"<p><strong>ELAS &amp; O PROFESSOR<\/strong><\/p>\n<p><strong>POR LUIZ CARLOS ROCHA<\/strong><\/p>\n<p>A entrevista de outubro de 2018, com D\u00e9bora Rodrigues dos Santos Martins \u00e9 dedicada \u00e0 minha filha linda que atende pelo nome de\u00a0<strong>\u00darsulla Rocha<\/strong>, na qual \u00e9 a vasca\u00edna que mais amo!<\/p>\n<p><strong>DEBI,\u00a0<\/strong>como \u00e9 conhecida, \u00e9 casada, t\u00eam 22 anos, escorpiana e ganha a vida como assistente administrativa. Sua Escola de Samba de cora\u00e7\u00e3o \u00e9 a Mangueira e mora na Pavuna\/RJ. Nas horas vagas adora curtir a fam\u00edlia e amigos, sair, e assistir o Vasc\u00e3o com uma cervejinha do lado. Ela tamb\u00e9m \u00e9 mam\u00e3e do pr\u00edncipe N\u00edcollas.<\/p>\n<p>&nbsp;<\/p>\n<p><strong>Em qual posi\u00e7\u00e3o voc\u00ea acredita que o Vasco da Gama acabar\u00e1 o campeonato brasileiro?<\/strong><\/p>\n<p>Acredito que entre a Sul-americana.<\/p>\n<p>&nbsp;<\/p>\n<p><strong>Haver\u00e1 Fair Play entre o cruzmaltino e o porco, uma vez que, em 2011 o Palmeiras, para n\u00e3o ser rebaixado, contou com uma \u201cajudinha\u201d vasca\u00edna, na vit\u00f3ria dentro de S\u00e3o Janu\u00e1rio (naquela \u00e9poca brigava pelo t\u00edtulo, tanto que foi vice campe\u00e3o com uma diferen\u00e7a de um ponto apenas), como uma forma de retribui\u00e7\u00e3o da irmandade?<\/strong><\/p>\n<p>Acho que n\u00e3o. Cada um faz sua parte.<\/p>\n<p>&nbsp;<\/p>\n<p><strong>Porque o bacalhau n\u00e3o contratou o treinador Luiz Felipe Scolari, em vez de estar \u201cdando cabe\u00e7adas com cabe\u00e7as de bagre\u201d?<\/strong><\/p>\n<p>Deve ser por quest\u00f5es financeiras.<\/p>\n<p>&nbsp;<\/p>\n<p><strong>Existe uma liga\u00e7\u00e3o forte entre Vasco e Palmeiras, porque os gestores vasca\u00ednos n\u00e3o aprendem administra\u00e7\u00e3o com os cartolas de sampa?<\/strong><\/p>\n<p>S\u00e3o gest\u00f5es diferentes, e a gest\u00e3o do Vasco n\u00e3o faz esfor\u00e7o para mudar.<\/p>\n<p>&nbsp;<\/p>\n<p><strong>Edmundo \u00e9 vasca\u00edno ou palmeirense, na sua opini\u00e3o?<\/strong><\/p>\n<p>Sempre Cruz-Maltino.<\/p>\n<p>&nbsp;<\/p>\n<p><strong>O cruzmaltino um dia voltar\u00e1 a ser gigante?<\/strong><\/p>\n<p>Nunca deixou de ser um GIGANTE (pontuou com convic\u00e7\u00e3o).<\/p>\n<p>&nbsp;<\/p>\n<p><strong>Qual conquista mais lhe marcou?<\/strong><\/p>\n<p>2011 Campe\u00e3o da Copa do Brasil.<\/p>\n<p>&nbsp;<\/p>\n<p><strong>O que voc\u00ea sente quando v\u00ea jogar bem, em outra equipe, uma revela\u00e7\u00e3o vasca\u00edna?<\/strong><\/p>\n<p>Uma sensa\u00e7\u00e3o de dever cumprido. Vasco faz sua parte.<\/p>\n<p>&nbsp;<\/p>\n<p><strong>Se pudesse mudar algo no clube, o que voc\u00ea mudaria?<\/strong><\/p>\n<p>Gestores.<\/p>\n<p>&nbsp;<\/p>\n<p><strong>Arrumar a casa \u00e9 primeiro zerar as d\u00edvidas?<\/strong><\/p>\n<p>Positivo.<\/p>\n<p>&nbsp;<\/p>\n<p><strong>Qual patrocinador voc\u00ea gostaria de ver estampando sua marca no manto sagrado?<\/strong><\/p>\n<p>Nike.<\/p>\n<p>&nbsp;<\/p>\n<p><strong>A Diadora \u00e9 pequena diante o tamanho da hist\u00f3ria do Vasco?<\/strong><\/p>\n<p>Sim.<\/p>\n<p>&nbsp;<\/p>\n<p><strong>Qual o pior e o melhor jogador de futebol do time de todos os tempos?<\/strong><\/p>\n<p>No momento atual do Vasco, o pior \u00e9 o Fabr\u00edcio. J\u00e1 o melhor \u00e9 o Picachu.<\/p>\n<p>&nbsp;<\/p>\n<p><strong>Martin Silva deve ser reserva de Fernando Miguel, diante da instabilidade?<\/strong><\/p>\n<p>Martin Silva n\u00e3o \u00e9 goleiro pra ser reserva.<\/p>\n<p>&nbsp;<\/p>\n<p><strong>FOTOGRAFIAS: FORNECIDA PELA ENTREVISTADA.<\/strong><\/p>\n<p><a href=\"https:\/\/webvasco.com\/artigos\/wp-content\/uploads\/2018\/10\/IMG_20170218_174705332_HDR.jpg\"><img loading=\"lazy\" decoding=\"async\" class=\"alignright size-medium wp-image-8618\" src=\"https:\/\/webvasco.com\/artigos\/wp-content\/uploads\/2018\/10\/IMG_20170218_174705332_HDR-195x300.jpg\" alt=\"\" width=\"195\" height=\"300\" srcset=\"https:\/\/webvasco.com\/artigos\/wp-content\/uploads\/2018\/10\/IMG_20170218_174705332_HDR-195x300.jpg 195w, https:\/\/webvasco.com\/artigos\/wp-content\/uploads\/2018\/10\/IMG_20170218_174705332_HDR-97x150.jpg 97w, https:\/\/webvasco.com\/artigos\/wp-content\/uploads\/2018\/10\/IMG_20170218_174705332_HDR.jpg 232w\" sizes=\"auto, (max-width: 195px) 100vw, 195px\" \/><\/a> <a href=\"https:\/\/webvasco.com\/artigos\/wp-content\/uploads\/2018\/10\/IMG_20170521_120901041.jpg\"><img loading=\"lazy\" decoding=\"async\" class=\"alignright size-medium wp-image-8619\" src=\"https:\/\/webvasco.com\/artigos\/wp-content\/uploads\/2018\/10\/IMG_20170521_120901041-169x300.jpg\" alt=\"\" width=\"169\" height=\"300\" srcset=\"https:\/\/webvasco.com\/artigos\/wp-content\/uploads\/2018\/10\/IMG_20170521_120901041-169x300.jpg 169w, https:\/\/webvasco.com\/artigos\/wp-content\/uploads\/2018\/10\/IMG_20170521_120901041-85x150.jpg 85w, https:\/\/webvasco.com\/artigos\/wp-content\/uploads\/2018\/10\/IMG_20170521_120901041.jpg 322w\" sizes=\"auto, (max-width: 169px) 100vw, 169px\" \/><\/a> <a href=\"https:\/\/webvasco.com\/artigos\/wp-content\/uploads\/2018\/10\/IMG_20171115_213613964.jpg\"><img loading=\"lazy\" decoding=\"async\" class=\"alignright size-medium wp-image-8620\" src=\"https:\/\/webvasco.com\/artigos\/wp-content\/uploads\/2018\/10\/IMG_20171115_213613964-300x225.jpg\" alt=\"\" width=\"300\" height=\"225\" srcset=\"https:\/\/webvasco.com\/artigos\/wp-content\/uploads\/2018\/10\/IMG_20171115_213613964-300x225.jpg 300w, https:\/\/webvasco.com\/artigos\/wp-content\/uploads\/2018\/10\/IMG_20171115_213613964-150x113.jpg 150w, https:\/\/webvasco.com\/artigos\/wp-content\/uploads\/2018\/10\/IMG_20171115_213613964-768x576.jpg 768w, https:\/\/webvasco.com\/artigos\/wp-content\/uploads\/2018\/10\/IMG_20171115_213613964-1024x768.jpg 1024w\" sizes=\"auto, (max-width: 300px) 100vw, 300px\" \/><\/a> <a href=\"https:\/\/webvasco.com\/artigos\/wp-content\/uploads\/2018\/10\/unnamed-2.jpg\"><img loading=\"lazy\" decoding=\"async\" class=\"alignright size-medium wp-image-8622\" src=\"https:\/\/webvasco.com\/artigos\/wp-content\/uploads\/2018\/10\/unnamed-2-300x240.jpg\" alt=\"\" width=\"300\" height=\"240\" srcset=\"https:\/\/webvasco.com\/artigos\/wp-content\/uploads\/2018\/10\/unnamed-2-300x240.jpg 300w, https:\/\/webvasco.com\/artigos\/wp-content\/uploads\/2018\/10\/unnamed-2-150x120.jpg 150w, https:\/\/webvasco.com\/artigos\/wp-content\/uploads\/2018\/10\/unnamed-2-768x615.jpg 768w, https:\/\/webvasco.com\/artigos\/wp-content\/uploads\/2018\/10\/unnamed-2-1024x820.jpg 1024w, https:\/\/webvasco.com\/artigos\/wp-content\/uploads\/2018\/10\/unnamed-2.jpg 1199w\" sizes=\"auto, (max-width: 300px) 100vw, 300px\" \/><\/a> <a href=\"https:\/\/webvasco.com\/artigos\/wp-content\/uploads\/2018\/10\/unnamed-3.jpg\"><img loading=\"lazy\" decoding=\"async\" class=\"alignright size-medium wp-image-8623\" src=\"https:\/\/webvasco.com\/artigos\/wp-content\/uploads\/2018\/10\/unnamed-3-169x300.jpg\" alt=\"\" width=\"169\" height=\"300\" srcset=\"https:\/\/webvasco.com\/artigos\/wp-content\/uploads\/2018\/10\/unnamed-3-169x300.jpg 169w, https:\/\/webvasco.com\/artigos\/wp-content\/uploads\/2018\/10\/unnamed-3-84x150.jpg 84w, https:\/\/webvasco.com\/artigos\/wp-content\/uploads\/2018\/10\/unnamed-3-768x1365.jpg 768w, https:\/\/webvasco.com\/artigos\/wp-content\/uploads\/2018\/10\/unnamed-3-576x1024.jpg 576w\" sizes=\"auto, (max-width: 169px) 100vw, 169px\" \/><\/a> <a href=\"https:\/\/webvasco.com\/artigos\/wp-content\/uploads\/2018\/10\/unnamed.jpg\"><img loading=\"lazy\" decoding=\"async\" class=\"alignright size-medium wp-image-8624\" src=\"https:\/\/webvasco.com\/artigos\/wp-content\/uploads\/2018\/10\/unnamed-169x300.jpg\" alt=\"\" width=\"169\" height=\"300\" srcset=\"https:\/\/webvasco.com\/artigos\/wp-content\/uploads\/2018\/10\/unnamed-169x300.jpg 169w, https:\/\/webvasco.com\/artigos\/wp-content\/uploads\/2018\/10\/unnamed-84x150.jpg 84w, https:\/\/webvasco.com\/artigos\/wp-content\/uploads\/2018\/10\/unnamed-768x1365.jpg 768w, https:\/\/webvasco.com\/artigos\/wp-content\/uploads\/2018\/10\/unnamed-576x1024.jpg 576w\" sizes=\"auto, (max-width: 169px) 100vw, 169px\" \/><\/a><\/p>\n","protected":false},"excerpt":{"rendered":"<p>ELAS &amp; O PROFESSOR POR LUIZ CARLOS ROCHA A entrevista de outubro de 2018, com&#8230;<\/p>\n","protected":false},"author":7,"featured_media":8620,"comment_status":"open","ping_status":"closed","sticky":false,"template":"","format":"standard","meta":{"footnotes":""},"categories":[27],"tags":[],"class_list":["post-8617","post","type-post","status-publish","format-standard","has-post-thumbnail","hentry","category-elas-e-o-professor"],"_links":{"self":[{"href":"https:\/\/webvasco.com\/artigos\/wp-json\/wp\/v2\/posts\/8617","targetHints":{"allow":["GET"]}}],"collection":[{"href":"https:\/\/webvasco.com\/artigos\/wp-json\/wp\/v2\/posts"}],"about":[{"href":"https:\/\/webvasco.com\/artigos\/wp-json\/wp\/v2\/types\/post"}],"author":[{"embeddable":true,"href":"https:\/\/webvasco.com\/artigos\/wp-json\/wp\/v2\/users\/7"}],"replies":[{"embeddable":true,"href":"https:\/\/webvasco.com\/artigos\/wp-json\/wp\/v2\/comments?post=8617"}],"version-history":[{"count":3,"href":"https:\/\/webvasco.com\/artigos\/wp-json\/wp\/v2\/posts\/8617\/revisions"}],"predecessor-version":[{"id":8627,"href":"https:\/\/webvasco.com\/artigos\/wp-json\/wp\/v2\/posts\/8617\/revisions\/8627"}],"wp:featuredmedia":[{"embeddable":true,"href":"https:\/\/webvasco.com\/artigos\/wp-json\/wp\/v2\/media\/8620"}],"wp:attachment":[{"href":"https:\/\/webvasco.com\/artigos\/wp-json\/wp\/v2\/media?parent=8617"}],"wp:term":[{"taxonomy":"category","embeddable":true,"href":"https:\/\/webvasco.com\/artigos\/wp-json\/wp\/v2\/categories?post=8617"},{"taxonomy":"post_tag","embeddable":true,"href":"https:\/\/webvasco.com\/artigos\/wp-json\/wp\/v2\/tags?post=8617"}],"curies":[{"name":"wp","href":"https:\/\/api.w.org\/{rel}","templated":true}]}}