{"id":862,"date":"2014-06-10T11:38:58","date_gmt":"2014-06-10T14:38:58","guid":{"rendered":"http:\/\/webvasco.com\/artigos\/?p=862"},"modified":"2014-06-10T11:39:28","modified_gmt":"2014-06-10T14:39:28","slug":"club-de-regatas-vasco-da-gama-e-sua-luta-contra-o-racismo","status":"publish","type":"post","link":"https:\/\/webvasco.com\/artigos\/colunistas\/marcus-simonini\/club-de-regatas-vasco-da-gama-e-sua-luta-contra-o-racismo\/","title":{"rendered":"CLUB DE REGATAS VASCO DA GAMA E SUA LUTA CONTRA O RACISMO"},"content":{"rendered":"<div>\n<div dir='ltr'>&nbsp;&nbsp;&nbsp;&nbsp;<!-- .postitle -->&nbsp;&nbsp;&nbsp;&nbsp;&nbsp;&nbsp; <br \/><a href=\"http:\/\/incondicionalmentevasco.files.wordpress.com\/2012\/06\/balotelli-11436.jpg\"><img decoding=\"async\" class=\"aligncenter size-full wp-image-2513\" alt=\"balotelli-11436\" src=\"http:\/\/incondicionalmentevasco.files.wordpress.com\/2012\/06\/balotelli-11436.jpg?w=620\"\/><\/a><br \/><strong><\/strong>&nbsp;<br \/><strong>VASCO VERDADE<\/strong><br \/>&nbsp;<br \/>\u201cO Flamengo podia ter um preto no atletismo, no basquete, no water-polo, no remo. Assistia-se a uma regata de longe, do pavilh\u00e3o da praia de Botafogo, da amurada da Avenida Beira-Mar, de uma barca. N\u00e3o se via direito o remador, via-se o barco, os remos. Os remadores, numa regata, viravam uns barcos, uns remos. Num match de futebol via-se o jogador em close-up. Batalha, Pena e H\u00e9lcio, Mamede, Seabra e Dino, Newton, Candiota, Non\u00f4, Vadinho e Moderato. O Flamengo n\u00e3o podia ter nenhum preto em futebol. Em futebol precisava ser branco, t\u00e3o branco como o Fluminense. N\u00e3o era de admirar, portanto, que quando gente do Flamengo e do Fluminense se juntava para formar um escrete carioca, o escrete sa\u00edsse todo branco, do qu\u00edper ao extrema-esquerda\u201d. (trecho de \u201cO Negro no Futebol Brasileiro\u201d, de Mario Filho)<br \/>&nbsp;<br \/>O primeiro clube brasileiro a aceitar um jogador negro foi o Bangu, no in\u00edcio do s\u00e9culo passado. Mas foi no VASCO DA GAMA que surgiu o primeiro time racialmente misto. E aonde surgiu a primeira rea\u00e7\u00e3o contra o racismo no futebol, a \u201cResposta Hist\u00f3rica\u201d, que neste dia 7 de abril completa 90 anos. <br \/>&nbsp;<br \/>Em 1924, uma liga fundada pelos cinco times mais influentes da \u00e9poca \u2013 Fluminense, Flamengo, Botafogo, Am\u00e9rica e Bangu \u2013 exigiu que o Vasco se desfizesse de 12 jogadores negros, mulatos, nordestinos ou pobres. A tal liga, chamada de AMEA (Associa\u00e7\u00e3o Metropolitana de Esportes Atl\u00e9ticos) alegava que os atletas tinham \u201cprofiss\u00e3o duvidosa\u201d. <br \/>&nbsp;<br \/>A \u201cResposta Hist\u00f3rica\u201d foi enviada \u00e0 liga como forma de recusa \u00e0 exig\u00eancia da AMEA. O Vasco, ent\u00e3o, se manteve na enfraquecida LMDT (Liga Metropolitana de Desportos Terrestres) e se sagrou campe\u00e3o com 16 vit\u00f3rias em 16 jogos. No ano seguinte, o clube da Colina foi admitido na AMEA com os jogadores cujo talento dentro de campo estava em primeiro lugar. <br \/>&nbsp;<br \/>Uma reprodu\u00e7\u00e3o do documento est\u00e1 exposto na Sala de Trof\u00e9us de S\u00e3o Janu\u00e1rio. Acima, um lembrete: \u201cSem o Vasco, o futebol brasileiro n\u00e3o teria conhecido Pel\u00e9\u201d.<br \/>&nbsp;<br \/>&nbsp;<br \/><strong>RESPOSTA HIST\u00d3RICA<\/strong><br \/>&nbsp;<br \/>Rio de Janeiro, 7 de Abril de 1924.<br \/> Of\u00edcio nr. 261<br \/> Exmo. Sr. Dr. Arnaldo Guinle<br \/> M.D. Presidente da Associa\u00e7\u00e3o Metropolitana de Esportes Atl\u00e9ticos<br \/>&nbsp;<br \/>As resolu\u00e7\u00f5es divulgadas hoje pela imprensa, tomadas em reuni\u00e3o de ontem pelos altos poderes da Associa\u00e7\u00e3o a que V.Exa t\u00e3o dignamente preside, colocam o Club de Regatas Vasco da Gama numa tal situa\u00e7\u00e3o de inferioridade, que absolutamente n\u00e3o pode ser justificada nem pela defici\u00eancia do nosso campo, nem pela simplicidade da nossa sede, nem pela condi\u00e7\u00e3o modesta de grande n\u00famero dos nossos associados. <br \/>&nbsp;<br \/>Os privil\u00e9gios concedidos aos cinco clubes fundadores da AMEA e a forma por que ser\u00e1 exercido o direito de discuss\u00e3o e voto, e feitas as futuras classifica\u00e7\u00f5es, obrigam-nos a lavrar o nosso protesto contra as citadas resolu\u00e7\u00f5es. <br \/>&nbsp;<br \/>Quanto \u00e0 condi\u00e7\u00e3o de eliminarmos doze (12) dos nossos jogadores das nossas equipes, resolve por unanimidade a diretoria do Club de Regatas Vasco da Gama n\u00e3o a dever aceitar, por n\u00e3o se conformar com o processo por que foi feita a investiga\u00e7\u00e3o das posi\u00e7\u00f5es sociais desses nossos cons\u00f3cios, investiga\u00e7\u00f5es levadas a um tribunal onde n\u00e3o tiveram nem representa\u00e7\u00e3o nem defesa. <br \/>&nbsp;<br \/>Estamos certos que V. Exa. ser\u00e1 o primeiro a reconhecer que seria um ato pouco digno da nossa parte sacrificar ao desejo de filiar-se \u00e0 AMEA alguns dos que lutaram para que tiv\u00e9ssemos entre outras vit\u00f3rias a do campeonato de futebol da cidade do Rio de Janeiro de 1923. <br \/>&nbsp;<br \/>S\u00e3o esses doze jogadores jovens, quase todos brasileiros, no come\u00e7o de sua carreira e o ato p\u00fablico que os pode macular nunca ser\u00e1 praticado com a solidariedade dos que dirigem a casa que os acolheu, nem sob o pavilh\u00e3o que eles, com tanta galhardia, cobriram de gl\u00f3rias. <br \/>&nbsp;<br \/>Nestes termos, sentimos ter que comunicar a V.Exa. que desistimos de fazer parte da AMEA. <br \/>&nbsp;<br \/>Queira V.Exa. aceitar os protestos de considera\u00e7\u00e3o e estima de quem tem a honra de se subscrever, de V.Exa. At. Vnr. Obrigado. <br \/>&nbsp;<br \/>(a) Dr. Jos\u00e9 Augusto Prestes<br \/> Presidente<br \/>&nbsp;<br \/>&nbsp; \t\t \t   \t\t  <\/div>\n<\/div>\n<p><\/p>\n","protected":false},"excerpt":{"rendered":"<p>&nbsp;&nbsp;&nbsp;&nbsp;&nbsp;&nbsp;&nbsp;&nbsp;&nbsp;&nbsp; &nbsp;VASCO VERDADE&nbsp;\u201cO Flamengo podia ter um preto no atletismo, no basquete, no water-polo, no&#8230;<\/p>\n","protected":false},"author":8,"featured_media":2513,"comment_status":"open","ping_status":"closed","sticky":false,"template":"","format":"standard","meta":{"footnotes":""},"categories":[6],"tags":[],"class_list":["post-862","post","type-post","status-publish","format-standard","has-post-thumbnail","hentry","category-marcus-simonini"],"_links":{"self":[{"href":"https:\/\/webvasco.com\/artigos\/wp-json\/wp\/v2\/posts\/862","targetHints":{"allow":["GET"]}}],"collection":[{"href":"https:\/\/webvasco.com\/artigos\/wp-json\/wp\/v2\/posts"}],"about":[{"href":"https:\/\/webvasco.com\/artigos\/wp-json\/wp\/v2\/types\/post"}],"author":[{"embeddable":true,"href":"https:\/\/webvasco.com\/artigos\/wp-json\/wp\/v2\/users\/8"}],"replies":[{"embeddable":true,"href":"https:\/\/webvasco.com\/artigos\/wp-json\/wp\/v2\/comments?post=862"}],"version-history":[{"count":0,"href":"https:\/\/webvasco.com\/artigos\/wp-json\/wp\/v2\/posts\/862\/revisions"}],"wp:featuredmedia":[{"embeddable":true,"href":"https:\/\/webvasco.com\/artigos\/wp-json\/wp\/v2\/media\/2513"}],"wp:attachment":[{"href":"https:\/\/webvasco.com\/artigos\/wp-json\/wp\/v2\/media?parent=862"}],"wp:term":[{"taxonomy":"category","embeddable":true,"href":"https:\/\/webvasco.com\/artigos\/wp-json\/wp\/v2\/categories?post=862"},{"taxonomy":"post_tag","embeddable":true,"href":"https:\/\/webvasco.com\/artigos\/wp-json\/wp\/v2\/tags?post=862"}],"curies":[{"name":"wp","href":"https:\/\/api.w.org\/{rel}","templated":true}]}}