{"id":8628,"date":"2018-11-27T09:20:53","date_gmt":"2018-11-27T12:20:53","guid":{"rendered":"http:\/\/webvasco.com\/artigos\/?p=8628"},"modified":"2018-11-29T09:57:08","modified_gmt":"2018-11-29T12:57:08","slug":"elas-o-professor-luany","status":"publish","type":"post","link":"https:\/\/webvasco.com\/artigos\/temas\/elas-e-o-professor\/elas-o-professor-luany\/","title":{"rendered":"ELAS &amp; O PROFESSOR &#8211; LUANY"},"content":{"rendered":"<p><strong>ELAS &amp; O PROFESSOR<\/strong><\/p>\n<p><strong>POR LUIZ CARLOS ROCHA<\/strong><\/p>\n<p>A entrevista de novembro de 2018, com a Luany \u00e9 dedicada \u00e0 minha amada vasca\u00edna \u00darsulla Rocha.<\/p>\n<p><strong>LUANY DE ALENCAR GOMES<\/strong>, auxiliar de vendas, 26 anos, casada com Wagner e libriana. A carioquinha do Bairro de Anchieta \u00e9 apaixonada pelas cores preta e branca, mas s\u00f3 quando vem acompanhada da Cruz de Malta. Sua Escola de Samba de cora\u00e7\u00e3o \u00e9 a Unidos da Tijuca. Luany nas horas de folga \u2013 ao lado do marid\u00e3o \u2013 curte um bom barzinho, e, sobretudo, as partidas do Vasc\u00e3o!<\/p>\n<p>&nbsp;<\/p>\n<p><strong> Porque o Vasco da Gama se encontra nesta situa\u00e7\u00e3o de passar vergonha em todas as competi\u00e7\u00f5es?<\/strong><\/p>\n<p>Toda essa situa\u00e7\u00e3o que o Vasco se encontra \u00e9 devido aos problemas pol\u00edticos dentro do clube. Eurico Miranda \u00e9 o respons\u00e1vel por tudo isso (ele merece um pr\u00eamio de como manchar a hist\u00f3ria de um clube do tamanho do Vasco).<\/p>\n<p>&nbsp;<\/p>\n<p><strong>Alberto Valentim merece renovar contrato?<\/strong><\/p>\n<p>Acho que est\u00e1 na profiss\u00e3o errada (sorriu).<\/p>\n<p>&nbsp;<\/p>\n<p><strong> Edmundo seria um bom mandat\u00e1rio? <\/strong><\/p>\n<p>N\u00e3o vejo com bons olhos a ideia de um \u00eddolo do clube virar presidente, tivemos Roberto Dinamite como exemplo.<\/p>\n<p>&nbsp;<\/p>\n<p><strong> O que voc\u00ea espera do Cruzmaltino para a temporada 2019? <\/strong><\/p>\n<p>Antes de qualquer coisa o Vasco precisa voltar a ser o Gigante da Colina.<\/p>\n<p>&nbsp;<\/p>\n<p><strong> No atual plantel qual atleta representa bem o vasca\u00edno?<\/strong><\/p>\n<p>Maxi L\u00f3pez.<\/p>\n<p>&nbsp;<\/p>\n<p><strong> O que falta para o presidente acertar no que tange a compet\u00eancia: vergonha, dinheiro ou vontade?<\/strong><\/p>\n<p>Ele n\u00e3o deveria nem ser presidente. Mas dentre as op\u00e7\u00f5es (da pergunta), com certeza vergonha na cara!<\/p>\n<p>&nbsp;<\/p>\n<p><strong>Alexandre Campello \u00e9 o Eurico Miranda mais novo?<\/strong><\/p>\n<p>Se puxar a m\u00e1scara vai ver que \u00e9 o Eurico que est\u00e1 ali (sorriu novamente).<\/p>\n<p>&nbsp;<\/p>\n<p><strong>Dos \u00faltimos bons jogadores formados na base, qual deles voc\u00ea gostaria de ver de volta?<\/strong><\/p>\n<p>Queria o Alex Teixeira.<\/p>\n<p>&nbsp;<\/p>\n<p><strong> O ciclo de Martin Silva vestindo o manto sagrado acabou?<\/strong><\/p>\n<p>N\u00e3o acho que tenha acabado, apenas est\u00e1 em uma fase ruim, como muitos jogadores t\u00eam.<\/p>\n<p>&nbsp;<\/p>\n<p><strong>Maxi L\u00f3pez pode ser considerado pe\u00e7a fundamental para o pr\u00f3ximo ano?<\/strong><\/p>\n<p>Com certeza. Conta-se nos dedos os que devem continuar.<\/p>\n<p>&nbsp;<\/p>\n<p><strong> O que te fez ser torcedora do Vasco?<\/strong><\/p>\n<p>Meu pai \u00e9 vasca\u00edno. Eu sempre ficava ao lado dele assistindo aos jogos. Segundo minha m\u00e3e, ele era fan\u00e1tico. Esse fanatismo passou pra mim. Na verdade era aquele Amor Infinito n\u00e3o \u00e9?<\/p>\n<p>&nbsp;<\/p>\n<p><strong> Por que a grande m\u00eddia n\u00e3o gosta do Gigante da Colina?<\/strong><\/p>\n<p>A M\u00eddia gosta de dinheiro. De quem puxa saco deles.<\/p>\n<p>&nbsp;<\/p>\n<p><strong>FOTOGRAFIAS FORNECIDAS PELA ENTREVISTADA.<\/strong><\/p>\n<p><a href=\"https:\/\/webvasco.com\/artigos\/wp-content\/uploads\/2018\/11\/IMG_5849-85.jpg\"><img loading=\"lazy\" decoding=\"async\" class=\"alignright size-medium wp-image-8630\" src=\"https:\/\/webvasco.com\/artigos\/wp-content\/uploads\/2018\/11\/IMG_5849-85-182x300.jpg\" alt=\"\" width=\"182\" height=\"300\" srcset=\"https:\/\/webvasco.com\/artigos\/wp-content\/uploads\/2018\/11\/IMG_5849-85-182x300.jpg 182w, https:\/\/webvasco.com\/artigos\/wp-content\/uploads\/2018\/11\/IMG_5849-85-91x150.jpg 91w, https:\/\/webvasco.com\/artigos\/wp-content\/uploads\/2018\/11\/IMG_5849-85-768x1263.jpg 768w, https:\/\/webvasco.com\/artigos\/wp-content\/uploads\/2018\/11\/IMG_5849-85-623x1024.jpg 623w, https:\/\/webvasco.com\/artigos\/wp-content\/uploads\/2018\/11\/IMG_5849-85.jpg 797w\" sizes=\"auto, (max-width: 182px) 100vw, 182px\" \/><\/a> <a href=\"https:\/\/webvasco.com\/artigos\/wp-content\/uploads\/2018\/11\/21371315_1566900379998422_1603372674048028061_n.jpg\"><img loading=\"lazy\" decoding=\"async\" class=\"alignright size-medium wp-image-8629\" src=\"https:\/\/webvasco.com\/artigos\/wp-content\/uploads\/2018\/11\/21371315_1566900379998422_1603372674048028061_n-287x300.jpg\" alt=\"\" width=\"287\" height=\"300\" srcset=\"https:\/\/webvasco.com\/artigos\/wp-content\/uploads\/2018\/11\/21371315_1566900379998422_1603372674048028061_n-287x300.jpg 287w, https:\/\/webvasco.com\/artigos\/wp-content\/uploads\/2018\/11\/21371315_1566900379998422_1603372674048028061_n-143x150.jpg 143w, https:\/\/webvasco.com\/artigos\/wp-content\/uploads\/2018\/11\/21371315_1566900379998422_1603372674048028061_n.jpg 575w\" sizes=\"auto, (max-width: 287px) 100vw, 287px\" \/><\/a> <a href=\"https:\/\/webvasco.com\/artigos\/wp-content\/uploads\/2018\/11\/IMG_5852-84.jpg\"><img loading=\"lazy\" decoding=\"async\" class=\"alignright size-medium wp-image-8631\" src=\"https:\/\/webvasco.com\/artigos\/wp-content\/uploads\/2018\/11\/IMG_5852-84-142x300.jpg\" alt=\"\" width=\"142\" height=\"300\" srcset=\"https:\/\/webvasco.com\/artigos\/wp-content\/uploads\/2018\/11\/IMG_5852-84-142x300.jpg 142w, https:\/\/webvasco.com\/artigos\/wp-content\/uploads\/2018\/11\/IMG_5852-84-71x150.jpg 71w, https:\/\/webvasco.com\/artigos\/wp-content\/uploads\/2018\/11\/IMG_5852-84-485x1024.jpg 485w, https:\/\/webvasco.com\/artigos\/wp-content\/uploads\/2018\/11\/IMG_5852-84.jpg 592w\" sizes=\"auto, (max-width: 142px) 100vw, 142px\" \/><\/a><\/p>\n","protected":false},"excerpt":{"rendered":"<p>ELAS &amp; O PROFESSOR POR LUIZ CARLOS ROCHA A entrevista de novembro de 2018, com&#8230;<\/p>\n","protected":false},"author":7,"featured_media":8629,"comment_status":"open","ping_status":"closed","sticky":false,"template":"","format":"standard","meta":{"footnotes":""},"categories":[27],"tags":[],"class_list":["post-8628","post","type-post","status-publish","format-standard","has-post-thumbnail","hentry","category-elas-e-o-professor"],"_links":{"self":[{"href":"https:\/\/webvasco.com\/artigos\/wp-json\/wp\/v2\/posts\/8628","targetHints":{"allow":["GET"]}}],"collection":[{"href":"https:\/\/webvasco.com\/artigos\/wp-json\/wp\/v2\/posts"}],"about":[{"href":"https:\/\/webvasco.com\/artigos\/wp-json\/wp\/v2\/types\/post"}],"author":[{"embeddable":true,"href":"https:\/\/webvasco.com\/artigos\/wp-json\/wp\/v2\/users\/7"}],"replies":[{"embeddable":true,"href":"https:\/\/webvasco.com\/artigos\/wp-json\/wp\/v2\/comments?post=8628"}],"version-history":[{"count":5,"href":"https:\/\/webvasco.com\/artigos\/wp-json\/wp\/v2\/posts\/8628\/revisions"}],"predecessor-version":[{"id":8636,"href":"https:\/\/webvasco.com\/artigos\/wp-json\/wp\/v2\/posts\/8628\/revisions\/8636"}],"wp:featuredmedia":[{"embeddable":true,"href":"https:\/\/webvasco.com\/artigos\/wp-json\/wp\/v2\/media\/8629"}],"wp:attachment":[{"href":"https:\/\/webvasco.com\/artigos\/wp-json\/wp\/v2\/media?parent=8628"}],"wp:term":[{"taxonomy":"category","embeddable":true,"href":"https:\/\/webvasco.com\/artigos\/wp-json\/wp\/v2\/categories?post=8628"},{"taxonomy":"post_tag","embeddable":true,"href":"https:\/\/webvasco.com\/artigos\/wp-json\/wp\/v2\/tags?post=8628"}],"curies":[{"name":"wp","href":"https:\/\/api.w.org\/{rel}","templated":true}]}}