{"id":863,"date":"2014-06-14T08:21:31","date_gmt":"2014-06-14T11:21:31","guid":{"rendered":"http:\/\/webvasco.com\/artigos\/?p=863"},"modified":"2014-06-14T08:25:51","modified_gmt":"2014-06-14T11:25:51","slug":"a-obviedade-da-objetividade","status":"publish","type":"post","link":"https:\/\/webvasco.com\/artigos\/colunistas\/a-obviedade-da-objetividade\/","title":{"rendered":"A obviedade da objetividade"},"content":{"rendered":"<p dir=\"ltr\">A derrota da Espanha frente \u00e0 Holanda marca a quebra de mais um paradigma no mundo do futebol. Representa o fim de uma era em que os toques precisos e a posse de bola exacerbada em rela\u00e7\u00e3o ao oponente de nada representam sem a devida objetividade. \u00c9, definitivamente, o fim de um modelo no qual o mundo j\u00e1 estava se rendendo, mas que estava se tornando \u00f3bvio demais e, ainda por cima, chato de se ver por n\u00e3o proporcionar grandes emo\u00e7\u00f5es.<\/p>\n<p dir=\"ltr\">O passe \u00e9 o principal fundamento de um esporte, mas n\u00e3o o \u00fanico que precisa de aten\u00e7\u00e3o. Em um jogo de basquete, por exemplo, um quinteto que mant\u00e9m a posse de bola mas estoura o tempo sem conseguir criar uma situa\u00e7\u00e3o real de perigo ou sequer finalizado ao aro n\u00e3o converte seu aparente dom\u00ednio territorial em pontos. Consequentemente, n\u00e3o vence o jogo.\u00a0<\/p>\n<p dir=\"ltr\">No futebol, o racioc\u00ednio \u00e9 o mesmo: o que representa ter cinquenta e nove por cento de posse de bola e quase nenhum lance de perigo ou sequer chute com perigo ao gol? A Holanda deu a resposta a esse questionamento: NADA! Uma marca\u00e7\u00e3o bem encaixada em duas linhas compactas de quatro homens, marca\u00e7\u00e3o por press\u00e3o colocando a F\u00faria para tocar seus \u201cbelos\u201d passes longe de sua \u00e1rea defensiva, a rapidez e a objetividade para se criar um contra-ataque e o belo aproveitamento \u2013 como sempre \u2013 nos lances de bolas al\u00e7adas \u00e0 \u00e1rea advers\u00e1ria. A bela explora\u00e7\u00e3o feita na capacidade de conclus\u00e3o sobre dois homens de fundamental import\u00e2ncia que muito bem traduzem o que \u00e9 ser objetivo no futebol \u2013 Van Persie e Robben \u2013 deu a t\u00f4nica do que \u00e9 a nova ordem no futebol mundial: ser r\u00e1pido, \u00e1gil e, acima de tudo, objetivo.<\/p>\n<p dir=\"ltr\">Muitos ir\u00e3o pensar que \u00e9 somente in\u00edcio de torneio, afinal de contas, em 2010 a mesma Espanha que viria a ser a campe\u00e3 iniciou, tamb\u00e9m, perdendo para a Su\u00ed\u00e7a. Concordo, s\u00f3 que nessa hist\u00f3ria, h\u00e1 um pequeno detalhe: naquele tempo, a Espanha estava quatro anos mais rejuvenescida e, aparentemente, com mais sentimento de \u201csangue nos olhos\u201d em querer ganhar uma Copa do que agora. Al\u00e9m disso, o mundo ainda estava vislumbrado com o jogo dos \u201ctoques perfeitos\u201d e no qual a brincadeira era colocar o advers\u00e1rio na \u201croda de bobinho\u201d. Os pr\u00f3prios advers\u00e1rios, ainda, n\u00e3o tinham encontrado a forma adequada de se combater esse tipo de jogo. Ao que parece, agora j\u00e1 encontraram&#8230;<\/p>\n<p dir=\"ltr\">A derrota para o Brasil ano passado j\u00e1 dava ind\u00edcios de que a Espanha haveria de se reinventar se quisesse manter sua aparente hegemonia mundial. Se aquela derrota para alguns \u2013 brasileiros, inclusive \u2013 fora encarada com ceticismo, o que dizer dessa, ent\u00e3o? Os mesmos c\u00e9ticos j\u00e1 podem reconhecer a realidade de que a F\u00faria h\u00e1 de se reinventar, e o pior, em meio a maior competi\u00e7\u00e3o esportiva do mundo se quiserem chegar a mais uma conquista? Ou ir\u00e3o querer colocar \u201cpanos quentes\u201d e minimizar uma vit\u00f3ria convincente e o melhor futebol apresentado pela grande Holanda, agora, favorit\u00edssima a escapar do mesmo Brasil num prov\u00e1vel confronto de oitavas-de-final?\u00a0<\/p>\n<p dir=\"ltr\">Sinto, apenas sinto, que para a Espanha falta aquele atacante de peso, tal como Cristiano Ronaldo est\u00e1 para Portugal ou Messi est\u00e1 para a Argentina. Por sinal, ambos jogam em seus principais clubes, que apesar de seus pomposos planteis e a fama de dois dos maiores clubes do mundo, n\u00e3o possuem um atacante espanhol em seus ataques que metam medo em seus advers\u00e1rios. O reflexo est\u00e1 na sele\u00e7\u00e3o de seu pa\u00eds. Afinal, o titular da mesma \u00e9 um naturalizado que preteriu seu pa\u00eds de nascimento e at\u00e9 com intelig\u00eancia, pois ao passo que l\u00e1 em sua terra que lhe adotou ele, Diego Costa, consegue ser o titular, aqui no Brasil capaz de nem ter sido convocado para essa Copa por Felip\u00e3o. Mesmo que ele, Diego Costa, assim quisesse&#8230;<\/p>\n<p dir=\"ltr\">Enfim, estamos somente no come\u00e7o, mas j\u00e1 observando \u00e0s surpresas que essa Copa nos revelar\u00e1. E creio que n\u00e3o ir\u00e1 parar por a\u00ed. Ainda assim, n\u00e3o tiro os m\u00e9ritos de quem se ostentou no auge por tanto tempo e nem tiro a Espanha do hall das favoritas a arrebatar mais essa conquista. Mas creio que muitos pensem que, nesse momento, ela esteja mais para ser a \u201czebra\u201d dentre as consideradas favoritas do que para ser a \u201ctemida\u201d F\u00faria que todos queriam dist\u00e2ncia h\u00e1 cerca de dois anos atr\u00e1s.<\/p>\n","protected":false},"excerpt":{"rendered":"<p>A derrota da Espanha frente \u00e0 Holanda marca a quebra de mais um paradigma no&#8230;<\/p>\n","protected":false},"author":12,"featured_media":341,"comment_status":"open","ping_status":"closed","sticky":false,"template":"","format":"standard","meta":{"footnotes":""},"categories":[3],"tags":[],"class_list":["post-863","post","type-post","status-publish","format-standard","has-post-thumbnail","hentry","category-colunistas"],"_links":{"self":[{"href":"https:\/\/webvasco.com\/artigos\/wp-json\/wp\/v2\/posts\/863","targetHints":{"allow":["GET"]}}],"collection":[{"href":"https:\/\/webvasco.com\/artigos\/wp-json\/wp\/v2\/posts"}],"about":[{"href":"https:\/\/webvasco.com\/artigos\/wp-json\/wp\/v2\/types\/post"}],"author":[{"embeddable":true,"href":"https:\/\/webvasco.com\/artigos\/wp-json\/wp\/v2\/users\/12"}],"replies":[{"embeddable":true,"href":"https:\/\/webvasco.com\/artigos\/wp-json\/wp\/v2\/comments?post=863"}],"version-history":[{"count":0,"href":"https:\/\/webvasco.com\/artigos\/wp-json\/wp\/v2\/posts\/863\/revisions"}],"wp:featuredmedia":[{"embeddable":true,"href":"https:\/\/webvasco.com\/artigos\/wp-json\/wp\/v2\/media\/341"}],"wp:attachment":[{"href":"https:\/\/webvasco.com\/artigos\/wp-json\/wp\/v2\/media?parent=863"}],"wp:term":[{"taxonomy":"category","embeddable":true,"href":"https:\/\/webvasco.com\/artigos\/wp-json\/wp\/v2\/categories?post=863"},{"taxonomy":"post_tag","embeddable":true,"href":"https:\/\/webvasco.com\/artigos\/wp-json\/wp\/v2\/tags?post=863"}],"curies":[{"name":"wp","href":"https:\/\/api.w.org\/{rel}","templated":true}]}}