{"id":8637,"date":"2018-12-31T13:47:21","date_gmt":"2018-12-31T16:47:21","guid":{"rendered":"http:\/\/webvasco.com\/artigos\/?p=8637"},"modified":"2018-12-31T17:10:42","modified_gmt":"2018-12-31T20:10:42","slug":"elas-o-professor-ursulla-rocha-2","status":"publish","type":"post","link":"https:\/\/webvasco.com\/artigos\/temas\/elas-e-o-professor\/elas-o-professor-ursulla-rocha-2\/","title":{"rendered":"Elas &amp; o Professor &#8211; \u00daRSULLA ROCHA"},"content":{"rendered":"<p><strong>ELAS &amp; O PROFESSOR<\/strong><\/p>\n<p><strong>POR LUIZ CARLOS ROCHA<\/strong><\/p>\n<p>A entrevista de dezembro de 2018, com a <strong>\u00darsulla Rocha<\/strong> \u00e9 dedicada \u00e0 minha m\u00e3e Edir Guimar\u00e3es Rocha.<\/p>\n<p><strong>\u00daRSULLA LUIZ TEIXEIRA GUIMAR\u00c3ES ROCHA<\/strong>, ou simplesmente <strong>\u00darsulla Rocha<\/strong> \u00e9 uma menina linda, sapeca, inteligente e comunicativa. T\u00eam apenas sete anos de idade, mas j\u00e1 mostra muita personalidade ao escolher o Vasco da Gama como seu clube de cora\u00e7\u00e3o, e a Portela como sua Escola de Samba preferida. A libriana que acabou de passar para o Segundo Ano do Ensino Fundamental j\u00e1 coleciona t\u00edtulos de melhor aluna da classe, em todos os bimestres. A gatinha niteroiense \u00e9 moradora do bairro de Piratininga, curte sol, mar, futebol e surf. Filha da advogada Vanessa e do jornalista Luiz Carlos sonha em ser veterin\u00e1ria, pois adora seus bichinhos de estima\u00e7\u00e3o.<\/p>\n<p><strong> A demiss\u00e3o de Valdir Bigode foi justa?<\/strong><\/p>\n<p>N\u00e3o foi justa.<\/p>\n<p><strong>Ele (Valdir Bigode) \u00e9 um bom auxiliar t\u00e9cnico?<\/strong><\/p>\n<p>Sim, porque ganha sempre que pode.<\/p>\n<p><strong> Ser\u00e1 um grande treinador? <\/strong><\/p>\n<p>Ele j\u00e1 \u00e9.<\/p>\n<p><strong> O remanejamento do Carlos Germano (treinador de goleiros) do time profissional para a base \u00e9 para fortalecer a categoria ou uma puni\u00e7\u00e3o para o ex-atleta? <\/strong><\/p>\n<p>Para ficar mais forte l\u00e1 (na garotada).<\/p>\n<p><strong> Qual o balan\u00e7o de 2018?<\/strong><\/p>\n<p>Foi mal n\u00e3o \u00e9 pai? N\u00e3o ganhou nada nem conseguiu marcar gol direito. (sorriu)<\/p>\n<p><strong> Ribamar (jogador problem\u00e1tico), ex-Botafogo, foi uma boa contrata\u00e7\u00e3o?<\/strong><\/p>\n<p>Errou (Alexandre Campello). Porque se ele faz confus\u00e3o n\u00e3o \u00e9 bom.<\/p>\n<p><strong>Por que o Cruzmaltino n\u00e3o consegue embalar nas competi\u00e7\u00f5es? <\/strong><\/p>\n<p>O t\u00e9cnico \u00e9 ruim.<\/p>\n<p><strong>Roberto Dinamite deveria promover tamb\u00e9m um \u201cJogo das Estrelas\u201d, uma vez, que \u00e9 o maior \u00eddolo do clube?<\/strong><\/p>\n<p>Talvez. Mas sem copiar o Flamengo.<\/p>\n<p><strong> Qual atleta deveria ser homenageado e S\u00e3o Janu\u00e1rio?<\/strong><\/p>\n<p>Philippe Coutinho.<\/p>\n<p><strong>Edmundo deveria treinar o Gigante da Colina?<\/strong><\/p>\n<p>N\u00e3o ia ser bom, ele iria arrumar muita confus\u00e3o.<\/p>\n<p><strong> Philippe Coutinho \u00e9 hoje o melhor \u201cboleiro\u201d do mundo?<\/strong><\/p>\n<p>Ainda n\u00e3o. Mas \u00e9 o segundo. Cristiano Ronaldo \u00e9 o primeiro.<\/p>\n<p><strong> Roberto Dinamite quase levou Zico e J\u00fanior \u2013 no in\u00edcio das carreiras \u2013 para jogar em S\u00e3o Janu\u00e1rio. Seria uma boa trinca?<\/strong><\/p>\n<p>Seria, porque eles eram craques.<\/p>\n<p><strong>A volta do presidente Cal\u00e7ada (Ant\u00f4nio Soares Cal\u00e7ada) seria bom para o clube?<\/strong><\/p>\n<p>Seria muito bom.<\/p>\n<p><strong>Qual o melhor lugar para a pr\u00e9-temporada do time?<\/strong><\/p>\n<p>Em S\u00e3o Paulo. No Palmeiras. (olhou com carinha de quem quisesse dizer: quem sabe n\u00e3o evolui o futebol por l\u00e1)<\/p>\n<p><strong>Cite um grande jogador de todos os tempos.<\/strong><\/p>\n<p>Sorato (Aguinaldo Luiz Sorato)<\/p>\n<p><strong>FOTOGRAFIAS BY VANESSA TEIXEIRA.<\/strong><\/p>\n<p>&nbsp;<\/p>\n<p><a href=\"https:\/\/webvasco.com\/artigos\/wp-content\/uploads\/2018\/12\/23.jpg\"><img loading=\"lazy\" decoding=\"async\" class=\"alignright size-medium wp-image-8644\" src=\"https:\/\/webvasco.com\/artigos\/wp-content\/uploads\/2018\/12\/23-187x300.jpg\" alt=\"\" width=\"187\" height=\"300\" srcset=\"https:\/\/webvasco.com\/artigos\/wp-content\/uploads\/2018\/12\/23-187x300.jpg 187w, https:\/\/webvasco.com\/artigos\/wp-content\/uploads\/2018\/12\/23-93x150.jpg 93w, https:\/\/webvasco.com\/artigos\/wp-content\/uploads\/2018\/12\/23-768x1235.jpg 768w, https:\/\/webvasco.com\/artigos\/wp-content\/uploads\/2018\/12\/23-637x1024.jpg 637w\" sizes=\"auto, (max-width: 187px) 100vw, 187px\" \/><\/a> <a href=\"https:\/\/webvasco.com\/artigos\/wp-content\/uploads\/2018\/12\/19.jpg\"><img loading=\"lazy\" decoding=\"async\" class=\"alignright size-medium wp-image-8643\" src=\"https:\/\/webvasco.com\/artigos\/wp-content\/uploads\/2018\/12\/19-175x300.jpg\" alt=\"\" width=\"175\" height=\"300\" srcset=\"https:\/\/webvasco.com\/artigos\/wp-content\/uploads\/2018\/12\/19-175x300.jpg 175w, https:\/\/webvasco.com\/artigos\/wp-content\/uploads\/2018\/12\/19-88x150.jpg 88w, https:\/\/webvasco.com\/artigos\/wp-content\/uploads\/2018\/12\/19-768x1314.jpg 768w, https:\/\/webvasco.com\/artigos\/wp-content\/uploads\/2018\/12\/19-598x1024.jpg 598w\" sizes=\"auto, (max-width: 175px) 100vw, 175px\" \/><\/a> <a href=\"https:\/\/webvasco.com\/artigos\/wp-content\/uploads\/2018\/12\/2.jpg\"><img loading=\"lazy\" decoding=\"async\" class=\"alignright size-medium wp-image-8642\" src=\"https:\/\/webvasco.com\/artigos\/wp-content\/uploads\/2018\/12\/2-225x300.jpg\" alt=\"\" width=\"225\" height=\"300\" srcset=\"https:\/\/webvasco.com\/artigos\/wp-content\/uploads\/2018\/12\/2-225x300.jpg 225w, https:\/\/webvasco.com\/artigos\/wp-content\/uploads\/2018\/12\/2-113x150.jpg 113w, https:\/\/webvasco.com\/artigos\/wp-content\/uploads\/2018\/12\/2-768x1024.jpg 768w\" sizes=\"auto, (max-width: 225px) 100vw, 225px\" \/><\/a> <a href=\"https:\/\/webvasco.com\/artigos\/wp-content\/uploads\/2018\/12\/1.jpg\"><img loading=\"lazy\" decoding=\"async\" class=\"alignright size-medium wp-image-8641\" src=\"https:\/\/webvasco.com\/artigos\/wp-content\/uploads\/2018\/12\/1-269x300.jpg\" alt=\"\" width=\"269\" height=\"300\" srcset=\"https:\/\/webvasco.com\/artigos\/wp-content\/uploads\/2018\/12\/1-269x300.jpg 269w, https:\/\/webvasco.com\/artigos\/wp-content\/uploads\/2018\/12\/1-135x150.jpg 135w, https:\/\/webvasco.com\/artigos\/wp-content\/uploads\/2018\/12\/1-768x856.jpg 768w, https:\/\/webvasco.com\/artigos\/wp-content\/uploads\/2018\/12\/1-919x1024.jpg 919w\" sizes=\"auto, (max-width: 269px) 100vw, 269px\" \/><\/a> <a href=\"https:\/\/webvasco.com\/artigos\/wp-content\/uploads\/2018\/12\/14.jpg\"><img loading=\"lazy\" decoding=\"async\" class=\"alignright size-medium wp-image-8640\" src=\"https:\/\/webvasco.com\/artigos\/wp-content\/uploads\/2018\/12\/14-172x300.jpg\" alt=\"\" width=\"172\" height=\"300\" srcset=\"https:\/\/webvasco.com\/artigos\/wp-content\/uploads\/2018\/12\/14-172x300.jpg 172w, https:\/\/webvasco.com\/artigos\/wp-content\/uploads\/2018\/12\/14-86x150.jpg 86w, https:\/\/webvasco.com\/artigos\/wp-content\/uploads\/2018\/12\/14-768x1339.jpg 768w, https:\/\/webvasco.com\/artigos\/wp-content\/uploads\/2018\/12\/14-587x1024.jpg 587w\" sizes=\"auto, (max-width: 172px) 100vw, 172px\" \/><\/a> <a href=\"https:\/\/webvasco.com\/artigos\/wp-content\/uploads\/2018\/12\/12.jpg\"><img loading=\"lazy\" decoding=\"async\" class=\"alignright size-medium wp-image-8639\" src=\"https:\/\/webvasco.com\/artigos\/wp-content\/uploads\/2018\/12\/12-129x300.jpg\" alt=\"\" width=\"129\" height=\"300\" srcset=\"https:\/\/webvasco.com\/artigos\/wp-content\/uploads\/2018\/12\/12-129x300.jpg 129w, https:\/\/webvasco.com\/artigos\/wp-content\/uploads\/2018\/12\/12-65x150.jpg 65w, https:\/\/webvasco.com\/artigos\/wp-content\/uploads\/2018\/12\/12-768x1782.jpg 768w, https:\/\/webvasco.com\/artigos\/wp-content\/uploads\/2018\/12\/12-441x1024.jpg 441w, https:\/\/webvasco.com\/artigos\/wp-content\/uploads\/2018\/12\/12.jpg 1716w\" sizes=\"auto, (max-width: 129px) 100vw, 129px\" \/><\/a> <a href=\"https:\/\/webvasco.com\/artigos\/wp-content\/uploads\/2018\/12\/20.jpg\"><img loading=\"lazy\" decoding=\"async\" class=\"alignright size-medium wp-image-8638\" src=\"https:\/\/webvasco.com\/artigos\/wp-content\/uploads\/2018\/12\/20-300x225.jpg\" alt=\"\" width=\"300\" height=\"225\" srcset=\"https:\/\/webvasco.com\/artigos\/wp-content\/uploads\/2018\/12\/20-300x225.jpg 300w, https:\/\/webvasco.com\/artigos\/wp-content\/uploads\/2018\/12\/20-150x113.jpg 150w, https:\/\/webvasco.com\/artigos\/wp-content\/uploads\/2018\/12\/20-768x576.jpg 768w, https:\/\/webvasco.com\/artigos\/wp-content\/uploads\/2018\/12\/20-1024x768.jpg 1024w\" sizes=\"auto, (max-width: 300px) 100vw, 300px\" \/><\/a><\/p>\n","protected":false},"excerpt":{"rendered":"<p>ELAS &amp; O PROFESSOR POR LUIZ CARLOS ROCHA A entrevista de dezembro de 2018, com&#8230;<\/p>\n","protected":false},"author":7,"featured_media":8648,"comment_status":"open","ping_status":"closed","sticky":false,"template":"","format":"standard","meta":{"footnotes":""},"categories":[27],"tags":[],"class_list":["post-8637","post","type-post","status-publish","format-standard","has-post-thumbnail","hentry","category-elas-e-o-professor"],"_links":{"self":[{"href":"https:\/\/webvasco.com\/artigos\/wp-json\/wp\/v2\/posts\/8637","targetHints":{"allow":["GET"]}}],"collection":[{"href":"https:\/\/webvasco.com\/artigos\/wp-json\/wp\/v2\/posts"}],"about":[{"href":"https:\/\/webvasco.com\/artigos\/wp-json\/wp\/v2\/types\/post"}],"author":[{"embeddable":true,"href":"https:\/\/webvasco.com\/artigos\/wp-json\/wp\/v2\/users\/7"}],"replies":[{"embeddable":true,"href":"https:\/\/webvasco.com\/artigos\/wp-json\/wp\/v2\/comments?post=8637"}],"version-history":[{"count":3,"href":"https:\/\/webvasco.com\/artigos\/wp-json\/wp\/v2\/posts\/8637\/revisions"}],"predecessor-version":[{"id":8647,"href":"https:\/\/webvasco.com\/artigos\/wp-json\/wp\/v2\/posts\/8637\/revisions\/8647"}],"wp:featuredmedia":[{"embeddable":true,"href":"https:\/\/webvasco.com\/artigos\/wp-json\/wp\/v2\/media\/8648"}],"wp:attachment":[{"href":"https:\/\/webvasco.com\/artigos\/wp-json\/wp\/v2\/media?parent=8637"}],"wp:term":[{"taxonomy":"category","embeddable":true,"href":"https:\/\/webvasco.com\/artigos\/wp-json\/wp\/v2\/categories?post=8637"},{"taxonomy":"post_tag","embeddable":true,"href":"https:\/\/webvasco.com\/artigos\/wp-json\/wp\/v2\/tags?post=8637"}],"curies":[{"name":"wp","href":"https:\/\/api.w.org\/{rel}","templated":true}]}}