{"id":864,"date":"2014-06-21T00:04:25","date_gmt":"2014-06-21T03:04:25","guid":{"rendered":"http:\/\/webvasco.com\/artigos\/?p=864"},"modified":"2014-06-21T00:07:07","modified_gmt":"2014-06-21T03:07:07","slug":"as-revelaes-da-maior-de-todas-as-copas","status":"publish","type":"post","link":"https:\/\/webvasco.com\/artigos\/colunistas\/as-revelaes-da-maior-de-todas-as-copas\/","title":{"rendered":"As revela&ccedil;&otilde;es da maior de todas as Copas"},"content":{"rendered":"<div dir=\"ltr\">\n<p class=\"MsoNormal\" style=\"text-align:justify;line-height:150%\"><span style=\"font-size:8.5pt;line-height:150%;font-family:&quot;Arial&quot;,&quot;sans-serif&quot;\">A<br \/>\nCopa do Mundo 2014 aqui no Brasil vem revelando-se, al\u00e9m de envolvente,<br \/>\nsurpreendente. Parece que a maior competi\u00e7\u00e3o do planeta levou a s\u00e9rio o ditado<br \/>\nde que \u201csomente peru de Natal morre de v\u00e9spera\u201d. Para quem casou uma apostinha<br \/>\nnos famosos \u201cbol\u00f5es\u201d nos resultados mais \u00f3bvios poss\u00edveis, at\u00e9 aqui, deixou<br \/>\npara tr\u00e1s a oportunidade de angariar algumas cifras nas \u201czebras que passearam<br \/>\npelos gramados\u201d, mas que foram muito bem vindas, pois a gra\u00e7a do futebol \u00e9<br \/>\njustamente ter a \u00fanica certeza de que, ao contr\u00e1rio do basquete ou do v\u00f4lei por<br \/>\nexemplo, nada \u00e9 ganho somente no papel.<\/span><\/p>\n<p class=\"MsoNormal\" style=\"text-align:justify;line-height:150%\"><span style=\"font-size:8.5pt;line-height:150%;font-family:&quot;Arial&quot;,&quot;sans-serif&quot;\"><br \/><\/span><\/p>\n<p class=\"MsoNormal\" style=\"text-align:justify;line-height:150%\">\n<span style=\"font-size:8.5pt;line-height:150%;font-family:&quot;Arial&quot;,&quot;sans-serif&quot;\">Logo<br \/>\nde cara, \u201cdan\u00e7a\u201d a atual campe\u00e3 do mundo. Sele\u00e7\u00e3o \u201cmodinha\u201d, como venho dizendo<br \/>\nfaz tempo. Afora seu bom toque de bola de outrora que a levava a ter a maior posse<br \/>\nde bola perante todas as sele\u00e7\u00f5es do mundo, a Espanha conta com atletas na<br \/>\ncurva descendente de suas carreiras, al\u00e9m de s\u00e9rias car\u00eancias em posi\u00e7\u00f5es<br \/>\nprimordiais, mas que somente s\u00e3o constatadas e sentidas quando a derrota \u201cbate<br \/>\n\u00e0 porta\u201d. <\/span><\/p>\n<p class=\"MsoNormal\" style=\"text-align:justify;line-height:150%\"><span style=\"font-size:8.5pt;line-height:150%;font-family:&quot;Arial&quot;,&quot;sans-serif&quot;\"><br \/><\/span><\/p>\n<p class=\"MsoNormal\" style=\"text-align:justify;line-height:150%\">\n<span style=\"font-size:8.5pt;line-height:150%;font-family:&quot;Arial&quot;,&quot;sans-serif&quot;\">Como<br \/>\nbem escrevera em meu \u00faltimo texto, uma sele\u00e7\u00e3o que n\u00e3o possui um atacante<br \/>\nnascido na Espanha e conta para essa fun\u00e7\u00e3o de goleador do time com um<br \/>\nbrasileiro naturalizado que, se na sele\u00e7\u00e3o \u201ccanarinho\u201d estivesse, poderia ser<br \/>\nno muito um bom reserva, realmente, \u00e9 para se avaliar sob olhar mais cr\u00edtico.<br \/>\nSeus dois principais times locais possuem goleadores nascidos fora de seus<br \/>\ndom\u00ednios e, para finalizar: o \u201cbadalado\u201d catal\u00e3o Pedro \u2013 titular da (ex-)F\u00faria<br \/>\n\u00e9 somente reserva de nosso principal astro, Neymar.<\/span><\/p>\n<p class=\"MsoNormal\" style=\"text-align:justify;line-height:150%\"><span style=\"font-size:8.5pt;line-height:150%;font-family:&quot;Arial&quot;,&quot;sans-serif&quot;\"><br \/><\/span><\/p>\n<p class=\"MsoNormal\" style=\"text-align:justify;line-height:150%\">\n<span style=\"font-size:8.5pt;line-height:150%;font-family:&quot;Arial&quot;,&quot;sans-serif&quot;\">O que<br \/>\nrestaria de bom para os espanh\u00f3is seria o bom poderio de arma\u00e7\u00e3o e dos toques<br \/>\nprecisos de Iniesta e Xavi, al\u00e9m da seguran\u00e7a de seu goleiro Casillas. Escrevi<br \/>\nbem: RES-TA-RIA, pois nem com isso os espanh\u00f3is puderam contar. Tiago<br \/>\nAlc\u00e2ntara, filho do ex-vasca\u00edno Mazinho e naturalizado espanhol, sequer p\u00f4de<br \/>\nvir ao Brasil, e seria com certeza a maior esperan\u00e7a de renova\u00e7\u00e3o desse<br \/>\nenvelhecido time e, ao que mostrou nos \u00faltimos tempos, de futebol decadente. <\/span><\/p>\n<p class=\"MsoNormal\" style=\"text-align:justify;line-height:150%\"><span style=\"font-size:8.5pt;line-height:150%;font-family:&quot;Arial&quot;,&quot;sans-serif&quot;\"><br \/><\/span><\/p>\n<p class=\"MsoNormal\" style=\"text-align:justify;line-height:150%\">\n<span style=\"font-size:8.5pt;line-height:150%;font-family:&quot;Arial&quot;,&quot;sans-serif&quot;\">Igualmente<br \/>\ndecepcionante foi o (n\u00e3o) futebol apresentado, mais uma vez, pelo esquadr\u00e3o<br \/>\ningl\u00eas. O time que representa a terra do \u201cch\u00e1 das seis\u201d confirmou o que muitos<br \/>\nc\u00e9ticos j\u00e1 esperavam: mais uma decep\u00e7\u00e3o, em mundiais. A Inglaterra \u00e9 como<br \/>\naquela eterna promessa que nunca acontece; \u00e9 como uma bela musa, que muito se<br \/>\nespera de sua beleza f\u00edsica e visualmente muito linda, mas que n\u00e3o consegue se<br \/>\ntransformar em uma boa modelo ou atriz.<\/span><\/p>\n<p class=\"MsoNormal\" style=\"text-align:justify;line-height:150%\"><span style=\"font-size:8.5pt;line-height:150%;font-family:&quot;Arial&quot;,&quot;sans-serif&quot;\"><br \/><\/span><\/p>\n<p class=\"MsoNormal\" style=\"text-align:justify;line-height:150%\">\n<span style=\"font-size:8.5pt;line-height:150%;font-family:&quot;Arial&quot;,&quot;sans-serif&quot;\">T\u00e3o<br \/>\ndecepcionante como o desempenho ingl\u00eas \u00e9 o n\u00edvel de futebol, at\u00e9 aqui, apresentado<br \/>\npor outras duas que j\u00e1 foram campe\u00e3s mundiais. Ao que parece, It\u00e1lia e Uruguai<br \/>\nir\u00e3o duelar para saber quem \u00e9 menos pior. E ainda que adote a terra do formato<br \/>\nda bota como minha terceira p\u00e1tria por considera\u00e7\u00e3o, penso que o Uruguai tem um<br \/>\nligeiro favoritismo: pelo menos, o que lhe falta em inspira\u00e7\u00e3o lhe sobra em<br \/>\ntranspira\u00e7\u00e3o, al\u00e9m de ter \u201cLuizito\u201d Suarez como desequil\u00edbrio; em rela\u00e7\u00e3o at\u00e9 mesmo<br \/>\na Balotelli, a quem considero menos talentoso do que o craque goleador<br \/>\nuruguaio.<\/span><\/p>\n<p class=\"MsoNormal\" style=\"text-align:justify;line-height:150%\"><span style=\"font-size:8.5pt;line-height:150%;font-family:&quot;Arial&quot;,&quot;sans-serif&quot;\"><br \/><\/span><\/p>\n<p class=\"MsoNormal\" style=\"text-align:justify;line-height:150%\">\n<span style=\"font-size:8.5pt;line-height:150%;font-family:&quot;Arial&quot;,&quot;sans-serif&quot;\">Melhor<br \/>\npara a Costa Rica, ali\u00e1s, a maior prova de o porqu\u00ea do futebol ser o mais<br \/>\napaixonante do mundo. H\u00e1 seis meses, muitos riram quando a bolinha da Costa<br \/>\nRica caiu, justamente, no mesmo grupo de outras tr\u00eas sele\u00e7\u00f5es que j\u00e1 foram<br \/>\ncampe\u00e3s mundiais. Hoje, quem ri das mesmas ex-campe\u00e3s \u00e9 a equipe da Am\u00e9rica<br \/>\nCentral, e os apostadores outrora taxados como \u201cloucos\u201d que ousaram por \u00e0 mesa<br \/>\nalguma de suas fichas em favor dos costa-riquenhos. N\u00e3o s\u00f3 se classificou, como<br \/>\ntamb\u00e9m \u00e9 favorita \u00e0 primeira coloca\u00e7\u00e3o. Jogar\u00e1 contra os ingleses muito mais<br \/>\nlivre, leve e solta do que seu futebol apresentado at\u00e9 aqui, e saber\u00e1 \u201cde boa\u201d,<br \/>\nap\u00f3s seu confronto, quem saiu vivo entre as duas outras ex-campe\u00e3s.<\/span><\/p>\n<p class=\"MsoNormal\" style=\"text-align:justify;line-height:150%\"><span style=\"font-size:8.5pt;line-height:150%;font-family:&quot;Arial&quot;,&quot;sans-serif&quot;\"><br \/><\/span><\/p>\n<p class=\"MsoNormal\" style=\"text-align:justify;line-height:150%\">\n<span style=\"font-size:8.5pt;line-height:150%;font-family:&quot;Arial&quot;,&quot;sans-serif&quot;\">Contudo,<br \/>\nrevela\u00e7\u00e3o mesmo pelo lado bem positivo, al\u00e9m da surpreendente Costa Rica, \u00e9 a<br \/>\nequipe da terra da Torre Eiffel \u2013 a mais famosa do mundo. O destino quis que a<br \/>\nFran\u00e7a se classificasse na \u201cbacia das almas\u201d frente \u00e0 Ucr\u00e2nia de Schevchenko em<br \/>\numa repescagem para vir ao Brasil e desbotar esse belo futebol. Uma equipe sem<br \/>\ngrande badala\u00e7\u00e3o \u2013 n\u00e3o possui mais astros como Thierry Henry e Zinedine Zidane \u2013<br \/>\npor\u00e9m tem um craque para a posi\u00e7\u00e3o que falta \u00e0 Espanha e ao pr\u00f3prio Brasil, por<br \/>\nexemplo. Benzema \u00e9 o s\u00edmbolo da supera\u00e7\u00e3o francesa, pois a mesma equipe faz<br \/>\nessa \u00f3tima campanha, at\u00e9 ent\u00e3o, sem seu principal jogador, Rib\u00e9ry, que sequer<br \/>\nveio ao Brasil. Superou-se na repescagem europeia. Superou-se na perda desse<br \/>\nimportante jogador. <br \/><\/span><\/p>\n<p class=\"MsoNormal\" style=\"text-align:justify;line-height:150%\"><span style=\"font-size:8.5pt;line-height:150%;font-family:&quot;Arial&quot;,&quot;sans-serif&quot;\"><br \/><\/span><\/p>\n<p class=\"MsoNormal\" style=\"text-align:justify;line-height:150%\">\n<span style=\"font-size:8.5pt;line-height:150%;font-family:&quot;Arial&quot;,&quot;sans-serif&quot;\">Agora, se supera em campo com toda a objetividade advinda<br \/>\ndos belos toques de bola que faltaram \u00e0 sua vizinha geogr\u00e1fica, Espanha. Com<br \/>\ncerteza, se h\u00e1 um dos times que hoje eu apostaria que ser\u00e1 um semifinalista,<br \/>\nesse time \u00e9 a Fran\u00e7a. Sob batuta de Deschamps, ex-jogador e treinador que<br \/>\ncome\u00e7ou a despontar ao melhor estilo \u201cmineirinho\u201d, tal como o esquadr\u00e3o franc\u00eas<br \/>\nem sua completude.<\/span><\/p>\n<p class=\"MsoNormal\" style=\"text-align:justify;line-height:150%\"><span style=\"font-size:8.5pt;line-height:150%;font-family:&quot;Arial&quot;,&quot;sans-serif&quot;\"><br \/><\/span><\/p>\n<p class=\"MsoNormal\" style=\"text-align:justify;line-height:150%\">\n<span style=\"font-size:8.5pt;line-height:150%;font-family:&quot;Arial&quot;,&quot;sans-serif&quot;\">Independente<br \/>\ndo que vier a acontecer daqui por diante, trata-se ao meu ju\u00edzo j\u00e1 da MAIOR de<br \/>\nTODAS AS COPAS que eu, aos meus trinta e cinco anos de vida, j\u00e1 presenciei! E \u201ccomo<br \/>\nser\u00e1 o amanh\u00e3?!\u201d A pr\u00f3pria melodia do grande samba da Uni\u00e3o da Ilha do<br \/>\nGovernador, igualmente, completa \u00e0 sua pr\u00f3pria indaga\u00e7\u00e3o: \u201cresponda quem puder!\u201d&#8230;<\/span><\/p>\n<p class=\"MsoNormal\" style=\"text-align:justify;line-height:150%\"><span style=\"font-size:8.5pt;line-height:150%;font-family:&quot;Arial&quot;,&quot;sans-serif&quot;\"><br \/><\/span><\/p>\n<p class=\"MsoNormal\" style=\"text-align:justify;line-height:150%\">\n<span style=\"font-size:8.5pt;line-height:150%;font-family:&quot;Arial&quot;,&quot;sans-serif&quot;\">*****<\/span><\/p>\n<p class=\"MsoNormal\" style=\"text-align:justify;line-height:150%\"><span style=\"font-size:8.5pt;line-height:150%;font-family:&quot;Arial&quot;,&quot;sans-serif&quot;\"><br \/><\/span><\/p>\n<p class=\"MsoNormal\" style=\"text-align:justify;line-height:150%\">\n<span style=\"font-size:8.5pt;line-height:150%;font-family:&quot;Arial&quot;,&quot;sans-serif&quot;\">Deixei<br \/>\nesse t\u00f3pico de prop\u00f3sito reservado para exaltar ao \u00f3timo treinador Jorge<br \/>\nSampaoli. O argentino \u00e9, sem d\u00favida, o grande respons\u00e1vel da equipe chilena<br \/>\nsair da condi\u00e7\u00e3o de \u201cterceira for\u00e7a\u201d, acedendo-a para a equipe que pratica o<br \/>\nmais bonito futebol do seu grupo. Ali\u00e1s, n\u00e3o surpreendo-me com seu jeito<br \/>\nousado, marcando sob press\u00e3o o tempo inteiro, fazendo uma linha de tr\u00eas homens<br \/>\ne sete mais adiantados se multiplicando entre si para pressionar o advers\u00e1rio o<br \/>\ntempo todo. Quem se lembra da Universidad de Chile que assombrou as Am\u00e9ricas,<br \/>\nem 2010-2011, vai se lembrar do estilo Sampaoli de ser desde l\u00e1. N\u00e3o por<br \/>\ncoincid\u00eancia, muitos de seus jogadores j\u00e1 trabalharam junto dele na mesma<br \/>\nequipe chilena: Aranguiz e Vargas, por exemplo. Ambos da dupla Grenal, que se<br \/>\nencarregaram de, com seus gols, mandarem de volta os espanh\u00f3is para casa mais<br \/>\ncedo.<\/span><\/p>\n<p class=\"MsoNormal\" style=\"text-align:justify;line-height:150%\"><span style=\"font-size:8.5pt;line-height:150%;font-family:&quot;Arial&quot;,&quot;sans-serif&quot;\"><br \/><\/span><\/p>\n<p class=\"MsoNormal\" style=\"text-align:justify;line-height:150%\">\n<span style=\"font-size:8.5pt;line-height:150%;font-family:&quot;Arial&quot;,&quot;sans-serif&quot;\">Uma<br \/>\nindaga\u00e7\u00e3o apenas: quanto custa aos cofres dos clubes brasileiros e da pr\u00f3pria<br \/>\nCBF para manter aqui no Brasil, em seus times e em sua sele\u00e7\u00e3o respectivamente,<br \/>\nesse hall de t\u00e9cnicos desatualizados, ultrapassados ou sem qualidade mesmo, com<br \/>\nmuito mais grife do que resultados em campo? E quanto custa Sampaoli para a<br \/>\nFedera\u00e7\u00e3o Chilena de Futebol? N\u00e3o sei se daria certo aqui no Brasil ou se a pr\u00f3pria<br \/>\nimprensa \u2013 corporativista como ela s\u00f3 \u2013 aceitaria bem, mas que seria MUITO mais<br \/>\nv\u00e1lido uma aposta sobre esse nome do que os que temos de \u201cmelhor\u201d em t\u00e9cnicos<br \/>\nlocais, quanto a isso n\u00e3o teria a m\u00ednima d\u00favida&#8230;<\/span><\/p>\n<p class=\"MsoNormal\" style=\"text-align:justify;line-height:150%\"><span style=\"font-size:8.5pt;line-height:150%;font-family:&quot;Arial&quot;,&quot;sans-serif&quot;\"><br \/><\/span><\/p>\n<p class=\"MsoNormal\" style=\"text-align:justify;line-height:150%\">\n<span style=\"font-size:8.5pt;line-height:150%;font-family:&quot;Arial&quot;,&quot;sans-serif&quot;\">*****<\/span><\/p>\n<p class=\"MsoNormal\" style=\"text-align:justify;line-height:150%\"><span style=\"font-size:8.5pt;line-height:150%;font-family:&quot;Arial&quot;,&quot;sans-serif&quot;\"><br \/><\/span><\/p>\n<p class=\"MsoNormal\" style=\"text-align:justify;line-height:150%\">\n<span style=\"font-size:8.5pt;line-height:150%;font-family:&quot;Arial&quot;,&quot;sans-serif&quot;\">Saio<br \/>\num pouco dos notici\u00e1rios sobre a Copa e observo nos sites vasca\u00ednos:<br \/>\napresenta\u00e7\u00e3o de Kl\u00e9ber Gladiador na Colina Hist\u00f3rica; goleiro ex-Benfica que<br \/>\nningu\u00e9m conhece contratado e, ao que aparenta, para tomar a condi\u00e7\u00e3o de<br \/>\nterceiro goleiro de Jordi; Horta confidenciando a jornalista que n\u00e3o vir\u00e1 como<br \/>\ncandidato ao pleito que, por sinal, possui muitos indecisos ou \u00e0 procura de um \u201cmentor\u201d<br \/>\npara a chapa, outros tantos que s\u00f3 concorrer\u00e3o meio por \u201cquest\u00e3o de honra\u201d e<br \/>\noutras chapas que sequer t\u00eam a inten\u00e7\u00e3o de lan\u00e7ar candidato, ao passo que o<br \/>\n\u00daNICO at\u00e9 ent\u00e3o bem definido \u00e9 justamente o ex-Presidente&#8230;<\/span><\/p>\n<p class=\"MsoNormal\" style=\"text-align:justify;line-height:150%\"><span style=\"font-size:8.5pt;line-height:150%;font-family:&quot;Arial&quot;,&quot;sans-serif&quot;\"><br \/><\/span><\/p>\n<p class=\"MsoNormal\" style=\"text-align:justify;line-height:150%\">\n<span style=\"font-size:8.5pt;line-height:150%;font-family:&quot;Arial&quot;,&quot;sans-serif&quot;\">Pergunto-lhes,<br \/>\ncom muita sinceridade: que tal uma manifesta\u00e7\u00e3o vasca\u00edna para que essa Copa do Mundo<br \/>\ndure at\u00e9 dezembro?! #EU_APOIO !<\/span><\/p>\n<p class=\"MsoNormal\" style=\"text-align:justify;line-height:150%\"><b style><span style=\"font-size:8.5pt;line-height:150%;font-family:&quot;Arial&quot;,&quot;sans-serif&quot;\"><br \/><\/span><\/b><\/p>\n<p class=\"MsoNormal\" style=\"text-align:justify;line-height:150%\">\n<b style><span style=\"font-size:8.5pt;line-height:150%;font-family:&quot;Arial&quot;,&quot;sans-serif&quot;\">@crismariotti<\/span><\/b><\/p>\n<p class=\"MsoNormal\" style=\"text-align:justify;line-height:150%\"><b style><span style=\"font-size:8.5pt;line-height:150%;font-family:&quot;Arial&quot;,&quot;sans-serif&quot;\"><a href=\"mailto:cris.mariotti@crvasco.com.br\"><\/a><a href=\"mailto:cris.mariotti@crvasco.com.br\">cris.mariotti@crvasco.com.br<\/a> <span style>\u00a0<\/span><span style>\u00a0<\/span><\/span><\/b><span style=\"font-size:8.5pt;line-height:150%;font-family:&quot;Arial&quot;,&quot;sans-serif&quot;\"><span style>\u00a0<\/span><\/span><\/p>\n<p>\n<\/div>\n<p><\/p>\n","protected":false},"excerpt":{"rendered":"<p>A Copa do Mundo 2014 aqui no Brasil vem revelando-se, al\u00e9m de envolvente, surpreendente. Parece&#8230;<\/p>\n","protected":false},"author":12,"featured_media":341,"comment_status":"open","ping_status":"closed","sticky":false,"template":"","format":"standard","meta":{"footnotes":""},"categories":[3],"tags":[],"class_list":["post-864","post","type-post","status-publish","format-standard","has-post-thumbnail","hentry","category-colunistas"],"_links":{"self":[{"href":"https:\/\/webvasco.com\/artigos\/wp-json\/wp\/v2\/posts\/864","targetHints":{"allow":["GET"]}}],"collection":[{"href":"https:\/\/webvasco.com\/artigos\/wp-json\/wp\/v2\/posts"}],"about":[{"href":"https:\/\/webvasco.com\/artigos\/wp-json\/wp\/v2\/types\/post"}],"author":[{"embeddable":true,"href":"https:\/\/webvasco.com\/artigos\/wp-json\/wp\/v2\/users\/12"}],"replies":[{"embeddable":true,"href":"https:\/\/webvasco.com\/artigos\/wp-json\/wp\/v2\/comments?post=864"}],"version-history":[{"count":0,"href":"https:\/\/webvasco.com\/artigos\/wp-json\/wp\/v2\/posts\/864\/revisions"}],"wp:featuredmedia":[{"embeddable":true,"href":"https:\/\/webvasco.com\/artigos\/wp-json\/wp\/v2\/media\/341"}],"wp:attachment":[{"href":"https:\/\/webvasco.com\/artigos\/wp-json\/wp\/v2\/media?parent=864"}],"wp:term":[{"taxonomy":"category","embeddable":true,"href":"https:\/\/webvasco.com\/artigos\/wp-json\/wp\/v2\/categories?post=864"},{"taxonomy":"post_tag","embeddable":true,"href":"https:\/\/webvasco.com\/artigos\/wp-json\/wp\/v2\/tags?post=864"}],"curies":[{"name":"wp","href":"https:\/\/api.w.org\/{rel}","templated":true}]}}