{"id":8649,"date":"2019-01-28T08:45:49","date_gmt":"2019-01-28T11:45:49","guid":{"rendered":"http:\/\/webvasco.com\/artigos\/?p=8649"},"modified":"2019-01-30T08:48:25","modified_gmt":"2019-01-30T11:48:25","slug":"elas-o-professor-liana-santos","status":"publish","type":"post","link":"https:\/\/webvasco.com\/artigos\/temas\/elas-e-o-professor\/elas-o-professor-liana-santos\/","title":{"rendered":"ELAS &#038; O PROFESSOR &#8211; LIANA SANTOS"},"content":{"rendered":"<p><strong>ELAS &amp; O PROFESSOR<\/strong><\/p>\n<p><strong>POR LUIZ CARLOS ROCHA<\/strong><\/p>\n<p>A entrevista de janeiro de 2019, com a <strong>Liana Santos Barbosa<\/strong> \u00e9 dedicada \u00e0 minha filhotinha \u00darsulla Rocha.<\/p>\n<p><strong>LIANA SANTOS<\/strong>, niteroiense, namorando, 31 anos, produtora de eventos, moradora do Ing\u00e1, leonina, adora ler nas horas vagas, al\u00e9m de beber uma cervejinha com o namorado e amigos \u00e9 claro. Sua cor preferida \u00e9 o azul, contrariando a pol\u00eamica frase da Ministra Damares Alves, da Pasta Mulher, Fam\u00edlia e Direitos Humanos, que diz: \u201cMenino veste azul e menina veste rosa\u201d. Como toda boa nativa da Cidade Sorriso, sua Escola de Samba \u00e9 a Viradouro.<\/p>\n<p><strong> O Vasco da Gama ser\u00e1 campe\u00e3o da Copinha?<\/strong><\/p>\n<p>Tenho esperan\u00e7a, pois a base est\u00e1 legal.<\/p>\n<p><strong>Ser campe\u00e3o regional basta?<\/strong><\/p>\n<p>Atualmente sim.<\/p>\n<p><strong> O time profissional estreou bem no Campeonato Carioca? <\/strong><\/p>\n<p>Estreou sim.<\/p>\n<p><strong> Conservar a garotada dos juniores \u00e9 preciso? <\/strong><\/p>\n<p>\u00c9 necess\u00e1rio, porque \u00e9 da\u00ed que surgem os bons jogadores. A Base do Vasco t\u00eam \u00f3timas hist\u00f3rias.<\/p>\n<p><strong> O que \u00e9 impreter\u00edvel para aumentar a receita financeira do clube?<\/strong><\/p>\n<p>Al\u00e9m de parar o roubo dos cartolas, a torcida investir mais.<\/p>\n<p><strong> H\u00e1 algum \u00eddolo no atual plantel?<\/strong><\/p>\n<p>Talvez o Pikachu (Yago), porque desde o ano passado ele \u00e9 uma refer\u00eancia.<\/p>\n<p><strong>O trabalho do treinador (Alberto Valentim) \u00e9 bom? <\/strong><\/p>\n<p>N\u00e3o sei. \u00c9 preciso aguardar um pouco mais para avaliar.<\/p>\n<p><strong>Baixar o valor dos ingressos incentiva a frequ\u00eancia do torcedor? <\/strong><\/p>\n<p>Acredito que sim, pois hoje \u00e9 tudo muito caro. N\u00e3o d\u00e1 para ficar mantendo esse luxo.<\/p>\n<p><strong> Fernando Miguel substituiu bem Martin Silva? <\/strong><\/p>\n<p>Ainda n\u00e3o. Pelo menos por enquanto.<\/p>\n<p><strong>Politicamente Rom\u00e1rio poderia ajudar o Cruzmaltino de alguma forma?<\/strong><\/p>\n<p>Prefiro que n\u00e3o.<\/p>\n<p><strong> Dener (Dener Augusto de Souza) teria sido brilhante?<\/strong><\/p>\n<p>Creio que sim, n\u00e3o fosse aquela morte precoce.<\/p>\n<p><strong> Voc\u00ea curte a amizade entre as torcidas de Vasco e Palmeiras?<\/strong><\/p>\n<p>\u00c9 indiferente, mas todas as torcidas deveriam se respeitar entre si.<\/p>\n<p><strong>FOTOGRAFIAS BY LUIZ CARLOS ROCHA.<\/strong><\/p>\n<p><a href=\"https:\/\/webvasco.com\/artigos\/wp-content\/uploads\/2019\/01\/img_20190124_113938138.jpg\"><img loading=\"lazy\" decoding=\"async\" class=\"alignright size-medium wp-image-8653\" src=\"https:\/\/webvasco.com\/artigos\/wp-content\/uploads\/2019\/01\/img_20190124_113938138-255x300.jpg\" alt=\"\" width=\"255\" height=\"300\" srcset=\"https:\/\/webvasco.com\/artigos\/wp-content\/uploads\/2019\/01\/img_20190124_113938138-255x300.jpg 255w, https:\/\/webvasco.com\/artigos\/wp-content\/uploads\/2019\/01\/img_20190124_113938138-127x150.jpg 127w, https:\/\/webvasco.com\/artigos\/wp-content\/uploads\/2019\/01\/img_20190124_113938138-768x904.jpg 768w, https:\/\/webvasco.com\/artigos\/wp-content\/uploads\/2019\/01\/img_20190124_113938138-870x1024.jpg 870w\" sizes=\"auto, (max-width: 255px) 100vw, 255px\" \/><\/a> <a href=\"https:\/\/webvasco.com\/artigos\/wp-content\/uploads\/2019\/01\/img_20190124_113948384.jpg\"><img loading=\"lazy\" decoding=\"async\" class=\"alignright size-medium wp-image-8654\" src=\"https:\/\/webvasco.com\/artigos\/wp-content\/uploads\/2019\/01\/img_20190124_113948384-248x300.jpg\" alt=\"\" width=\"248\" height=\"300\" srcset=\"https:\/\/webvasco.com\/artigos\/wp-content\/uploads\/2019\/01\/img_20190124_113948384-248x300.jpg 248w, https:\/\/webvasco.com\/artigos\/wp-content\/uploads\/2019\/01\/img_20190124_113948384-124x150.jpg 124w, https:\/\/webvasco.com\/artigos\/wp-content\/uploads\/2019\/01\/img_20190124_113948384-768x930.jpg 768w, https:\/\/webvasco.com\/artigos\/wp-content\/uploads\/2019\/01\/img_20190124_113948384-846x1024.jpg 846w\" sizes=\"auto, (max-width: 248px) 100vw, 248px\" \/><\/a> <a href=\"https:\/\/webvasco.com\/artigos\/wp-content\/uploads\/2019\/01\/img_20190124_113921643.jpg\"><img loading=\"lazy\" decoding=\"async\" class=\"alignright size-medium wp-image-8652\" src=\"https:\/\/webvasco.com\/artigos\/wp-content\/uploads\/2019\/01\/img_20190124_113921643-230x300.jpg\" alt=\"\" width=\"230\" height=\"300\" srcset=\"https:\/\/webvasco.com\/artigos\/wp-content\/uploads\/2019\/01\/img_20190124_113921643-230x300.jpg 230w, https:\/\/webvasco.com\/artigos\/wp-content\/uploads\/2019\/01\/img_20190124_113921643-115x150.jpg 115w, https:\/\/webvasco.com\/artigos\/wp-content\/uploads\/2019\/01\/img_20190124_113921643-768x1003.jpg 768w, https:\/\/webvasco.com\/artigos\/wp-content\/uploads\/2019\/01\/img_20190124_113921643-784x1024.jpg 784w\" sizes=\"auto, (max-width: 230px) 100vw, 230px\" \/><\/a> <a href=\"https:\/\/webvasco.com\/artigos\/wp-content\/uploads\/2019\/01\/img_20190124_114011353.jpg\"><img loading=\"lazy\" decoding=\"async\" class=\"alignright size-medium wp-image-8651\" src=\"https:\/\/webvasco.com\/artigos\/wp-content\/uploads\/2019\/01\/img_20190124_114011353-214x300.jpg\" alt=\"\" width=\"214\" height=\"300\" srcset=\"https:\/\/webvasco.com\/artigos\/wp-content\/uploads\/2019\/01\/img_20190124_114011353-214x300.jpg 214w, https:\/\/webvasco.com\/artigos\/wp-content\/uploads\/2019\/01\/img_20190124_114011353-107x150.jpg 107w, https:\/\/webvasco.com\/artigos\/wp-content\/uploads\/2019\/01\/img_20190124_114011353-768x1079.jpg 768w, https:\/\/webvasco.com\/artigos\/wp-content\/uploads\/2019\/01\/img_20190124_114011353-729x1024.jpg 729w\" sizes=\"auto, (max-width: 214px) 100vw, 214px\" \/><\/a> <a href=\"https:\/\/webvasco.com\/artigos\/wp-content\/uploads\/2019\/01\/img_20190124_113957306.jpg\"><img loading=\"lazy\" decoding=\"async\" class=\"alignright size-medium wp-image-8650\" src=\"https:\/\/webvasco.com\/artigos\/wp-content\/uploads\/2019\/01\/img_20190124_113957306-266x300.jpg\" alt=\"\" width=\"266\" height=\"300\" srcset=\"https:\/\/webvasco.com\/artigos\/wp-content\/uploads\/2019\/01\/img_20190124_113957306-266x300.jpg 266w, https:\/\/webvasco.com\/artigos\/wp-content\/uploads\/2019\/01\/img_20190124_113957306-133x150.jpg 133w, https:\/\/webvasco.com\/artigos\/wp-content\/uploads\/2019\/01\/img_20190124_113957306-768x865.jpg 768w, https:\/\/webvasco.com\/artigos\/wp-content\/uploads\/2019\/01\/img_20190124_113957306-909x1024.jpg 909w\" sizes=\"auto, (max-width: 266px) 100vw, 266px\" \/><\/a><\/p>\n","protected":false},"excerpt":{"rendered":"<p>ELAS &amp; O PROFESSOR POR LUIZ CARLOS ROCHA A entrevista de janeiro de 2019, com&#8230;<\/p>\n","protected":false},"author":7,"featured_media":8658,"comment_status":"open","ping_status":"closed","sticky":false,"template":"","format":"standard","meta":{"footnotes":""},"categories":[27],"tags":[],"class_list":["post-8649","post","type-post","status-publish","format-standard","has-post-thumbnail","hentry","category-elas-e-o-professor"],"_links":{"self":[{"href":"https:\/\/webvasco.com\/artigos\/wp-json\/wp\/v2\/posts\/8649","targetHints":{"allow":["GET"]}}],"collection":[{"href":"https:\/\/webvasco.com\/artigos\/wp-json\/wp\/v2\/posts"}],"about":[{"href":"https:\/\/webvasco.com\/artigos\/wp-json\/wp\/v2\/types\/post"}],"author":[{"embeddable":true,"href":"https:\/\/webvasco.com\/artigos\/wp-json\/wp\/v2\/users\/7"}],"replies":[{"embeddable":true,"href":"https:\/\/webvasco.com\/artigos\/wp-json\/wp\/v2\/comments?post=8649"}],"version-history":[{"count":3,"href":"https:\/\/webvasco.com\/artigos\/wp-json\/wp\/v2\/posts\/8649\/revisions"}],"predecessor-version":[{"id":8657,"href":"https:\/\/webvasco.com\/artigos\/wp-json\/wp\/v2\/posts\/8649\/revisions\/8657"}],"wp:featuredmedia":[{"embeddable":true,"href":"https:\/\/webvasco.com\/artigos\/wp-json\/wp\/v2\/media\/8658"}],"wp:attachment":[{"href":"https:\/\/webvasco.com\/artigos\/wp-json\/wp\/v2\/media?parent=8649"}],"wp:term":[{"taxonomy":"category","embeddable":true,"href":"https:\/\/webvasco.com\/artigos\/wp-json\/wp\/v2\/categories?post=8649"},{"taxonomy":"post_tag","embeddable":true,"href":"https:\/\/webvasco.com\/artigos\/wp-json\/wp\/v2\/tags?post=8649"}],"curies":[{"name":"wp","href":"https:\/\/api.w.org\/{rel}","templated":true}]}}