{"id":8659,"date":"2019-02-17T11:54:10","date_gmt":"2019-02-17T14:54:10","guid":{"rendered":"http:\/\/webvasco.com\/artigos\/?p=8659"},"modified":"2019-02-17T22:50:03","modified_gmt":"2019-02-18T01:50:03","slug":"a-diferenca-entre-a-inteligencia-e-a-estupidez-e-que-a-inteligencia-e-limitada","status":"publish","type":"post","link":"https:\/\/webvasco.com\/artigos\/colunistas\/andrepedro\/a-diferenca-entre-a-inteligencia-e-a-estupidez-e-que-a-inteligencia-e-limitada\/","title":{"rendered":"A diferen\u00e7a entre a intelig\u00eancia\u00a0e a\u00a0estupidez\u00a0\u00e9 que a\u00a0intelig\u00eancia\u00a0\u00e9 limitada."},"content":{"rendered":"<p>O t\u00edtulo de artigo que agora inicio \u00e9 do c\u00e9lebre Roberto Campos. Roberto Campos, assim como todos n\u00f3s, n\u00e3o era perfeito&#8230; Mas, como todo buscador da verdade, tinha na racionalidade um porto seguro para a tomada de decis\u00f5es.<\/p>\n<p>A semana que terminou ontem foi uma daquelas que n\u00e3o podemos e nem devemos nos esquecer t\u00e3o cedo. Al\u00e9m da intensidade de eventos, alguns deles al\u00e9m do mundo do futebol, a rea\u00e7\u00e3o a esses eventos pelo p\u00fablico em geral foi algo que transcendeu todo e qualquer progn\u00f3stico.<\/p>\n<p>O evento dram\u00e1tico que aconteceu no Ninho do Urubu, nome dado ao CT do Flamengo, foi algo que comoveu a todos, independente de paix\u00f5es clubistas. Saber que adolescentes morreram queimados por descaso \u00e9 repugnante demais para ser expresso em meras palavras. Discordo daqueles que dizem que o Flamengo \u00e9 culpado. Seria o mesmo que dizer que o Vasco foi culpado pela queda do alambrado na final da Copa Havelange. A institui\u00e7\u00e3o \u00e9 inerte em rela\u00e7\u00e3o a a\u00e7\u00f5es que geram responsabilidades. <strong>Quem as toma \u00e9 que \u00e9 o verdadeiro culpado<\/strong>. Defendo a <strong>apura\u00e7\u00e3o<\/strong> rigorosa do que aconteceu e a <strong>responsabiliza\u00e7\u00e3o<\/strong> de quem tomou a decis\u00e3o de alojar aqueles garotos num lugar que se assemelhava a uma jaula. S\u00e3o esses nomes que precisam vir a tona, de modo a que o evento n\u00e3o caia no esquecimento e que os demais respons\u00e1veis por outros CT\u2019s comecem a se preocupar com a <strong>seguran\u00e7a da vida humana que est\u00e1 sob sua responsabilidade<\/strong>.<\/p>\n<p>O que faz a diretoria do Vasco da Gama diante disto? Presta uma homenagem a quem n\u00e3o teve responsabilidade alguma, mas foi v\u00edtima. A bandeira do Flamengo, estampada no uniforme era uma refer\u00eancia <strong>\u00e0s v\u00edtimas do drama vivido na institui\u00e7\u00e3o Flamengo<\/strong>, assim como a homenagem relativa a trag\u00e9dia das chuvas no Rio.<\/p>\n<p>Uma pausa aqui: confesso que no momento que soube como seria feita a homenagem, me passou pela cabe\u00e7a: \u201c<strong>ser\u00e1 que n\u00e3o havia outra forma de se fazer essa homenagem?<\/strong>\u201d. Meu questionamento era \u00f3bvio: eu tinha certeza absoluta que haveria <strong>combates acirrados<\/strong> contra o fato de uma <strong>bandeira do arquirrival<\/strong> estar estampada em nosso uniforme.<\/p>\n<p>A hist\u00f3ria da Humanidade est\u00e1 repleta de atos que n\u00e3o foram compreendidos em sua \u00e9poca pelos pares de quem os cometeu&#8230; <strong>Mas isso n\u00e3o desmerece os atos em si<\/strong>. Gandhi foi questionado pelos seus pares em sua pol\u00edtica de n\u00e3o-agress\u00e3o. At\u00e9 mesmo Jesus, em todo o seu amor e sabedoria, foi questionado. Mas a grandeza do Ser Humano n\u00e3o est\u00e1 nos erros que comete, e nem no \u201cn\u00e3o-entendimento\u201d de atos nobres. A grandeza ocorre no reconhecimento de que errou em seu julgamento e muda de posicionamento para o que \u00e9 correto.<\/p>\n<p>Porque estou dizendo isto? A homenagem do Vasco, como institui\u00e7\u00e3o, <strong>certamente n\u00e3o agradou a uma parcela dos s\u00f3cios e torcedores<\/strong>. Mas seu efeito em todo o setor esportivo, de imprensa e nas torcidas advers\u00e1rias foram de tamanho \u00edmpeto positivo, que podemos hoje dizer que o Vasco, al\u00e9m de n\u00e3o ter nenhum preju\u00edzo com isso, ao contr\u00e1rio, <strong>s\u00f3 teve benef\u00edcios<\/strong>. A <strong>corrente do bem que foi formada<\/strong> \u00e9 de tal monta, que at\u00e9 hoje eu recebo mensagens de amigos de outros clubes parabenizando o meu clube pela iniciativa. Eu mesmo, que a princ\u00edpio achei que a forma da homenagem iria causar problemas, percebi ao longo dos dias seguintes duas coisas: a primeira foi que a <strong>mensagem subliminar<\/strong> que havia na camisa do Vasco era de algo muito poderoso: <strong>o amor<\/strong>! E, como todos n\u00f3s sabemos, <strong>o amor sempre vence<\/strong>! Foi essa for\u00e7a que <strong>n\u00e3o foi compreendida<\/strong> plenamente por muitos e certamente n\u00e3o ser\u00e1 ainda por alguns que est\u00e3o lendo estas linhas.<\/p>\n<p>E \u00e9 justamente a\u00ed que entramos na segunda coisa que constatei esta semana: A de que o Vasco n\u00e3o voltar\u00e1 a ser o gigante que foi no s\u00e9culo XX enquanto as pessoas que tem algum poder dentro do clube n\u00e3o compreenderem a verdadeira \u201c<strong>alma vasca\u00edna<\/strong>\u201d, que \u00e9 a do <strong>amor, da compreens\u00e3o das diferen\u00e7as, e do progresso<\/strong>. Foram esses valores que tornaram o clube um <strong>Gigante<\/strong> em todas as suas facetas, e que superaram todas as adversidades, sendo a mais famosa o preconceito que nos obrigou, em 1924, a sair da associa\u00e7\u00e3o que tanto lutamos para ser campe\u00f5es de futebol em 1923.<\/p>\n<p>N\u00e3o podemos acreditar que em 1924, a ideia de que todo ser humano \u00e9 igual, independente de cor de pele e classe social, era unanimidade em nosso clube. Certamente era majorit\u00e1ria, mas n\u00e3o podemos ser ing\u00eanuos a pensar que n\u00e3o houve alguma parcela de vasca\u00ednos que n\u00e3o concordou com isso. Se esses vasca\u00ednos reconheceram a grandeza do gesto de 1924 depois e passaram a defender aqueles valores, isso \u00e9 outra hist\u00f3ria. O fato \u00e9 que o Vasco se tornou para sempre <strong>um clube diferenciado no mundo do futebol<\/strong>, e n\u00e3o pela voz de uma poss\u00edvel minoria, mas sim pela <strong>grandeza do gesto praticado pela maioria<\/strong>, que apoiou o presidente a emitir a Resposta Hist\u00f3ria.<\/p>\n<p>Voltando a 2019, temos hoje um grupo que, de forma totalmente delet\u00e9ria aos valores do clube, e ignorando totalmente a repercuss\u00e3o positiva do ato e seu alinhamento com esses valores, comete uma insensatez, que \u00e9 motivo do t\u00edtulo deste artigo: 102 vasca\u00ednos, entre eles benem\u00e9ritos e conselheiros (alguns meus amigos), decidiram assinar uma nota de rep\u00fadio a esse gesto. Segue o texto da Nota:<\/p>\n<p style=\"text-align: center;\"><em>\u201cNOTA DE REP\u00daDIO<\/em><\/p>\n<p style=\"text-align: center;\"><em>Os membros do Conselho Deliberativo abaixo mencionados repudiam de forma veemente a coloca\u00e7\u00e3o da bandeira de um outro clube na sagrada e centen\u00e1ria camisa vasca\u00edna.<\/em><\/p>\n<p style=\"text-align: center;\"><em>A irrestrita solidariedade \u00e0s v\u00edtimas da trag\u00e9dia, que atingiu tantos jovens talentos, n\u00e3o pode servir de pretexto a gestos demag\u00f3gicos, que atentam contra nossas tradi\u00e7\u00f5es e ferem frontalmente o estatuto do clube.\u201d<\/em><\/p>\n<p>Oras, ou eu estou ficando totalmente demente ou desaprendi a falar portugu\u00eas lendo essa nota. Inicialmente, segundo o dicion\u00e1rio Priberam (2008-2013), \u201c<strong>demagogia<\/strong>\u201d significa:<\/p>\n<p><em>1. Preponder\u00e2ncia do povo na forma do governo.<\/em><br \/>\n<em>2. Abuso da democracia.<\/em><br \/>\n<em>3. Domina\u00e7\u00e3o tir\u00e2nica das fa\u00e7\u00f5es populares.<\/em><br \/>\n<em>4. Discurso ou a\u00e7\u00e3o que visa manipular as paix\u00f5es e os sentimentos do eleitorado para conquista f\u00e1cil de poder pol\u00edtico.<\/em><\/p>\n<p>Onde houve isso no ato praticado? Alguns podem at\u00e9 pensar no item 4, imaginando que Campelo ganharia alguma coisa politicamente falando&#8230; Mas o ato vai t\u00e3o al\u00e9m das quest\u00f5es pol\u00edticas, que chega a ser ris\u00edvel imaginar isso de forma s\u00e9ria&#8230; Al\u00e9m disso, um ato de grandeza, com o simbolismo que se reveste, ser classificado como \u201c<strong>que atentam contra nossas tradi\u00e7\u00f5es<\/strong>\u201d (SIC), \u00e9 algo que foge a qualquer razoabilidade e racionalidade, como j\u00e1 visto acima. Nem vou entrar na afirma\u00e7\u00e3o de que fere o estatuto do clube porque teria que escrever outro artigo somente sobre isso&#8230;<\/p>\n<p><strong>N\u00e3o estou afirmando<\/strong> que os 102 vasca\u00ednos que assinaram a nota s\u00e3o \u201cest\u00fapidos\u201d, antes que algu\u00e9m comece a distorcer este artigo. Estupidez est\u00e1 em <strong>quem sabe que est\u00e1 agindo errado e permanece errando<\/strong>. N\u00e3o sei se \u00e9 esse o caso e prefiro imaginar que n\u00e3o seja. Como disse acima, <strong>a grandeza do Ser Humano est\u00e1 em reconhecer que equ\u00edvocos fazem parte de nossa vida e que devemos reconhec\u00ea-los para evoluirmos<\/strong>. H\u00e1 amigos nesse grupo dos 102 que eu confesso estranhar a assinatura dessa nota. Mas, mesmo assim <strong>defendo o direito deles se manifestarem como o fizeram<\/strong>. Se eles n\u00e3o reconhecerem o equ\u00edvoco em assinar essa nota, paci\u00eancia. \u00c9 direito deles e n\u00e3o serei eu a desmerecer esse direito &#8211; estamos em uma democracia e sou ferrenho defensor dela.<\/p>\n<p>O que quero deixar claro, para quem conseguiu ler at\u00e9 aqui este longo artigo, \u00e9 que<strong> o Vasco tem uma ess\u00eancia como clube<\/strong>&#8230; uma \u201calma\u201d&#8230; E esse clube prosseguir\u00e1 com essa alma, mesmo que alguns integrantes do clube n\u00e3o a tenham compreendido em sua plenitude, seja por falta de percep\u00e7\u00e3o, seja por motiva\u00e7\u00e3o pol\u00edtica, que cega o cora\u00e7\u00e3o, e deforma a raz\u00e3o. Espero sinceramente que se n\u00e3o todos, a maioria reconsidere e perceba que h\u00e1 muito mais em jogo do que os motivos que eles alegam em seu \u201crep\u00fadio\u201d. A a\u00e7\u00e3o desta semana resgatou em parte essa alma. Se foi da melhor maneira, n\u00e3o posso afirmar. <strong>Mas confesso que vi, em raz\u00e3o dela, coisas muito positivas que n\u00e3o via h\u00e1 muito tempo, principalmente durante a &#8220;Era Eurico&#8221; no clube<\/strong>.<\/p>\n<p>Por fim, n\u00e3o posso deixar de <strong>repudiar<\/strong> as declara\u00e7\u00f5es do presidente do Fluminense, que destru\u00edram toda a beleza de um grande cl\u00e1ssico do futebol brasileiro ao colocar um <strong>clima de \u201cguerra\u201d<\/strong> (SIC) para o jogo de hoje. Foi um ato de tanta <strong>insensatez<\/strong>, que chegamos ao absurdo de ter uma decis\u00e3o de uma desembargadora <strong>impedindo a entrada de torcedores na partida<\/strong>. Fico sem palavras neste momento para falar de forma ponderada o que penso disso&#8230;. Prefiro aguardar o desenrolar jur\u00eddico de forma a colocar um pouco de sensatez nesse imbr\u00f3glio e que o desfecho do jogo de hoje <strong>n\u00e3o se torne uma &#8220;trag\u00e9dia fabricada&#8221; por pessoas que n\u00e3o medem consequ\u00eancias em seus atos<\/strong>.<\/p>\n<p>Se Deus nos permitir, <strong>bom jogo a todos e que ven\u00e7a aquele que realmente fez por onde para merecer a vit\u00f3ria<\/strong>.<\/p>\n","protected":false},"excerpt":{"rendered":"<p>O t\u00edtulo de artigo que agora inicio \u00e9 do c\u00e9lebre Roberto Campos. Roberto Campos, assim&#8230;<\/p>\n","protected":false},"author":5,"featured_media":0,"comment_status":"open","ping_status":"closed","sticky":false,"template":"","format":"standard","meta":{"footnotes":""},"categories":[2],"tags":[],"class_list":["post-8659","post","type-post","status-publish","format-standard","hentry","category-andrepedro"],"_links":{"self":[{"href":"https:\/\/webvasco.com\/artigos\/wp-json\/wp\/v2\/posts\/8659","targetHints":{"allow":["GET"]}}],"collection":[{"href":"https:\/\/webvasco.com\/artigos\/wp-json\/wp\/v2\/posts"}],"about":[{"href":"https:\/\/webvasco.com\/artigos\/wp-json\/wp\/v2\/types\/post"}],"author":[{"embeddable":true,"href":"https:\/\/webvasco.com\/artigos\/wp-json\/wp\/v2\/users\/5"}],"replies":[{"embeddable":true,"href":"https:\/\/webvasco.com\/artigos\/wp-json\/wp\/v2\/comments?post=8659"}],"version-history":[{"count":1,"href":"https:\/\/webvasco.com\/artigos\/wp-json\/wp\/v2\/posts\/8659\/revisions"}],"predecessor-version":[{"id":8660,"href":"https:\/\/webvasco.com\/artigos\/wp-json\/wp\/v2\/posts\/8659\/revisions\/8660"}],"wp:attachment":[{"href":"https:\/\/webvasco.com\/artigos\/wp-json\/wp\/v2\/media?parent=8659"}],"wp:term":[{"taxonomy":"category","embeddable":true,"href":"https:\/\/webvasco.com\/artigos\/wp-json\/wp\/v2\/categories?post=8659"},{"taxonomy":"post_tag","embeddable":true,"href":"https:\/\/webvasco.com\/artigos\/wp-json\/wp\/v2\/tags?post=8659"}],"curies":[{"name":"wp","href":"https:\/\/api.w.org\/{rel}","templated":true}]}}