{"id":8661,"date":"2019-02-24T21:18:41","date_gmt":"2019-02-25T00:18:41","guid":{"rendered":"http:\/\/webvasco.com\/artigos\/?p=8661"},"modified":"2019-02-26T06:29:07","modified_gmt":"2019-02-26T09:29:07","slug":"elas-o-professor-marise-aguiar","status":"publish","type":"post","link":"https:\/\/webvasco.com\/artigos\/temas\/elas-e-o-professor\/elas-o-professor-marise-aguiar\/","title":{"rendered":"ELAS &amp; O PROFESSOR &#8211; MARISE AGUIAR"},"content":{"rendered":"<p><strong>ELAS &amp; O PROFESSOR<\/strong><\/p>\n<p><strong>POR LUIZ CARLOS ROCHA<\/strong><\/p>\n<p>A entrevista de fevereiro de 2019, com Professora Marise Aguiar \u00e9 dedicada \u00e0 minha filha \u00darsulla Rocha.<\/p>\n<p><strong>MARISE DE AGUIAR ROCHA<\/strong>, nascida e criada em S\u00e3o Gon\u00e7alo, atualmente moradora do Recreio dos Bandeirantes, 42 anos, professora de hist\u00f3ria, leonina, mangueirense, sua cor preferida \u00e9 o azul. Nas horas vagas curte dan\u00e7ar e ir ao teatro.<\/p>\n<p><strong> Qual a import\u00e2ncia do Vasco ter sido campe\u00e3o da Ta\u00e7a Guanabara em um momento que o futebol passa por tantos momentos dif\u00edceis? <\/strong><\/p>\n<p>\u00c9 mais do que merecido, por todo o sofrimento que o time j\u00e1 passou.<\/p>\n<p><strong>Voc\u00ea achou certo o Cruzmaltino colocar a bandeira do Flamengo em sua camisa? <\/strong><\/p>\n<p>Totalmente certo. A rivalidade deve ser somente em campo. Futebol \u00e9 s\u00f3 alegria.<\/p>\n<p><strong> Hoje podemos dizer que o Rubro-Negro \u00e9 mais um advers\u00e1rio, mas que o grande rival \u00e9 o Tricolor? <\/strong><\/p>\n<p>Na rivalidade fora do campo sim. A viol\u00eancia no dia da decis\u00e3o do t\u00edtulo foi desnecess\u00e1ria.<\/p>\n<p><strong> Ganhar do Fluminense est\u00e1 virando rotina? <\/strong><\/p>\n<p>Est\u00e1.<\/p>\n<p><strong> Alberto Valentin est\u00e1 finalmente acertando o time? <\/strong><\/p>\n<p>Parece que sim, vamos ver se vai.<\/p>\n<p><strong> Por atitudes tresloucadas dos cartolas do Fluminense e seus torcedores, podemos afirmar que o Tricolor tem a frustra\u00e7\u00e3o de n\u00e3o ter sido o Vasco da Gama? <\/strong><\/p>\n<p>Com toda a certeza que sim.<\/p>\n<p><strong>Time para ser considerado grande \u00e9 preciso ter sido campe\u00e3o da Libertadores? <\/strong><\/p>\n<p>Claro que n\u00e3o. Precisa ser bom em campo.<\/p>\n<p><strong>S\u00e3o Janu\u00e1rio \u00e9 o Est\u00e1dio mais bonito do Brasil? <\/strong><\/p>\n<p>\u00c9 sim, tem muitos que querem ter uma casa como a nossa.<\/p>\n<p><strong>Qual o jogador do atual elenco lhe representa? <\/strong><\/p>\n<p>Todos.<\/p>\n<p><strong>Quem \u00e9 mais importante na engrenagem do clube, o treinador ou o presidente? <\/strong><\/p>\n<p>O presidente, pois ele necessita contratar jogadores bons, mas um sem o outro n\u00e3o funciona.<\/p>\n<p><strong> A vaidade dos cartolas atrasa o desenvolvimento do clube? <\/strong><\/p>\n<p>Totalmente. N\u00e3o deveria nem mais existir esse tipo de coisa.<\/p>\n<p><strong> O Gigante da Colina precisa melhorar (atualizar) muito seu Departamento de Marketing? <\/strong><\/p>\n<p>Acredito que sim.<\/p>\n<p><strong>FOTOGRAFIAS BY LUIZ CARLOS ROCHA.<\/strong><\/p>\n<div id='gallery-1' class='gallery galleryid-8661 gallery-columns-3 gallery-size-thumbnail'><figure class='gallery-item'>\n\t\t\t<div class='gallery-icon landscape'>\n\t\t\t\t<a href='https:\/\/webvasco.com\/artigos\/temas\/elas-e-o-professor\/elas-o-professor-marise-aguiar\/attachment\/whatsapp-image-2019-02-24-at-21-03-18-1\/'><img loading=\"lazy\" decoding=\"async\" width=\"150\" height=\"129\" src=\"https:\/\/webvasco.com\/artigos\/wp-content\/uploads\/2019\/02\/WhatsApp-Image-2019-02-24-at-21.03.18-1-150x129.jpeg\" class=\"attachment-thumbnail size-thumbnail\" alt=\"\" srcset=\"https:\/\/webvasco.com\/artigos\/wp-content\/uploads\/2019\/02\/WhatsApp-Image-2019-02-24-at-21.03.18-1-150x129.jpeg 150w, https:\/\/webvasco.com\/artigos\/wp-content\/uploads\/2019\/02\/WhatsApp-Image-2019-02-24-at-21.03.18-1-300x257.jpeg 300w, https:\/\/webvasco.com\/artigos\/wp-content\/uploads\/2019\/02\/WhatsApp-Image-2019-02-24-at-21.03.18-1-768x658.jpeg 768w, https:\/\/webvasco.com\/artigos\/wp-content\/uploads\/2019\/02\/WhatsApp-Image-2019-02-24-at-21.03.18-1-1024x878.jpeg 1024w, https:\/\/webvasco.com\/artigos\/wp-content\/uploads\/2019\/02\/WhatsApp-Image-2019-02-24-at-21.03.18-1.jpeg 1280w\" sizes=\"auto, (max-width: 150px) 100vw, 150px\" \/><\/a>\n\t\t\t<\/div><\/figure><figure class='gallery-item'>\n\t\t\t<div class='gallery-icon portrait'>\n\t\t\t\t<a href='https:\/\/webvasco.com\/artigos\/temas\/elas-e-o-professor\/elas-o-professor-marise-aguiar\/attachment\/whatsapp-image-2019-02-24-at-21-03-17\/'><img loading=\"lazy\" decoding=\"async\" width=\"97\" height=\"150\" src=\"https:\/\/webvasco.com\/artigos\/wp-content\/uploads\/2019\/02\/WhatsApp-Image-2019-02-24-at-21.03.17-97x150.jpeg\" class=\"attachment-thumbnail size-thumbnail\" alt=\"\" srcset=\"https:\/\/webvasco.com\/artigos\/wp-content\/uploads\/2019\/02\/WhatsApp-Image-2019-02-24-at-21.03.17-97x150.jpeg 97w, https:\/\/webvasco.com\/artigos\/wp-content\/uploads\/2019\/02\/WhatsApp-Image-2019-02-24-at-21.03.17-194x300.jpeg 194w, https:\/\/webvasco.com\/artigos\/wp-content\/uploads\/2019\/02\/WhatsApp-Image-2019-02-24-at-21.03.17-768x1189.jpeg 768w, https:\/\/webvasco.com\/artigos\/wp-content\/uploads\/2019\/02\/WhatsApp-Image-2019-02-24-at-21.03.17-662x1024.jpeg 662w, https:\/\/webvasco.com\/artigos\/wp-content\/uploads\/2019\/02\/WhatsApp-Image-2019-02-24-at-21.03.17.jpeg 827w\" sizes=\"auto, (max-width: 97px) 100vw, 97px\" \/><\/a>\n\t\t\t<\/div><\/figure><figure class='gallery-item'>\n\t\t\t<div class='gallery-icon portrait'>\n\t\t\t\t<a href='https:\/\/webvasco.com\/artigos\/temas\/elas-e-o-professor\/elas-o-professor-marise-aguiar\/attachment\/whatsapp-image-2019-02-24-at-21-03-18-2\/'><img loading=\"lazy\" decoding=\"async\" width=\"113\" height=\"150\" src=\"https:\/\/webvasco.com\/artigos\/wp-content\/uploads\/2019\/02\/WhatsApp-Image-2019-02-24-at-21.03.18-2-113x150.jpeg\" class=\"attachment-thumbnail size-thumbnail\" alt=\"\" srcset=\"https:\/\/webvasco.com\/artigos\/wp-content\/uploads\/2019\/02\/WhatsApp-Image-2019-02-24-at-21.03.18-2-113x150.jpeg 113w, https:\/\/webvasco.com\/artigos\/wp-content\/uploads\/2019\/02\/WhatsApp-Image-2019-02-24-at-21.03.18-2-225x300.jpeg 225w, https:\/\/webvasco.com\/artigos\/wp-content\/uploads\/2019\/02\/WhatsApp-Image-2019-02-24-at-21.03.18-2-768x1024.jpeg 768w, https:\/\/webvasco.com\/artigos\/wp-content\/uploads\/2019\/02\/WhatsApp-Image-2019-02-24-at-21.03.18-2.jpeg 780w\" sizes=\"auto, (max-width: 113px) 100vw, 113px\" \/><\/a>\n\t\t\t<\/div><\/figure><figure class='gallery-item'>\n\t\t\t<div class='gallery-icon portrait'>\n\t\t\t\t<a href='https:\/\/webvasco.com\/artigos\/temas\/elas-e-o-professor\/elas-o-professor-marise-aguiar\/attachment\/whatsapp-image-2019-02-24-at-21-03-18\/'><img loading=\"lazy\" decoding=\"async\" width=\"75\" height=\"150\" src=\"https:\/\/webvasco.com\/artigos\/wp-content\/uploads\/2019\/02\/WhatsApp-Image-2019-02-24-at-21.03.18-75x150.jpeg\" class=\"attachment-thumbnail size-thumbnail\" alt=\"\" srcset=\"https:\/\/webvasco.com\/artigos\/wp-content\/uploads\/2019\/02\/WhatsApp-Image-2019-02-24-at-21.03.18-75x150.jpeg 75w, https:\/\/webvasco.com\/artigos\/wp-content\/uploads\/2019\/02\/WhatsApp-Image-2019-02-24-at-21.03.18-151x300.jpeg 151w, https:\/\/webvasco.com\/artigos\/wp-content\/uploads\/2019\/02\/WhatsApp-Image-2019-02-24-at-21.03.18-514x1024.jpeg 514w, https:\/\/webvasco.com\/artigos\/wp-content\/uploads\/2019\/02\/WhatsApp-Image-2019-02-24-at-21.03.18.jpeg 643w\" sizes=\"auto, (max-width: 75px) 100vw, 75px\" \/><\/a>\n\t\t\t<\/div><\/figure><figure class='gallery-item'>\n\t\t\t<div class='gallery-icon portrait'>\n\t\t\t\t<a href='https:\/\/webvasco.com\/artigos\/temas\/elas-e-o-professor\/elas-o-professor-marise-aguiar\/attachment\/whatsapp-image-2019-02-24-at-21-03-19\/'><img loading=\"lazy\" decoding=\"async\" width=\"125\" height=\"150\" src=\"https:\/\/webvasco.com\/artigos\/wp-content\/uploads\/2019\/02\/WhatsApp-Image-2019-02-24-at-21.03.19-125x150.jpeg\" class=\"attachment-thumbnail size-thumbnail\" alt=\"\" srcset=\"https:\/\/webvasco.com\/artigos\/wp-content\/uploads\/2019\/02\/WhatsApp-Image-2019-02-24-at-21.03.19-125x150.jpeg 125w, https:\/\/webvasco.com\/artigos\/wp-content\/uploads\/2019\/02\/WhatsApp-Image-2019-02-24-at-21.03.19-249x300.jpeg 249w, https:\/\/webvasco.com\/artigos\/wp-content\/uploads\/2019\/02\/WhatsApp-Image-2019-02-24-at-21.03.19-768x924.jpeg 768w, https:\/\/webvasco.com\/artigos\/wp-content\/uploads\/2019\/02\/WhatsApp-Image-2019-02-24-at-21.03.19-851x1024.jpeg 851w, https:\/\/webvasco.com\/artigos\/wp-content\/uploads\/2019\/02\/WhatsApp-Image-2019-02-24-at-21.03.19.jpeg 1064w\" sizes=\"auto, (max-width: 125px) 100vw, 125px\" \/><\/a>\n\t\t\t<\/div><\/figure>\n\t\t<\/div>\n\n","protected":false},"excerpt":{"rendered":"<p>ELAS &amp; O PROFESSOR POR LUIZ CARLOS ROCHA A entrevista de fevereiro de 2019, com&#8230;<\/p>\n","protected":false},"author":7,"featured_media":8664,"comment_status":"open","ping_status":"closed","sticky":false,"template":"","format":"standard","meta":{"footnotes":""},"categories":[27],"tags":[],"class_list":["post-8661","post","type-post","status-publish","format-standard","has-post-thumbnail","hentry","category-elas-e-o-professor"],"_links":{"self":[{"href":"https:\/\/webvasco.com\/artigos\/wp-json\/wp\/v2\/posts\/8661","targetHints":{"allow":["GET"]}}],"collection":[{"href":"https:\/\/webvasco.com\/artigos\/wp-json\/wp\/v2\/posts"}],"about":[{"href":"https:\/\/webvasco.com\/artigos\/wp-json\/wp\/v2\/types\/post"}],"author":[{"embeddable":true,"href":"https:\/\/webvasco.com\/artigos\/wp-json\/wp\/v2\/users\/7"}],"replies":[{"embeddable":true,"href":"https:\/\/webvasco.com\/artigos\/wp-json\/wp\/v2\/comments?post=8661"}],"version-history":[{"count":1,"href":"https:\/\/webvasco.com\/artigos\/wp-json\/wp\/v2\/posts\/8661\/revisions"}],"predecessor-version":[{"id":8667,"href":"https:\/\/webvasco.com\/artigos\/wp-json\/wp\/v2\/posts\/8661\/revisions\/8667"}],"wp:featuredmedia":[{"embeddable":true,"href":"https:\/\/webvasco.com\/artigos\/wp-json\/wp\/v2\/media\/8664"}],"wp:attachment":[{"href":"https:\/\/webvasco.com\/artigos\/wp-json\/wp\/v2\/media?parent=8661"}],"wp:term":[{"taxonomy":"category","embeddable":true,"href":"https:\/\/webvasco.com\/artigos\/wp-json\/wp\/v2\/categories?post=8661"},{"taxonomy":"post_tag","embeddable":true,"href":"https:\/\/webvasco.com\/artigos\/wp-json\/wp\/v2\/tags?post=8661"}],"curies":[{"name":"wp","href":"https:\/\/api.w.org\/{rel}","templated":true}]}}