{"id":8668,"date":"2019-03-28T00:18:48","date_gmt":"2019-03-28T03:18:48","guid":{"rendered":"http:\/\/webvasco.com\/artigos\/?p=8668"},"modified":"2019-03-28T05:42:50","modified_gmt":"2019-03-28T08:42:50","slug":"elas-o-professor-tereza-borba","status":"publish","type":"post","link":"https:\/\/webvasco.com\/artigos\/temas\/elas-e-o-professor\/elas-o-professor-tereza-borba\/","title":{"rendered":"ELAS &amp; O PROFESSOR &#8211; TEREZA BORBA"},"content":{"rendered":"<p><strong>ELAS &amp; O PROFESSOR<\/strong><\/p>\n<p><strong>POR LUIZ CARLOS ROCHA<\/strong><\/p>\n<p>A entrevista de mar\u00e7o de 2019, com Tereza Borba \u00e9 dedicada \u00e0 princesinha \u00darsulla Rocha.<\/p>\n<p><strong>TEREZA BORBA<\/strong>, 54 anos, cuidadora, casada com o vasca\u00edno Jos\u00e9 Mauro, com quem teve um casal de filhos. Do signo de g\u00eameos, embora moradora de Praia Grande (Litoral de S\u00e3o Paulo) \u00e9 mangueirense e vascain\u00edssima. Sua cor preferida \u00e9 o azul, mas ela afirma que o preto e o branco n\u00e3o podem ficar de fora. A filha de cora\u00e7\u00e3o do eterno arqueiro Moacir Barbosa Nascimento nas horas vagas gosta de viajar e beber uma cervejinha com os amigos.<\/p>\n<p><strong> Quem foi o maior goleiro do Vasco da Gama de todos os tempos? <\/strong><\/p>\n<p>O maior goleiro do clube foi nosso magistral Barbosa.<\/p>\n<p><strong>Moacir Barbosa se encaixaria bem no atual time Cruzmaltino?<\/strong><\/p>\n<p>Sim. O meu pai se encaixaria em qualquer time do Vasco e do Brasil.<\/p>\n<p><strong> O Gigante da Colina sentir\u00e1 a morte de Eurico Miranda?<\/strong><\/p>\n<p>Claro. Afinal, ele era uma lenda viva do Gigante da Colina. Amado por muitos, mas odiado por outros. Eu tenho muita gratid\u00e3o por ele, porque foi o \u00fanico que ajudou o Barbosa .<\/p>\n<p><strong> O Vasco perdeu a invencibilidade para a Cabofriense, no qual justamente Valdir Bigode, ex-atleta e ex-funcion\u00e1rio do clube \u00e9 o treinador da equipe da Regi\u00e3o dos Lagos. Por ser um \u00eddolo vasca\u00edno esta partida teve um gosto ainda mais amargo?<\/strong><\/p>\n<p>N\u00e3o. O Valdir foi um grande \u00eddolo, e est\u00e1 se revelando um \u00f3timo treinador.<\/p>\n<p><strong> Procede a fama do clube revelar grandes goleiros?<\/strong><\/p>\n<p>O Vasco da Gama sempre foi celeiro de grandes goleiros.<\/p>\n<p><strong> Voc\u00ea tem alguma camisa do time de S\u00e3o Janu\u00e1rio com o nome Barbosa nas costas<\/strong><\/p>\n<p>Que ele tenha jogado n\u00e3o. Tenho uma r\u00e9plica da primeira camisa que ele usou no Gigante da Colina.<\/p>\n<p><strong>Qual o legado que Eurico Miranda deixou?<\/strong><\/p>\n<p>O legado deixado pelo Eurico foram v\u00e1rios t\u00edtulos. Sendo destaque para os Brasileiros de 1989,1997 e 2000, da Libertadores de 1998, e principalmente o da Mercosul de 2000.<\/p>\n<p><strong>Barbosa \u00e9 muito al\u00e9m de 1950, foi o goleiro presente em tantos t\u00edtulos importantes, dentre os quais o Sul Americano invicto de 1948?<\/strong><\/p>\n<p>Sim, ele foi campe\u00e3o Carioca em 1945,1947,1949,1952 e 1958. Campe\u00e3o Sul Americano em 1948. Ainda conquistou os Torneios: Quadrangular de 1953, Santiago do mesmo ano e Rio-S\u00e3o Paulo de 1958. Pela Sele\u00e7\u00e3o Brasileira conquistou a Copa Roca em 1945, Copa Am\u00e9rica de 1949, e duas vezes a Copa Rio Branco em 1947 e 1950.<\/p>\n<p><strong>Defina seu sentimento pelo Bacalhau em uma s\u00f3 palavra.<\/strong><\/p>\n<p>Amor.<\/p>\n<p><strong>Alexandre Campello \u00e9 um disc\u00edpulo de Eurico Miranda?<\/strong><\/p>\n<p>Acho que o Campello pode engrandecer ainda mais o Vasco, por\u00e9m como o Eurico nunca mais vai existir. Foi \u00fanico.<\/p>\n<p><strong> Voc\u00ea viu o Moacir Barbosa atuar como arqueiro do Vasc\u00e3o?<\/strong><\/p>\n<p>N\u00e3o tive esse privil\u00e9gio. Gostaria de ter nascido antes.<\/p>\n<p><strong> O atual plantel vasca\u00edno viver\u00e1 uma temporada tranquila? <\/strong><\/p>\n<p>Estamos no caminho certo, contudo, com refor\u00e7os poder\u00e1 ser mais f\u00e1cil comemorar t\u00edtulos. Espero ter a alegria de come\u00e7ar pelo carioca.<\/p>\n<p><strong>FOTOGRAFIAS FORNECIDAS PELA ENTREVISTADA.<\/strong><\/p>\n<div id='gallery-1' class='gallery galleryid-8668 gallery-columns-3 gallery-size-thumbnail'><figure class='gallery-item'>\n\t\t\t<div class='gallery-icon landscape'>\n\t\t\t\t<a href='https:\/\/webvasco.com\/artigos\/temas\/elas-e-o-professor\/elas-o-professor-tereza-borba\/attachment\/t1\/'><img loading=\"lazy\" decoding=\"async\" width=\"150\" height=\"84\" src=\"https:\/\/webvasco.com\/artigos\/wp-content\/uploads\/2019\/03\/t1-150x84.jpg\" class=\"attachment-thumbnail size-thumbnail\" alt=\"\" srcset=\"https:\/\/webvasco.com\/artigos\/wp-content\/uploads\/2019\/03\/t1-150x84.jpg 150w, https:\/\/webvasco.com\/artigos\/wp-content\/uploads\/2019\/03\/t1-300x169.jpg 300w, https:\/\/webvasco.com\/artigos\/wp-content\/uploads\/2019\/03\/t1-768x432.jpg 768w, https:\/\/webvasco.com\/artigos\/wp-content\/uploads\/2019\/03\/t1-1024x576.jpg 1024w, https:\/\/webvasco.com\/artigos\/wp-content\/uploads\/2019\/03\/t1-777x437.jpg 777w, https:\/\/webvasco.com\/artigos\/wp-content\/uploads\/2019\/03\/t1-260x146.jpg 260w, https:\/\/webvasco.com\/artigos\/wp-content\/uploads\/2019\/03\/t1-120x67.jpg 120w, https:\/\/webvasco.com\/artigos\/wp-content\/uploads\/2019\/03\/t1.jpg 2048w\" sizes=\"auto, (max-width: 150px) 100vw, 150px\" \/><\/a>\n\t\t\t<\/div><\/figure><figure class='gallery-item'>\n\t\t\t<div class='gallery-icon portrait'>\n\t\t\t\t<a href='https:\/\/webvasco.com\/artigos\/temas\/elas-e-o-professor\/elas-o-professor-tereza-borba\/attachment\/t2\/'><img loading=\"lazy\" decoding=\"async\" width=\"84\" height=\"150\" src=\"https:\/\/webvasco.com\/artigos\/wp-content\/uploads\/2019\/03\/t2-84x150.jpg\" class=\"attachment-thumbnail size-thumbnail\" alt=\"\" srcset=\"https:\/\/webvasco.com\/artigos\/wp-content\/uploads\/2019\/03\/t2-84x150.jpg 84w, https:\/\/webvasco.com\/artigos\/wp-content\/uploads\/2019\/03\/t2-169x300.jpg 169w, https:\/\/webvasco.com\/artigos\/wp-content\/uploads\/2019\/03\/t2-768x1365.jpg 768w, https:\/\/webvasco.com\/artigos\/wp-content\/uploads\/2019\/03\/t2-576x1024.jpg 576w, https:\/\/webvasco.com\/artigos\/wp-content\/uploads\/2019\/03\/t2.jpg 1152w\" sizes=\"auto, (max-width: 84px) 100vw, 84px\" \/><\/a>\n\t\t\t<\/div><\/figure><figure class='gallery-item'>\n\t\t\t<div class='gallery-icon portrait'>\n\t\t\t\t<a href='https:\/\/webvasco.com\/artigos\/temas\/elas-e-o-professor\/elas-o-professor-tereza-borba\/attachment\/t3\/'><img loading=\"lazy\" decoding=\"async\" width=\"84\" height=\"150\" src=\"https:\/\/webvasco.com\/artigos\/wp-content\/uploads\/2019\/03\/t3-84x150.jpg\" class=\"attachment-thumbnail size-thumbnail\" alt=\"\" srcset=\"https:\/\/webvasco.com\/artigos\/wp-content\/uploads\/2019\/03\/t3-84x150.jpg 84w, https:\/\/webvasco.com\/artigos\/wp-content\/uploads\/2019\/03\/t3-169x300.jpg 169w, https:\/\/webvasco.com\/artigos\/wp-content\/uploads\/2019\/03\/t3-768x1365.jpg 768w, https:\/\/webvasco.com\/artigos\/wp-content\/uploads\/2019\/03\/t3-576x1024.jpg 576w, https:\/\/webvasco.com\/artigos\/wp-content\/uploads\/2019\/03\/t3.jpg 1152w\" sizes=\"auto, (max-width: 84px) 100vw, 84px\" \/><\/a>\n\t\t\t<\/div><\/figure><figure class='gallery-item'>\n\t\t\t<div class='gallery-icon portrait'>\n\t\t\t\t<a href='https:\/\/webvasco.com\/artigos\/temas\/elas-e-o-professor\/elas-o-professor-tereza-borba\/attachment\/t4\/'><img loading=\"lazy\" decoding=\"async\" width=\"84\" height=\"150\" src=\"https:\/\/webvasco.com\/artigos\/wp-content\/uploads\/2019\/03\/t4-84x150.jpg\" class=\"attachment-thumbnail size-thumbnail\" alt=\"\" srcset=\"https:\/\/webvasco.com\/artigos\/wp-content\/uploads\/2019\/03\/t4-84x150.jpg 84w, https:\/\/webvasco.com\/artigos\/wp-content\/uploads\/2019\/03\/t4-169x300.jpg 169w, https:\/\/webvasco.com\/artigos\/wp-content\/uploads\/2019\/03\/t4-768x1365.jpg 768w, https:\/\/webvasco.com\/artigos\/wp-content\/uploads\/2019\/03\/t4-576x1024.jpg 576w, https:\/\/webvasco.com\/artigos\/wp-content\/uploads\/2019\/03\/t4.jpg 1152w\" sizes=\"auto, (max-width: 84px) 100vw, 84px\" \/><\/a>\n\t\t\t<\/div><\/figure>\n\t\t<\/div>\n\n","protected":false},"excerpt":{"rendered":"<p>ELAS &amp; O PROFESSOR POR LUIZ CARLOS ROCHA A entrevista de mar\u00e7o de 2019, com&#8230;<\/p>\n","protected":false},"author":7,"featured_media":8672,"comment_status":"open","ping_status":"closed","sticky":false,"template":"","format":"standard","meta":{"footnotes":""},"categories":[27],"tags":[],"class_list":["post-8668","post","type-post","status-publish","format-standard","has-post-thumbnail","hentry","category-elas-e-o-professor"],"_links":{"self":[{"href":"https:\/\/webvasco.com\/artigos\/wp-json\/wp\/v2\/posts\/8668","targetHints":{"allow":["GET"]}}],"collection":[{"href":"https:\/\/webvasco.com\/artigos\/wp-json\/wp\/v2\/posts"}],"about":[{"href":"https:\/\/webvasco.com\/artigos\/wp-json\/wp\/v2\/types\/post"}],"author":[{"embeddable":true,"href":"https:\/\/webvasco.com\/artigos\/wp-json\/wp\/v2\/users\/7"}],"replies":[{"embeddable":true,"href":"https:\/\/webvasco.com\/artigos\/wp-json\/wp\/v2\/comments?post=8668"}],"version-history":[{"count":1,"href":"https:\/\/webvasco.com\/artigos\/wp-json\/wp\/v2\/posts\/8668\/revisions"}],"predecessor-version":[{"id":8673,"href":"https:\/\/webvasco.com\/artigos\/wp-json\/wp\/v2\/posts\/8668\/revisions\/8673"}],"wp:featuredmedia":[{"embeddable":true,"href":"https:\/\/webvasco.com\/artigos\/wp-json\/wp\/v2\/media\/8672"}],"wp:attachment":[{"href":"https:\/\/webvasco.com\/artigos\/wp-json\/wp\/v2\/media?parent=8668"}],"wp:term":[{"taxonomy":"category","embeddable":true,"href":"https:\/\/webvasco.com\/artigos\/wp-json\/wp\/v2\/categories?post=8668"},{"taxonomy":"post_tag","embeddable":true,"href":"https:\/\/webvasco.com\/artigos\/wp-json\/wp\/v2\/tags?post=8668"}],"curies":[{"name":"wp","href":"https:\/\/api.w.org\/{rel}","templated":true}]}}