{"id":8674,"date":"2019-04-25T12:31:31","date_gmt":"2019-04-25T15:31:31","guid":{"rendered":"http:\/\/webvasco.com\/artigos\/?p=8674"},"modified":"2019-04-25T12:32:07","modified_gmt":"2019-04-25T15:32:07","slug":"elas-o-professor-ana-caroline","status":"publish","type":"post","link":"https:\/\/webvasco.com\/artigos\/temas\/elas-e-o-professor\/elas-o-professor-ana-caroline\/","title":{"rendered":"ELAS &#038; O PROFESSOR \u2013 ANA CAROLINE"},"content":{"rendered":"<p class=\"ydp6caf72f8MsoNormal\">A entrevista de abril de 2019, com Ana Caroline Pereira da Silva \u00e9 dedicada \u00e0 \u00darsulla Rocha, a maior vasca\u00edna que j\u00e1 conheci.<\/p>\n<p>&nbsp;<\/p>\n<p class=\"ydp6caf72f8MsoNormal\"><b>ANA CAROLINE<\/b>, 23 anos, goleira do Robson Vianna Futebol Clube, solteira, do signo de touro, moradora do bairro do Ing\u00e1, situado na cidade de Vila Real da Praia Grande (Niter\u00f3i\/RJ) \u00e9 torcedora da Escola de Samba local, a Viradouro. Suas cores do cora\u00e7\u00e3o s\u00e3o o azul e o preto. Nas horas vagas gosta de assistir futebol na TV. Sua precis\u00e3o como arqueira \u00e9 t\u00e3o forte que as amigas do futebol feminino chamam Carol de Van Der Sar, em alus\u00e3o ao ex-atleta, que hoje \u00e9 diretor executivo do Ajax.<\/p>\n<p class=\"ydp6caf72f8MsoNormal\">\n<p class=\"ydp6caf72f8MsoNormal\"><b>Demorou para Alberto Valentim ser demitido? \u00a0<\/b><\/p>\n<p class=\"ydp6caf72f8MsoNormal\">Pra caraca.<\/p>\n<p class=\"ydp6caf72f8MsoNormal\">\n<p class=\"ydp6caf72f8MsoNormal\"><b>Ele (AV) estava mais preocupado em ser modelo do que treinador de futebol?<\/b><\/p>\n<p class=\"ydp6caf72f8MsoNormal\">N\u00e3o, ele queria ser treinador sim, por\u00e9m, n\u00e3o leva jeito.<\/p>\n<p class=\"ydp6caf72f8MsoNormal\">\n<p class=\"ydp6caf72f8MsoNormal\"><b>Foi vice para o Botafogo em 2018, segundo colocado, em 2019 para o Flamengo. Se em 2020 acontecer isso contra o Fluminense, o Vasco poder\u00e1 fechar as portas e decretar o fim?<\/b><\/p>\n<p class=\"ydp6caf72f8MsoNormal\">Dependendo do time, pode sim.<\/p>\n<p class=\"ydp6caf72f8MsoNormal\">\n<p class=\"ydp6caf72f8MsoNormal\"><b>Qual o nome ideal para comandar o Vasco da Gama nesta temporada?<\/b><\/p>\n<p class=\"ydp6caf72f8MsoNormal\">Felip\u00e3o.<\/p>\n<p class=\"ydp6caf72f8MsoNormal\">\n<p class=\"ydp6caf72f8MsoNormal\"><b>O Gigante da Colina conseguir\u00e1 avan\u00e7ar na Copa do Brasil?<\/b><\/p>\n<p class=\"ydp6caf72f8MsoNormal\">N\u00e3o creio com esse auxiliar. Se fosse com o Valdir Bigode sim. Mas de qualquer forma o futebol \u00e9 uma caixinha de surpresas.<\/p>\n<p class=\"ydp6caf72f8MsoNormal\">\n<p class=\"ydp6caf72f8MsoNormal\"><b>Qual ser\u00e1 o desempenho do atual plantel no Campeonato Brasileiro?<\/b><\/p>\n<p class=\"ydp6caf72f8MsoNormal\">Se conquistar 46 pontos j\u00e1 \u00e9 suficiente.<\/p>\n<p class=\"ydp6caf72f8MsoNormal\">\n<p class=\"ydp6caf72f8MsoNormal\"><b>Alexandre Campello est\u00e1 fazendo uma gest\u00e3o satisfat\u00f3ria?<\/b><\/p>\n<p class=\"ydp6caf72f8MsoNormal\">(risos). N\u00e3o, vide os resultados.<\/p>\n<p class=\"ydp6caf72f8MsoNormal\">\n<p class=\"ydp6caf72f8MsoNormal\"><b>Maxi Lopes deve ir embora?<\/b><\/p>\n<p class=\"ydp6caf72f8MsoNormal\">N\u00e3o, porque ele \u00e9 um l\u00edder dentro de campo.<\/p>\n<p class=\"ydp6caf72f8MsoNormal\">\n<p class=\"ydp6caf72f8MsoNormal\"><b>O meia Vald\u00edvia foi uma boa contrata\u00e7\u00e3o?<\/b><\/p>\n<p class=\"ydp6caf72f8MsoNormal\">Sim, pois n\u00e3o h\u00e1 ningu\u00e9m melhor dispon\u00edvel para aquela posi\u00e7\u00e3o pelo que o Vasco pode pagar.<\/p>\n<p class=\"ydp6caf72f8MsoNormal\">\n<p class=\"ydp6caf72f8MsoNormal\"><b>O Mach\u00e3o da Gama precisa virar um clube empresa?<\/b><\/p>\n<p class=\"ydp6caf72f8MsoNormal\">N\u00e3o mudaria em nada, na minha opini\u00e3o.<\/p>\n<p class=\"ydp6caf72f8MsoNormal\">\n<p class=\"ydp6caf72f8MsoNormal\"><b>Jair Ventura \u00e9 um bom nome para comandar a equipe?<\/b><\/p>\n<p class=\"ydp6caf72f8MsoNormal\">N\u00e3o, porque ainda carece de conhecimento futebol\u00edstico.<\/p>\n<p class=\"ydp6caf72f8MsoNormal\">\n<p class=\"ydp6caf72f8MsoNormal\"><b>Gabriel F\u00e9lix ou Jordi?<\/b><\/p>\n<p class=\"ydp6caf72f8MsoNormal\">Jordi, o menos pior.<\/p>\n<p class=\"ydp6caf72f8MsoNormal\"><b>\u00a0<\/b><\/p>\n<p class=\"ydp6caf72f8MsoNormal\"><b>\u00a0\u00a0\u00a0\u00a0\u00a0\u00a0\u00a0\u00a0 \u00a0<\/b><\/p>\n<p class=\"ydp6caf72f8MsoNormal\"><b><u>FOTOGRAFIAS BY LUIZ CARLOS ROCHA.<\/u><\/b><b><u><\/u><\/b><\/p>\n<p><a href=\"https:\/\/webvasco.com\/artigos\/wp-content\/uploads\/2019\/04\/WhatsApp-Image-2019-04-24-at-14.14.39.jpeg\"><img loading=\"lazy\" decoding=\"async\" class=\"alignright size-medium wp-image-8675\" src=\"https:\/\/webvasco.com\/artigos\/wp-content\/uploads\/2019\/04\/WhatsApp-Image-2019-04-24-at-14.14.39-276x300.jpeg\" alt=\"\" width=\"276\" height=\"300\" srcset=\"https:\/\/webvasco.com\/artigos\/wp-content\/uploads\/2019\/04\/WhatsApp-Image-2019-04-24-at-14.14.39-276x300.jpeg 276w, https:\/\/webvasco.com\/artigos\/wp-content\/uploads\/2019\/04\/WhatsApp-Image-2019-04-24-at-14.14.39-138x150.jpeg 138w, https:\/\/webvasco.com\/artigos\/wp-content\/uploads\/2019\/04\/WhatsApp-Image-2019-04-24-at-14.14.39-768x834.jpeg 768w, https:\/\/webvasco.com\/artigos\/wp-content\/uploads\/2019\/04\/WhatsApp-Image-2019-04-24-at-14.14.39-942x1024.jpeg 942w, https:\/\/webvasco.com\/artigos\/wp-content\/uploads\/2019\/04\/WhatsApp-Image-2019-04-24-at-14.14.39.jpeg 1178w\" sizes=\"auto, (max-width: 276px) 100vw, 276px\" \/><\/a> <a href=\"https:\/\/webvasco.com\/artigos\/wp-content\/uploads\/2019\/04\/WhatsApp-Image-2019-04-24-at-14.14.40-1.jpeg\"><img loading=\"lazy\" decoding=\"async\" class=\"alignright size-medium wp-image-8676\" src=\"https:\/\/webvasco.com\/artigos\/wp-content\/uploads\/2019\/04\/WhatsApp-Image-2019-04-24-at-14.14.40-1-253x300.jpeg\" alt=\"\" width=\"253\" height=\"300\" srcset=\"https:\/\/webvasco.com\/artigos\/wp-content\/uploads\/2019\/04\/WhatsApp-Image-2019-04-24-at-14.14.40-1-253x300.jpeg 253w, https:\/\/webvasco.com\/artigos\/wp-content\/uploads\/2019\/04\/WhatsApp-Image-2019-04-24-at-14.14.40-1-127x150.jpeg 127w, https:\/\/webvasco.com\/artigos\/wp-content\/uploads\/2019\/04\/WhatsApp-Image-2019-04-24-at-14.14.40-1-768x909.jpeg 768w, https:\/\/webvasco.com\/artigos\/wp-content\/uploads\/2019\/04\/WhatsApp-Image-2019-04-24-at-14.14.40-1-865x1024.jpeg 865w, https:\/\/webvasco.com\/artigos\/wp-content\/uploads\/2019\/04\/WhatsApp-Image-2019-04-24-at-14.14.40-1.jpeg 1081w\" sizes=\"auto, (max-width: 253px) 100vw, 253px\" \/><\/a> <a href=\"https:\/\/webvasco.com\/artigos\/wp-content\/uploads\/2019\/04\/WhatsApp-Image-2019-04-24-at-14.14.40.jpeg\"><img loading=\"lazy\" decoding=\"async\" class=\"alignright size-medium wp-image-8677\" src=\"https:\/\/webvasco.com\/artigos\/wp-content\/uploads\/2019\/04\/WhatsApp-Image-2019-04-24-at-14.14.40-270x300.jpeg\" alt=\"\" width=\"270\" height=\"300\" srcset=\"https:\/\/webvasco.com\/artigos\/wp-content\/uploads\/2019\/04\/WhatsApp-Image-2019-04-24-at-14.14.40-270x300.jpeg 270w, https:\/\/webvasco.com\/artigos\/wp-content\/uploads\/2019\/04\/WhatsApp-Image-2019-04-24-at-14.14.40-135x150.jpeg 135w, https:\/\/webvasco.com\/artigos\/wp-content\/uploads\/2019\/04\/WhatsApp-Image-2019-04-24-at-14.14.40-768x852.jpeg 768w, https:\/\/webvasco.com\/artigos\/wp-content\/uploads\/2019\/04\/WhatsApp-Image-2019-04-24-at-14.14.40-923x1024.jpeg 923w, https:\/\/webvasco.com\/artigos\/wp-content\/uploads\/2019\/04\/WhatsApp-Image-2019-04-24-at-14.14.40.jpeg 1154w\" sizes=\"auto, (max-width: 270px) 100vw, 270px\" \/><\/a><\/p>\n","protected":false},"excerpt":{"rendered":"<p>A entrevista de abril de 2019, com Ana Caroline Pereira da Silva \u00e9 dedicada \u00e0&#8230;<\/p>\n","protected":false},"author":7,"featured_media":8678,"comment_status":"open","ping_status":"closed","sticky":false,"template":"","format":"standard","meta":{"footnotes":""},"categories":[27],"tags":[],"class_list":["post-8674","post","type-post","status-publish","format-standard","has-post-thumbnail","hentry","category-elas-e-o-professor"],"_links":{"self":[{"href":"https:\/\/webvasco.com\/artigos\/wp-json\/wp\/v2\/posts\/8674","targetHints":{"allow":["GET"]}}],"collection":[{"href":"https:\/\/webvasco.com\/artigos\/wp-json\/wp\/v2\/posts"}],"about":[{"href":"https:\/\/webvasco.com\/artigos\/wp-json\/wp\/v2\/types\/post"}],"author":[{"embeddable":true,"href":"https:\/\/webvasco.com\/artigos\/wp-json\/wp\/v2\/users\/7"}],"replies":[{"embeddable":true,"href":"https:\/\/webvasco.com\/artigos\/wp-json\/wp\/v2\/comments?post=8674"}],"version-history":[{"count":1,"href":"https:\/\/webvasco.com\/artigos\/wp-json\/wp\/v2\/posts\/8674\/revisions"}],"predecessor-version":[{"id":8679,"href":"https:\/\/webvasco.com\/artigos\/wp-json\/wp\/v2\/posts\/8674\/revisions\/8679"}],"wp:featuredmedia":[{"embeddable":true,"href":"https:\/\/webvasco.com\/artigos\/wp-json\/wp\/v2\/media\/8678"}],"wp:attachment":[{"href":"https:\/\/webvasco.com\/artigos\/wp-json\/wp\/v2\/media?parent=8674"}],"wp:term":[{"taxonomy":"category","embeddable":true,"href":"https:\/\/webvasco.com\/artigos\/wp-json\/wp\/v2\/categories?post=8674"},{"taxonomy":"post_tag","embeddable":true,"href":"https:\/\/webvasco.com\/artigos\/wp-json\/wp\/v2\/tags?post=8674"}],"curies":[{"name":"wp","href":"https:\/\/api.w.org\/{rel}","templated":true}]}}