{"id":8680,"date":"2019-05-29T10:47:08","date_gmt":"2019-05-29T13:47:08","guid":{"rendered":"http:\/\/webvasco.com\/artigos\/?p=8680"},"modified":"2019-05-30T10:48:11","modified_gmt":"2019-05-30T13:48:11","slug":"elas-o-professor-anne","status":"publish","type":"post","link":"https:\/\/webvasco.com\/artigos\/temas\/elas-e-o-professor\/elas-o-professor-anne\/","title":{"rendered":"ELAS &amp; O PROFESSOR &#8211; ANNE"},"content":{"rendered":"<p><strong>ELAS &amp; O PROFESSOR<\/strong><\/p>\n<p><strong>POR LUIZ CARLOS ROCHA<\/strong><\/p>\n<p>A entrevista de maio de 2019, com Anne Carolina Faria de Lima \u00e9 dedicada \u00e0 \u00darsulla Rocha, minha linda vasca\u00edna, que \u00e9 o meu amor infinito.<\/p>\n<p><strong>Anne<\/strong>, 33 anos, professora de geografia, casada, do signo de \u00e1ries, moradora de Curitiba\/PR, tendo como cidade natal Niter\u00f3i\/RJ, \u00e9 torcedora da Escola de Samba Viradouro. Sua cor predileta \u00e9 o roxo. Nas horas de lazer curte ver filmes e s\u00e9ries na TV.<\/p>\n<p><strong> Voc\u00ea aprovou a contrata\u00e7\u00e3o do Wanderley Luxemburgo como treinador? <\/strong><\/p>\n<p>Vou aprovar a partir do momento que as coisas come\u00e7arem a dar certo.<\/p>\n<p><strong>O Luxa levar\u00e1 o Vasco da Gama a um lugar de destaque no Campeonato Brasileiro?<\/strong><\/p>\n<p>Creio que qualquer coisa al\u00e9m dos 46 pontos j\u00e1 \u00e9 um lucro.<\/p>\n<p><strong> Qual o n\u00famero ideal de atletas no plantel profissional de futebol do clube?<\/strong><\/p>\n<p>Pela alta competitividade do futebol hoje em dia, pautado em desempenho em alto n\u00edvel, o m\u00ednimo que se espera de uma equipe que almeje t\u00edtulos de express\u00e3o, \u00e9 um elenco reserva completo que se equipare ao titular. Al\u00e9m de contar com uma base forte que d\u00ea conta do recado quando necess\u00e1rio. Temos tradi\u00e7\u00e3o nisso.<\/p>\n<p><strong> De certo tempo para c\u00e1 voc\u00ea acha que o Cruzmaltino virou motivo de piadas?<\/strong><\/p>\n<p>De forma alguma, mas entendo a malandragem inerente ao futebol, e tamb\u00e9m o papel da m\u00eddia na constru\u00e7\u00e3o desse discurso.<\/p>\n<p><strong> Qual o setor dentro de campo merece uma repaginada imediata?<\/strong><\/p>\n<p>O setor ofensivo. Futebol \u00e9 bola na rede.<\/p>\n<p><strong> Sid\u00e3o \u00e9 goleiro para o Gigante da Colina?<\/strong><\/p>\n<p>N\u00e3o.<\/p>\n<p><strong>A pol\u00eamica que a o clube \u201cpaga\u201d para usar os uniformes da Diadora te deixou irritada, uma vez, que clube grande t\u00eam de ter prest\u00edgio com fornecedora de material esportivo?<\/strong><\/p>\n<p>\u00c9 mais um descontentamento com a gest\u00e3o do clube, por\u00e9m n\u00e3o fiquei surpresa.<\/p>\n<p><strong>Nos \u00faltimos anos 19 anos, o Vasco foi campe\u00e3o 3 vezes (2003, 2015 e 2016) e vice 6 vezes (2000, 2001,2004, 2014, 2018 e 2019) ficando de fora em todas as outras decis\u00f5es do Campeonato Carioca. O que est\u00e1 errado?<\/strong><\/p>\n<p>Futebol \u00e9 c\u00edclico, mas compreender a import\u00e2ncia dos campeonatos estaduais, e a relev\u00e2ncia que os mesmos t\u00eam na constru\u00e7\u00e3o de identidade com o clube e na rela\u00e7\u00e3o com os rivais \u00e9 fundamental. \u00c9 preciso ter vontade de vencer os rivais.<\/p>\n<p><strong>A frase do ex-presidente Cyro Aranha: \u201cEnquanto houver um cora\u00e7\u00e3o infantil, o Vasco ser\u00e1 imortal\u201d, ainda \u00e9 muito atual ou j\u00e1 n\u00e3o t\u00eam muito valor?<\/strong><\/p>\n<p>Sempre ser\u00e1 atual.<\/p>\n<p><strong> Quais os objetos do Vasco da Gama que voc\u00ea possui?<\/strong><\/p>\n<p>Nossa, s\u00e3o muitos. Tenho de tudo. Bolsa de praia, toalhas, copos e canecas, garrafinhas, mai\u00f4, chinelo, bon\u00e9, bandeira, faixas, material escolar&#8230; N\u00e3o fa\u00e7o ideia do n\u00famero de camisas que tenho.<\/p>\n<p><strong> As empresas est\u00e3o com medo de investir no clube?<\/strong><\/p>\n<p>Sim.<\/p>\n<p><strong> Eurico Miranda deixou disc\u00edpulos?<\/strong><\/p>\n<p>A julgar pela maneira como o atual presidente foi eleito ao cargo, bem como o modo como ainda se conduz o clube politicamente, seria ing\u00eanuo pensar que n\u00e3o.<\/p>\n<p><strong>FOTOGRAFIAS FORNECIDAS PELA ENTREVISTADA.<\/strong><\/p>\n<p><a href=\"https:\/\/webvasco.com\/artigos\/wp-content\/uploads\/2019\/05\/anne6.jpeg\"><img loading=\"lazy\" decoding=\"async\" class=\"alignright size-medium wp-image-8686\" src=\"https:\/\/webvasco.com\/artigos\/wp-content\/uploads\/2019\/05\/anne6-240x300.jpeg\" alt=\"\" width=\"240\" height=\"300\" srcset=\"https:\/\/webvasco.com\/artigos\/wp-content\/uploads\/2019\/05\/anne6-240x300.jpeg 240w, https:\/\/webvasco.com\/artigos\/wp-content\/uploads\/2019\/05\/anne6-120x150.jpeg 120w, https:\/\/webvasco.com\/artigos\/wp-content\/uploads\/2019\/05\/anne6-768x960.jpeg 768w, https:\/\/webvasco.com\/artigos\/wp-content\/uploads\/2019\/05\/anne6-819x1024.jpeg 819w, https:\/\/webvasco.com\/artigos\/wp-content\/uploads\/2019\/05\/anne6.jpeg 1024w\" sizes=\"auto, (max-width: 240px) 100vw, 240px\" \/><\/a> <a href=\"https:\/\/webvasco.com\/artigos\/wp-content\/uploads\/2019\/05\/anne5.jpeg\"><img loading=\"lazy\" decoding=\"async\" class=\"alignright size-medium wp-image-8685\" src=\"https:\/\/webvasco.com\/artigos\/wp-content\/uploads\/2019\/05\/anne5-240x300.jpeg\" alt=\"\" width=\"240\" height=\"300\" srcset=\"https:\/\/webvasco.com\/artigos\/wp-content\/uploads\/2019\/05\/anne5-240x300.jpeg 240w, https:\/\/webvasco.com\/artigos\/wp-content\/uploads\/2019\/05\/anne5-120x150.jpeg 120w, https:\/\/webvasco.com\/artigos\/wp-content\/uploads\/2019\/05\/anne5-768x960.jpeg 768w, https:\/\/webvasco.com\/artigos\/wp-content\/uploads\/2019\/05\/anne5-819x1024.jpeg 819w, https:\/\/webvasco.com\/artigos\/wp-content\/uploads\/2019\/05\/anne5.jpeg 1024w\" sizes=\"auto, (max-width: 240px) 100vw, 240px\" \/><\/a> <a href=\"https:\/\/webvasco.com\/artigos\/wp-content\/uploads\/2019\/05\/anne4.jpeg\"><img loading=\"lazy\" decoding=\"async\" class=\"alignright size-medium wp-image-8684\" src=\"https:\/\/webvasco.com\/artigos\/wp-content\/uploads\/2019\/05\/anne4-300x300.jpeg\" alt=\"\" width=\"300\" height=\"300\" srcset=\"https:\/\/webvasco.com\/artigos\/wp-content\/uploads\/2019\/05\/anne4-300x300.jpeg 300w, https:\/\/webvasco.com\/artigos\/wp-content\/uploads\/2019\/05\/anne4-150x150.jpeg 150w, https:\/\/webvasco.com\/artigos\/wp-content\/uploads\/2019\/05\/anne4-768x768.jpeg 768w, https:\/\/webvasco.com\/artigos\/wp-content\/uploads\/2019\/05\/anne4-1024x1024.jpeg 1024w, https:\/\/webvasco.com\/artigos\/wp-content\/uploads\/2019\/05\/anne4.jpeg 1080w\" sizes=\"auto, (max-width: 300px) 100vw, 300px\" \/><\/a> <a href=\"https:\/\/webvasco.com\/artigos\/wp-content\/uploads\/2019\/05\/anne3.jpeg\"><img loading=\"lazy\" decoding=\"async\" class=\"alignright size-medium wp-image-8683\" src=\"https:\/\/webvasco.com\/artigos\/wp-content\/uploads\/2019\/05\/anne3-300x300.jpeg\" alt=\"\" width=\"300\" height=\"300\" srcset=\"https:\/\/webvasco.com\/artigos\/wp-content\/uploads\/2019\/05\/anne3-300x300.jpeg 300w, https:\/\/webvasco.com\/artigos\/wp-content\/uploads\/2019\/05\/anne3-150x150.jpeg 150w, https:\/\/webvasco.com\/artigos\/wp-content\/uploads\/2019\/05\/anne3-768x768.jpeg 768w, https:\/\/webvasco.com\/artigos\/wp-content\/uploads\/2019\/05\/anne3-1024x1024.jpeg 1024w, https:\/\/webvasco.com\/artigos\/wp-content\/uploads\/2019\/05\/anne3.jpeg 1080w\" sizes=\"auto, (max-width: 300px) 100vw, 300px\" \/><\/a> <a href=\"https:\/\/webvasco.com\/artigos\/wp-content\/uploads\/2019\/05\/anne-1.jpeg\"><img loading=\"lazy\" decoding=\"async\" class=\"alignright size-medium wp-image-8682\" src=\"https:\/\/webvasco.com\/artigos\/wp-content\/uploads\/2019\/05\/anne-1-300x300.jpeg\" alt=\"\" width=\"300\" height=\"300\" srcset=\"https:\/\/webvasco.com\/artigos\/wp-content\/uploads\/2019\/05\/anne-1-300x300.jpeg 300w, https:\/\/webvasco.com\/artigos\/wp-content\/uploads\/2019\/05\/anne-1-150x150.jpeg 150w, https:\/\/webvasco.com\/artigos\/wp-content\/uploads\/2019\/05\/anne-1-768x768.jpeg 768w, https:\/\/webvasco.com\/artigos\/wp-content\/uploads\/2019\/05\/anne-1-1024x1024.jpeg 1024w, https:\/\/webvasco.com\/artigos\/wp-content\/uploads\/2019\/05\/anne-1.jpeg 1080w\" sizes=\"auto, (max-width: 300px) 100vw, 300px\" \/><\/a> <a href=\"https:\/\/webvasco.com\/artigos\/wp-content\/uploads\/2019\/05\/anne2.jpeg\"><img loading=\"lazy\" decoding=\"async\" class=\"alignright size-medium wp-image-8681\" src=\"https:\/\/webvasco.com\/artigos\/wp-content\/uploads\/2019\/05\/anne2-300x300.jpeg\" alt=\"\" width=\"300\" height=\"300\" srcset=\"https:\/\/webvasco.com\/artigos\/wp-content\/uploads\/2019\/05\/anne2-300x300.jpeg 300w, https:\/\/webvasco.com\/artigos\/wp-content\/uploads\/2019\/05\/anne2-150x150.jpeg 150w, https:\/\/webvasco.com\/artigos\/wp-content\/uploads\/2019\/05\/anne2-768x768.jpeg 768w, https:\/\/webvasco.com\/artigos\/wp-content\/uploads\/2019\/05\/anne2-1024x1024.jpeg 1024w, https:\/\/webvasco.com\/artigos\/wp-content\/uploads\/2019\/05\/anne2.jpeg 1080w\" sizes=\"auto, (max-width: 300px) 100vw, 300px\" \/><\/a><\/p>\n","protected":false},"excerpt":{"rendered":"<p>ELAS &amp; O PROFESSOR POR LUIZ CARLOS ROCHA A entrevista de maio de 2019, com&#8230;<\/p>\n","protected":false},"author":7,"featured_media":8684,"comment_status":"open","ping_status":"closed","sticky":false,"template":"","format":"standard","meta":{"footnotes":""},"categories":[27],"tags":[],"class_list":["post-8680","post","type-post","status-publish","format-standard","has-post-thumbnail","hentry","category-elas-e-o-professor"],"_links":{"self":[{"href":"https:\/\/webvasco.com\/artigos\/wp-json\/wp\/v2\/posts\/8680","targetHints":{"allow":["GET"]}}],"collection":[{"href":"https:\/\/webvasco.com\/artigos\/wp-json\/wp\/v2\/posts"}],"about":[{"href":"https:\/\/webvasco.com\/artigos\/wp-json\/wp\/v2\/types\/post"}],"author":[{"embeddable":true,"href":"https:\/\/webvasco.com\/artigos\/wp-json\/wp\/v2\/users\/7"}],"replies":[{"embeddable":true,"href":"https:\/\/webvasco.com\/artigos\/wp-json\/wp\/v2\/comments?post=8680"}],"version-history":[{"count":2,"href":"https:\/\/webvasco.com\/artigos\/wp-json\/wp\/v2\/posts\/8680\/revisions"}],"predecessor-version":[{"id":8690,"href":"https:\/\/webvasco.com\/artigos\/wp-json\/wp\/v2\/posts\/8680\/revisions\/8690"}],"wp:featuredmedia":[{"embeddable":true,"href":"https:\/\/webvasco.com\/artigos\/wp-json\/wp\/v2\/media\/8684"}],"wp:attachment":[{"href":"https:\/\/webvasco.com\/artigos\/wp-json\/wp\/v2\/media?parent=8680"}],"wp:term":[{"taxonomy":"category","embeddable":true,"href":"https:\/\/webvasco.com\/artigos\/wp-json\/wp\/v2\/categories?post=8680"},{"taxonomy":"post_tag","embeddable":true,"href":"https:\/\/webvasco.com\/artigos\/wp-json\/wp\/v2\/tags?post=8680"}],"curies":[{"name":"wp","href":"https:\/\/api.w.org\/{rel}","templated":true}]}}