{"id":8691,"date":"2019-06-01T15:33:41","date_gmt":"2019-06-01T18:33:41","guid":{"rendered":"http:\/\/webvasco.com\/artigos\/?p=8691"},"modified":"2019-06-03T08:52:49","modified_gmt":"2019-06-03T11:52:49","slug":"o-sonho-do-ct-do-crvg-comeca-a-virar-realidade","status":"publish","type":"post","link":"https:\/\/webvasco.com\/artigos\/colunistas\/marcelopaiva\/o-sonho-do-ct-do-crvg-comeca-a-virar-realidade\/","title":{"rendered":"O SONHO DO CT DO CRVG COME\u00c7A A VIRAR REALIDADE"},"content":{"rendered":"<p>Caros Amigos, Vasca\u00ednos:<\/p>\n<p>&nbsp;<\/p>\n<p>Depois de uma longa temporada sem escrever, nesta conceituada Rede Social, venho at\u00e9 voc\u00eas, como Profissional do ramo de Engenharia e Membro Fundador do Movimento Volunt\u00e1rio pela Revitaliza\u00e7\u00e3o do Entorno de SJ, escrever as minhas Impress\u00f5es sobre a cess\u00e3o, cuja a mesma foi assinada na \u00faltima Quinta feira (30\/05\/19), de um terreno da Prefeitura do Rio de Janeiro ao Clube de Regatas Vasco da Gama (CRVG), para a constru\u00e7\u00e3o do nosso t\u00e3o sonhado Centro de Treinamento (CT).<\/p>\n<p>&nbsp;<\/p>\n<figure id=\"attachment_8692\" aria-describedby=\"caption-attachment-8692\" style=\"width: 300px\" class=\"wp-caption alignright\"><a href=\"https:\/\/webvasco.com\/artigos\/wp-content\/uploads\/2019\/06\/1.jpg\"><img loading=\"lazy\" decoding=\"async\" class=\"wp-image-8692 size-medium\" src=\"https:\/\/webvasco.com\/artigos\/wp-content\/uploads\/2019\/06\/1-300x196.jpg\" alt=\"\" width=\"300\" height=\"196\" srcset=\"https:\/\/webvasco.com\/artigos\/wp-content\/uploads\/2019\/06\/1-300x196.jpg 300w, https:\/\/webvasco.com\/artigos\/wp-content\/uploads\/2019\/06\/1-150x98.jpg 150w, https:\/\/webvasco.com\/artigos\/wp-content\/uploads\/2019\/06\/1-768x503.jpg 768w, https:\/\/webvasco.com\/artigos\/wp-content\/uploads\/2019\/06\/1.jpg 984w\" sizes=\"auto, (max-width: 300px) 100vw, 300px\" \/><\/a><figcaption id=\"caption-attachment-8692\" class=\"wp-caption-text\">Fonte da Imagem: Alexandre Isquierdo, Marcelo Crivella e Alexandre Campello assinam cess\u00e3o de terreno para o Vasco \u2013 Foto: Rafael Ribeiro\/Vasco \u2013 globoesporte.com<\/figcaption><\/figure>\n<p>Este terreno fica nos Limites dos Bairros de Jacarepagu\u00e1 e da Barra da Tijuca, na Cidade do Rio de Janeiro.<\/p>\n<p>&nbsp;<\/p>\n<p>Em primeiro lugar, deveremos parabenizar os seguintes nomes, que lutaram por isso: VP de Obras e Engenharia do CRVG, Colega Engenheiro Civil Pedro Seixas, juntamente com o VP de Patrim\u00f4nio, Colega Engenheiro Civil Rodrigo Saavedra e o Presidente do Clube, Dr Alexandre Campello (apesar de muitos Vasca\u00ednos \u201ccondenarem\u201d a maneira como ele foi eleito, MAS NESSAS HORAS, certos ou errados, TEMOS QUE SABER SEPARAR POL\u00cdTICA daquilo que \u00c9 EFETIVO E VITAL AO CRVG, cuja Pol\u00edtica de Grupos, impregnada no clube h\u00e1 19 anos, vem causando s\u00e9rios problemas ao Vasco da Gama, os quais n\u00e3o vem ao caso agora comentarmos aqui).<\/p>\n<p>&nbsp;<\/p>\n<p>Os mesmos, em uma Articula\u00e7\u00e3o juntamente com o Vereador Alexandre Isquierdo e o Prefeito do Rio de Janeiro, Marcelo Crivella, conquistaram essa importante Benfeitoria, n\u00e3o somente ao CRVG, mas sim, a uma regi\u00e3o habitacional\/comercial em forma\u00e7\u00e3o na Cidade, a qual ir\u00e1 se valorizar muito com essa importante Obra do CT, a ser viabilizada com a cess\u00e3o desse terreno.<\/p>\n<p>&nbsp;<\/p>\n<p>Esta Linha de A\u00e7\u00e3o, vir\u00e1 a proporcionar Investimentos P\u00fablicos\/Privados, com a constru\u00e7\u00e3o de novos Empreendimentos Imobili\u00e1rios, Comerciais e Industriais, em seu Entorno, uma vez que agora com o CT do CRVG, a ser constru\u00eddo, em conjunto com o CT existente do FFC, ir\u00e1 desencadear Benfeitorias P\u00fablicas na regi\u00e3o, tais como: Melhoria do Acesso Rodovi\u00e1rio existente, Ilumina\u00e7\u00e3o P\u00fablica, Redes de Drenagem de \u00c1guas Pluviais, Aumento da Rede de Alimenta\u00e7\u00e3o de \u00c1gua e Esgoto, Transporte, Novos Postos de Sa\u00fade, Novas Escolas, entre outras &#8230;. .<\/p>\n<p>&nbsp;<\/p>\n<p>Vamos a alguns t\u00f3picos, sobre este terreno, com os devidos coment\u00e1rios:<\/p>\n<p>&nbsp;<\/p>\n<p><strong>A) Localiza\u00e7\u00e3o:<\/strong><\/p>\n<p>&nbsp;<\/p>\n<figure id=\"attachment_8694\" aria-describedby=\"caption-attachment-8694\" style=\"width: 300px\" class=\"wp-caption alignnone\"><a href=\"https:\/\/webvasco.com\/artigos\/wp-content\/uploads\/2019\/06\/3.jpg\"><img loading=\"lazy\" decoding=\"async\" class=\"wp-image-8694 size-medium\" src=\"https:\/\/webvasco.com\/artigos\/wp-content\/uploads\/2019\/06\/3-300x194.jpg\" alt=\"\" width=\"300\" height=\"194\" srcset=\"https:\/\/webvasco.com\/artigos\/wp-content\/uploads\/2019\/06\/3-300x194.jpg 300w, https:\/\/webvasco.com\/artigos\/wp-content\/uploads\/2019\/06\/3-150x97.jpg 150w, https:\/\/webvasco.com\/artigos\/wp-content\/uploads\/2019\/06\/3-768x497.jpg 768w, https:\/\/webvasco.com\/artigos\/wp-content\/uploads\/2019\/06\/3.jpg 978w\" sizes=\"auto, (max-width: 300px) 100vw, 300px\" \/><\/a><figcaption id=\"caption-attachment-8694\" class=\"wp-caption-text\">Fonte da Imagem: Arquivo CRVG e GloboEsporte.com \u2013 Loteamento que ir\u00e3o compor o terreno o qual ser\u00e1 constru\u00eddo o CT do CRVG;<\/figcaption><\/figure>\n<p>Tal terreno, com uma \u00e1rea aproximadamente de 75.000 m\u00b2, que corresponde a dizer, numa taxa de 50 % de aproveitamento da mesma, poder\u00e3o ser constru\u00eddos 4 campos de futebol, com tamanho oficial, e com os restantes 50 % de \u00e1rea, poder\u00e3o ser constru\u00eddos espa\u00e7os destinados a: Pr\u00e9dios com Alojamento de Atletas, Sala de Imprensa, Refeit\u00f3rios, Depto M\u00e9dico, Academias, Estacionamentos, Extens\u00e3o do Col\u00e9gio Vasco da Gama, mais Campos de Futebol, entre outras possibilidades, proporcionando a Integra\u00e7\u00e3o do Futebol Profissional com a Base.<\/p>\n<p>&nbsp;<\/p>\n<figure id=\"attachment_8693\" aria-describedby=\"caption-attachment-8693\" style=\"width: 271px\" class=\"wp-caption alignnone\"><a href=\"https:\/\/webvasco.com\/artigos\/wp-content\/uploads\/2019\/06\/2.jpg\"><img loading=\"lazy\" decoding=\"async\" class=\"wp-image-8693 size-medium\" src=\"https:\/\/webvasco.com\/artigos\/wp-content\/uploads\/2019\/06\/2-271x300.jpg\" alt=\"\" width=\"271\" height=\"300\" srcset=\"https:\/\/webvasco.com\/artigos\/wp-content\/uploads\/2019\/06\/2-271x300.jpg 271w, https:\/\/webvasco.com\/artigos\/wp-content\/uploads\/2019\/06\/2-136x150.jpg 136w, https:\/\/webvasco.com\/artigos\/wp-content\/uploads\/2019\/06\/2-768x849.jpg 768w, https:\/\/webvasco.com\/artigos\/wp-content\/uploads\/2019\/06\/2-926x1024.jpg 926w, https:\/\/webvasco.com\/artigos\/wp-content\/uploads\/2019\/06\/2.jpg 974w\" sizes=\"auto, (max-width: 271px) 100vw, 271px\" \/><\/a><figcaption id=\"caption-attachment-8693\" class=\"wp-caption-text\">Fonte da Imagem: Google Maps \u2013 Arredores e acesso pelas al\u00e7as da Linha Amarela, localizadas a direita do centro da imagem.<\/figcaption><\/figure>\n<p>Este terreno fica localizado na Av. Arroio Fundo, pr\u00f3ximo da Linha Amarela (Av. Gov. Carlos Lacerda \u2013 <strong>vide na imagem acima marcado em vermelho<\/strong>), que \u00e9 uma art\u00e9ria vi\u00e1ria da Cidade do Rio de Janeiro, que liga a Zona Norte a parte da Zona Oeste da cidade e as Praias da Barra da Tijuca e do Recreio dos Bandeirantes , cujo terreno \u00e9 vizinho ao CT do Fluminense e do SESC (Depto Nacional e Escola de Ensino M\u00e9dio).<\/p>\n<p>&nbsp;<\/p>\n<figure id=\"attachment_8695\" aria-describedby=\"caption-attachment-8695\" style=\"width: 285px\" class=\"wp-caption alignright\"><a href=\"https:\/\/webvasco.com\/artigos\/wp-content\/uploads\/2019\/06\/4.jpg\"><img loading=\"lazy\" decoding=\"async\" class=\"wp-image-8695 size-medium\" src=\"https:\/\/webvasco.com\/artigos\/wp-content\/uploads\/2019\/06\/4-285x300.jpg\" alt=\"\" width=\"285\" height=\"300\" srcset=\"https:\/\/webvasco.com\/artigos\/wp-content\/uploads\/2019\/06\/4-285x300.jpg 285w, https:\/\/webvasco.com\/artigos\/wp-content\/uploads\/2019\/06\/4-143x150.jpg 143w, https:\/\/webvasco.com\/artigos\/wp-content\/uploads\/2019\/06\/4-768x808.jpg 768w, https:\/\/webvasco.com\/artigos\/wp-content\/uploads\/2019\/06\/4-973x1024.jpg 973w, https:\/\/webvasco.com\/artigos\/wp-content\/uploads\/2019\/06\/4.jpg 982w\" sizes=\"auto, (max-width: 285px) 100vw, 285px\" \/><\/a><figcaption id=\"caption-attachment-8695\" class=\"wp-caption-text\">Fonte da Imagem: Google Maps \u2013 Outra forma de acesso<\/figcaption><\/figure>\n<p><strong>B) ACESSIBILIDADE:<\/strong><\/p>\n<p>&nbsp;<\/p>\n<p><strong>Este terreno<\/strong>, situado na Av. Arroio Fundo (estrada asfaltada) \u2013 Rio de Janeiro<strong>, \u00e9 acessibilizado pelas al\u00e7as da Linha Amarela<\/strong> (Av. Gov. Carlos Lacerda, <strong>conforme na 2\u00aa imagem do item anterior, com o marcador em vermelho<\/strong>), que ficam a 800 metros do mesmo, <strong>como tamb\u00e9m, no lado oposto<\/strong> (<strong>vide na imagem ao lado, com o marcador em vermelho<\/strong>), pela Estrada dos Bandeirantes, que fica a 1.800 metros de dist\u00e2ncia.<\/p>\n<p>&nbsp;<\/p>\n<p>&nbsp;<\/p>\n<p><strong>C) SEGURAN\u00c7A (podendo ser considerado uma desvantagem atual):<\/strong><\/p>\n<p>&nbsp;<\/p>\n<p>Por se tratar de uma \u00e1rea, ainda em desenvolvimento de uma Infra Estrutura definitiva, por parte do Poder P\u00fablico, a referida \u00e1rea tem atualmente problemas de Seguran\u00e7a P\u00fablica (conforme j\u00e1 noticiado pela m\u00eddia) e de Constru\u00e7\u00f5es Irregulares, cujas mesmas a partir da Constru\u00e7\u00e3o e do Funcionamento do Centro de Treinamento (CT) do CRVG, ser\u00e3o regularizadas pelas Secretarias de Seguran\u00e7a do Estado do RJ, de Urbanismo e de Ordem P\u00fablica da Cidade do Rio de Janeiro.<\/p>\n<p>&nbsp;<\/p>\n<p>Pois, atrav\u00e9s do Potencial de Investimentos Imobili\u00e1rios e Comerciais a serem desenvolvidos pelo Poder P\u00fablico e pela Iniciativa Privada, que ocorrer\u00e3o com a Valoriza\u00e7\u00e3o desta \u00c1rea, decorrentes da Exist\u00eancia do CT Vasca\u00edno e do vizinho CT Tricolor, assim como da vizinhan\u00e7a do Depto Nacional e da Escola de Ensino M\u00e9dio do SESC e tamb\u00e9m da vizinhan\u00e7a do Instituto de Farmacologia da Fiocruz (no outro caminho de acesso ao CT, conforme citado no \u00edtem anterior), permitir\u00e3o que estes problemas sejam corrigidos imediatamente!<\/p>\n<p>&nbsp;<\/p>\n<p>N\u00e3o podemos cair naquilo que os pessimistas ou oportunistas est\u00e3o pregando, como: \u00c1rea de P\u00e2ntanos, Falta de Seguran\u00e7a no Local, Condi\u00e7\u00e3o Car\u00edssima para Execu\u00e7\u00e3o de Infra Estrutura, entre outras. Creiam nos argumentos acima!<\/p>\n<p>&nbsp;<\/p>\n<p>&nbsp;<\/p>\n<p><strong>D) VANTAGENS:<\/strong><\/p>\n<p>&nbsp;<\/p>\n<p>S\u00e3o in\u00fameras as vantagens, ap\u00f3s a constru\u00e7\u00e3o deste CT Vasca\u00edno, a serem relacionadas abaixo:<\/p>\n<p>&nbsp;<\/p>\n<ul>\n<li>Este CT ficar\u00e1 a uma dist\u00e2ncia de 23 Km do Est\u00e1dio de S\u00e3o Janu\u00e1rio, com o tempo de percurso estimado em 35 minutos de deslocamento veicular, em boas condi\u00e7\u00f5es de tr\u00e1fego<\/li>\n<\/ul>\n<p>&nbsp;<\/p>\n<ul>\n<li>Este CT estar\u00e1 ao lado de uma das principais \u201cArt\u00e9rias Vi\u00e1rias\u201d da Cidade do Rio de Janeiro, que \u00e9 a Linha Amarela, cuja mesma entrela\u00e7a com outra \u201cArt\u00e9ria Vi\u00e1ria\u201d, que \u00e9 a Av. Brasil, cujo acesso est\u00e1 a 3 Km do Est\u00e1dio de S\u00e3o Janu\u00e1rio<\/li>\n<\/ul>\n<p>&nbsp;<\/p>\n<ul>\n<li>Ap\u00f3s a constru\u00e7\u00e3o do CT Vasca\u00edno, ocorrer\u00e1 a Valoriza\u00e7\u00e3o daquela \u00e1rea, conforme os argumentos citados nos itens anteriores<\/li>\n<\/ul>\n<p>&nbsp;<\/p>\n<ul>\n<li>O local est\u00e1 pr\u00f3ximo de Shoppings Centers, Restaurantes, Redes de Supermercados, Hospitais, num raio de 8 Km<\/li>\n<\/ul>\n<p>&nbsp;<\/p>\n<ul>\n<li>No mesmo raio de 8 Km, pela proximidade, moram a maioria os Jogadores do Futebol Carioca, na Barra da Tijuca, assim como tamb\u00e9m, no Recreio dos Bandeirantes, que fica a 12 Km do futuro CT Vasca\u00edno<\/li>\n<\/ul>\n<p>&nbsp;<\/p>\n<ul>\n<li>Possibilidade da extens\u00e3o de uma filial da Escola Vasco da Gama, em um espa\u00e7o deste CT, de modo ao Clube Interagir com as Crian\u00e7as e Adolescentes do local, visando a Educa\u00e7\u00e3o Escolar das mesmas, sendo mais um compromisso de Responsabilidade Social do CRVG.<\/li>\n<\/ul>\n<p>&nbsp;<\/p>\n<ul>\n<li>Pela mesma raz\u00e3o do \u00edtem anterior, as crian\u00e7as e adolescentes do local, poder\u00e3o se tornarem futuros Atletas em Potencial, do Vasco da Gama, al\u00e9m de se criarem La\u00e7os de Amor ao Clube<\/li>\n<\/ul>\n<p>&nbsp;<\/p>\n<ul>\n<li>Mais uma Depend\u00eancia do CRVG, que servir\u00e1 de capta\u00e7\u00e3o de Novos S\u00f3cios para o clube, gerando Receitas Diretas e indiretas ao Vasco da Gama<\/li>\n<\/ul>\n<p>&nbsp;<\/p>\n<ul>\n<li>Arrecada\u00e7\u00e3o Fazend\u00e1ria, Direta e Indireta, com os tributos a serem gerados ao Munic\u00edpio, ao Estado e as Concession\u00e1rias, pela simples presen\u00e7a do CRVG neste local<\/li>\n<\/ul>\n<p>&nbsp;<\/p>\n<ul>\n<li>Entre outras &#8230;..<\/li>\n<\/ul>\n<figure id=\"attachment_8696\" aria-describedby=\"caption-attachment-8696\" style=\"width: 1024px\" class=\"wp-caption alignnone\"><a href=\"https:\/\/webvasco.com\/artigos\/wp-content\/uploads\/2019\/06\/5.jpg\"><img loading=\"lazy\" decoding=\"async\" class=\"wp-image-8696 size-large\" src=\"https:\/\/webvasco.com\/artigos\/wp-content\/uploads\/2019\/06\/5-1024x520.jpg\" alt=\"\" width=\"1024\" height=\"520\" srcset=\"https:\/\/webvasco.com\/artigos\/wp-content\/uploads\/2019\/06\/5-1024x520.jpg 1024w, https:\/\/webvasco.com\/artigos\/wp-content\/uploads\/2019\/06\/5-150x76.jpg 150w, https:\/\/webvasco.com\/artigos\/wp-content\/uploads\/2019\/06\/5-300x152.jpg 300w, https:\/\/webvasco.com\/artigos\/wp-content\/uploads\/2019\/06\/5-768x390.jpg 768w, https:\/\/webvasco.com\/artigos\/wp-content\/uploads\/2019\/06\/5.jpg 1222w\" sizes=\"auto, (max-width: 1024px) 100vw, 1024px\" \/><\/a><figcaption id=\"caption-attachment-8696\" class=\"wp-caption-text\">Fonte da Imagem: Google Maps \u2013 A fachada principal, do futuro CT do CRVG, ser\u00e1 ao lado direito da Avenida Arroio Fundo, conforme a imagem acima.<\/figcaption><\/figure>\n<p>&nbsp;<\/p>\n<p>&nbsp;<\/p>\n<p>&nbsp;<\/p>\n<p><strong>E) CONSIDERA\u00c7\u00d5ES FINAIS:<\/strong><\/p>\n<p>&nbsp;<\/p>\n<p>Mediante a tudo o que foi exposto aqui, que as Cabe\u00e7as Pensantes e Agentes do CRVG, possam a partir desse PRESENTE dado pela Provid\u00eancia Divina, o Vasco da Gama, atrav\u00e9s dos seus Dirigentes, dos seus Conselheiros, dos seus Poderes, dos seus S\u00f3cios e da sua ainda Imensa Torcida, possam EVITAREM PROBLEMAS POL\u00cdTICOS enraizados h\u00e1 19 anos no Clube, e consigam agora canalizarem todos os esfor\u00e7os nesse equipamento, assim como de Consertarem e Organizarem o Futebol Profissional, que \u00e9 o \u201cCarro Chefe\u201d do CRVG.<\/p>\n<p>&nbsp;<\/p>\n<p>A previs\u00e3o inicial or\u00e7ament\u00e1ria, segundo o VP de Engenharia e Obras do Vasco da Gama, Dr Pedro Seixas, ser\u00e1 de R$ 5 a R$ 10 Milh\u00f5es, para se iniciar e construir parte deste CT, cabendo cerca de, ou um pouco mais, de R$ 20 Milh\u00f5es para a sua conclus\u00e3o..<\/p>\n<p>&nbsp;<\/p>\n<p>Parte desses recursos poder\u00e3o vir de v\u00e1rias formas, como: \u201cCrowdfounding\u201d (Fundo de Investimentos gerados pelo CRVG, direcionado aos seus S\u00f3cios e Torcedores), \u201cNaming Rights\u201d (Direitos de uma Marca usufruir o seu nome, por um determinado per\u00edodo, em troca de Royalties), \u201cCapta\u00e7\u00e3o de Novos S\u00f3cios\u201d (gerando recursos para tal empreendimento), entre \u201coutros\u201d, desde que a Diretoria do CRVG apresente um Plano vi\u00e1vel, capaz de motivarem os seus torcedores, e aos Investidores, a abra\u00e7arem este empreendimento!<\/p>\n<p>&nbsp;<\/p>\n<p>Que o nosso amado Clube, venha a Maturar e desenvolver o Projeto do CT (o mesmo est\u00e1 em \u201cboas m\u00e3os\u201d, com o Arquiteto e Urbanista, Dr S\u00e9rgio Dias) e que a sua excelente equipe, consiga em pouco tempo fazer com que o mesmo saia do papel e venha a se tornar grande refer\u00eancia do Futebol Brasileiro, assim como \u00e9 refer\u00eancia a Hist\u00f3ria Vencedora desse Clube, que \u00e9 um dos maiores do Futebol Mundial: Clube de Regatas Vasco da Gama (CRVG)!<\/p>\n<p>&nbsp;<\/p>\n<p>As minhas Sauda\u00e7\u00f5es Vasca\u00ednas a esta Imensa Torcida e espero ter contribu\u00eddo, para que todos aqui possam ter uma id\u00e9ia, do que representar\u00e1 este Importante equipamento para o nosso amado Clube!<\/p>\n<p>&nbsp;<\/p>\n<p>O pr\u00f3ximo \u201cGrande Passo\u201d do CRVG, ser\u00e1 a REVITALIZA\u00c7\u00c3O DO ENTORNO DO EST\u00c1DIO DE SJ, uma vez que est\u00e1 havendo uma Boa Intera\u00e7\u00e3o com a Prefeitura Municipal do Rio de Janeiro, cuja Revitaliza\u00e7\u00e3o permitir\u00e1 a posterior Matura\u00e7\u00e3o da Amplia\u00e7\u00e3o\/Moderniza\u00e7\u00e3o do nosso Est\u00e1dio!<\/p>\n<p>&nbsp;<\/p>\n<p>\u201c<em>Tudo tem o seu tempo determinado. Mas h\u00e1 tempo suficiente para todo o prop\u00f3sito debaixo dos c\u00e9us<\/em>\u201d \u2013 Eclesiastes 3<\/p>\n","protected":false},"excerpt":{"rendered":"<p>Caros Amigos, Vasca\u00ednos: &nbsp; Depois de uma longa temporada sem escrever, nesta conceituada Rede Social,&#8230;<\/p>\n","protected":false},"author":3,"featured_media":8692,"comment_status":"open","ping_status":"closed","sticky":false,"template":"","format":"standard","meta":{"footnotes":""},"categories":[16],"tags":[],"class_list":["post-8691","post","type-post","status-publish","format-standard","has-post-thumbnail","hentry","category-marcelopaiva"],"_links":{"self":[{"href":"https:\/\/webvasco.com\/artigos\/wp-json\/wp\/v2\/posts\/8691","targetHints":{"allow":["GET"]}}],"collection":[{"href":"https:\/\/webvasco.com\/artigos\/wp-json\/wp\/v2\/posts"}],"about":[{"href":"https:\/\/webvasco.com\/artigos\/wp-json\/wp\/v2\/types\/post"}],"author":[{"embeddable":true,"href":"https:\/\/webvasco.com\/artigos\/wp-json\/wp\/v2\/users\/3"}],"replies":[{"embeddable":true,"href":"https:\/\/webvasco.com\/artigos\/wp-json\/wp\/v2\/comments?post=8691"}],"version-history":[{"count":3,"href":"https:\/\/webvasco.com\/artigos\/wp-json\/wp\/v2\/posts\/8691\/revisions"}],"predecessor-version":[{"id":8699,"href":"https:\/\/webvasco.com\/artigos\/wp-json\/wp\/v2\/posts\/8691\/revisions\/8699"}],"wp:featuredmedia":[{"embeddable":true,"href":"https:\/\/webvasco.com\/artigos\/wp-json\/wp\/v2\/media\/8692"}],"wp:attachment":[{"href":"https:\/\/webvasco.com\/artigos\/wp-json\/wp\/v2\/media?parent=8691"}],"wp:term":[{"taxonomy":"category","embeddable":true,"href":"https:\/\/webvasco.com\/artigos\/wp-json\/wp\/v2\/categories?post=8691"},{"taxonomy":"post_tag","embeddable":true,"href":"https:\/\/webvasco.com\/artigos\/wp-json\/wp\/v2\/tags?post=8691"}],"curies":[{"name":"wp","href":"https:\/\/api.w.org\/{rel}","templated":true}]}}