{"id":8700,"date":"2019-06-29T10:34:44","date_gmt":"2019-06-29T13:34:44","guid":{"rendered":"http:\/\/webvasco.com\/artigos\/?p=8700"},"modified":"2019-06-29T11:35:04","modified_gmt":"2019-06-29T14:35:04","slug":"terreno-ct-entorno-de-sj-entrevista-com-o-vereador-alexandre-isquierdo","status":"publish","type":"post","link":"https:\/\/webvasco.com\/artigos\/colunistas\/marcelopaiva\/terreno-ct-entorno-de-sj-entrevista-com-o-vereador-alexandre-isquierdo\/","title":{"rendered":"TERRENO, CT, ENTORNO DE SJ &#8211; ENTREVISTA COM O VEREADOR ALEXANDRE ISQUIERDO"},"content":{"rendered":"<p>Entrevistamos o Vereador do Rio de Janeiro, Sr. Alexandre Isquierdo, cujo o mesmo foi incans\u00e1vel na intermedia\u00e7\u00e3o entre a Prefeitura da Cidade do Rio de Janeiro e o Clube de Regatas Vasco da Gama (CRVG), que culminou na Cess\u00e3o de um terreno para a constru\u00e7\u00e3o do futuro Centro de Treinamento (CT) Vasca\u00edno.<\/p>\n<p>Esta entrevista foi feita em seu escrit\u00f3rio profissional, onde fomos gentilmente recebidos pelo Vereador e que o mesmo nos deu algumas informa\u00e7\u00f5es sobre o terreno, o CT, o entorno de SJ, assim como algumas \u201cVascainidades\u201d da sua parte.<\/p>\n<p>Desde j\u00e1 agradecemos a sua entrevista exclusiva, cuja mesma ajudar\u00e1 ao torcedor Vasca\u00edno a ter uma \u00f3tica sobre este terreno, onde veremos o t\u00e3o sonhado CT Vasca\u00edno ser constru\u00eddo.<\/p>\n<figure id=\"attachment_8701\" aria-describedby=\"caption-attachment-8701\" style=\"width: 1024px\" class=\"wp-caption aligncenter\"><a href=\"https:\/\/webvasco.com\/artigos\/wp-content\/uploads\/2019\/06\/vereador1.jpg\"><img loading=\"lazy\" decoding=\"async\" class=\"wp-image-8701 size-large\" src=\"https:\/\/webvasco.com\/artigos\/wp-content\/uploads\/2019\/06\/vereador1-1024x520.jpg\" alt=\"\" width=\"1024\" height=\"520\" srcset=\"https:\/\/webvasco.com\/artigos\/wp-content\/uploads\/2019\/06\/vereador1.jpg 1024w, https:\/\/webvasco.com\/artigos\/wp-content\/uploads\/2019\/06\/vereador1-150x76.jpg 150w, https:\/\/webvasco.com\/artigos\/wp-content\/uploads\/2019\/06\/vereador1-300x152.jpg 300w, https:\/\/webvasco.com\/artigos\/wp-content\/uploads\/2019\/06\/vereador1-768x390.jpg 768w\" sizes=\"auto, (max-width: 1024px) 100vw, 1024px\" \/><\/a><figcaption id=\"caption-attachment-8701\" class=\"wp-caption-text\">Fonte da Imagem: Google Maps \u2013 A fachada principal, do futuro CT do CRVG, ser\u00e1 ao lado direito da Avenida Arroio Fundo, conforme a imagem acima.<\/figcaption><\/figure>\n<p>Vamos a entrevista:<\/p>\n<p>Vereador, primeiramente os nossos parab\u00e9ns pelo apoio incessante a cess\u00e3o do terreno da Prefeitura do Rio de Janeiro, ao Vasco da Gama, visando \u00e0 futura constru\u00e7\u00e3o do CT do Clube!<\/p>\n<p>&nbsp;<\/p>\n<figure id=\"attachment_8702\" aria-describedby=\"caption-attachment-8702\" style=\"width: 300px\" class=\"wp-caption aligncenter\"><a href=\"https:\/\/webvasco.com\/artigos\/wp-content\/uploads\/2019\/06\/vereador2.jpg\"><img loading=\"lazy\" decoding=\"async\" class=\"size-medium wp-image-8702\" src=\"https:\/\/webvasco.com\/artigos\/wp-content\/uploads\/2019\/06\/vereador2-300x169.jpg\" alt=\"\" width=\"300\" height=\"169\" srcset=\"https:\/\/webvasco.com\/artigos\/wp-content\/uploads\/2019\/06\/vereador2-300x169.jpg 300w, https:\/\/webvasco.com\/artigos\/wp-content\/uploads\/2019\/06\/vereador2-150x84.jpg 150w, https:\/\/webvasco.com\/artigos\/wp-content\/uploads\/2019\/06\/vereador2-768x432.jpg 768w, https:\/\/webvasco.com\/artigos\/wp-content\/uploads\/2019\/06\/vereador2-1024x576.jpg 1024w, https:\/\/webvasco.com\/artigos\/wp-content\/uploads\/2019\/06\/vereador2-777x437.jpg 777w, https:\/\/webvasco.com\/artigos\/wp-content\/uploads\/2019\/06\/vereador2-260x146.jpg 260w, https:\/\/webvasco.com\/artigos\/wp-content\/uploads\/2019\/06\/vereador2-120x67.jpg 120w, https:\/\/webvasco.com\/artigos\/wp-content\/uploads\/2019\/06\/vereador2.jpg 1032w\" sizes=\"auto, (max-width: 300px) 100vw, 300px\" \/><\/a><figcaption id=\"caption-attachment-8702\" class=\"wp-caption-text\">Fonte da imagem \u2013 webvasco.com<\/figcaption><\/figure>\n<p>1) Iniciando a entrevista: O que o Sr. entende como \u201cSer Vasca\u00edno\u201d?<\/p>\n<p><em>Olha, \u201cSer Vasca\u00edno\u201d \u00e9 uma d\u00e1diva! Eu n\u00e3o quero aqui exagerar, \u00e9 uma Ben\u00e7\u00e3o \u201cSer Vasca\u00edno\u201d para mim. \u00c9 um clube que eu tenho uma paix\u00e3o muito grande. Desde garoto sempre me identifiquei com o Vasco da Gama, sempre joguei e amei futebol. Na minha hist\u00f3ria at\u00e9 joguei, como J\u00fanior, em outros clubes e sempre tive muita identidade com o futebol e obviamente com o Vasco, que \u00e9 uma honra muito grande.<\/em><\/p>\n<p>1.1) Aproveitando o ensejo, qual foi a sua posi\u00e7\u00e3o como jogador?<\/p>\n<p><em>Eu jogava de meio de campo, e a minha melhor posi\u00e7\u00e3o foi a de meia direita. Eu era chamado de \u201ccoringa\u201d, por jogar tamb\u00e9m de lateral direito e 4\u00ba zagueiro.<\/em><\/p>\n<p>&nbsp;<\/p>\n<p>2) Uma curiosidade: Na C\u00e2mara Municipal do Rio de Janeiro, sem citar nomes, quantos Vereadores o Sr. sabe que s\u00e3o Vasca\u00ednos?<\/p>\n<p><em>Temos v\u00e1rios l\u00e1. Tanto de Direita, como de Esquerda. Voc\u00ea veja como o Vasco da Gama \u00e9 democr\u00e1tico. Somos 51 Vereadores e tranquilamente posso dizer que, de Vasca\u00ednos, temos mais de 15 Vereadores Vasca\u00ednos, equivalente a 1\/3 da C\u00e2mara Municipal.<\/em><\/p>\n<p>&nbsp;<\/p>\n<p>3) Qual a maior alegria, como Vasca\u00edno, que o Sr. teve ao longo da sua vida?<\/p>\n<p><em>Para a gente, obviamente que a maior alegria no futebol, quando somos torcedores do Vasco \u00e9 ver o time campe\u00e3o. Levantar uma ta\u00e7a, como campe\u00e3o da Libertadores, foi um feito maravilhoso. Eu tenho uma alegria muito especial tamb\u00e9m, naquele inesquec\u00edvel gol do Cocada, no Maracan\u00e3 (risos). Quando eu falo deste gol, vem logo na mem\u00f3ria esta alegria (risos).<\/em><\/p>\n<p>&nbsp;<\/p>\n<p>4) Entrando no assunto \u201cCentro de Treinamento\u201d (CT): Na sua vis\u00e3o parlamentar, o que significar\u00e1 futuramente para o CRVG e para a Popula\u00e7\u00e3o da Cidade do Rio de Janeiro, quando esse CT estiver funcionando?<\/p>\n<p><em>Para o Vasco da Gama \u00e9 um sonho, um projeto de muitos anos, que Deus abriu essa porta, juntamente com a Prefeitura. J\u00e1 no governo\u00a0passado, houve essa possibilidade que n\u00e3o foi aproveitada, enfim, mas eu acho que a gente tem agora, uma grande chance de realizar esse sonho para todos os Vasca\u00ednos.<\/em><br \/>\n<em> Para o Vasco da Gama, muito mais do que a Forma\u00e7\u00e3o de atletas, ser\u00e1 um local para reunir os profissionais com os amadores, se tornando algo important\u00edssimo. <\/em><br \/>\n<em> Eu vejo o CT como um \u201cceleiro\u201d de jogadores e este local ter\u00e1, sem d\u00favida, pelo projeto que ser\u00e1 desenvolvido, uma grande estrutura capaz de se viabilizar um dos melhores Centros de Treinamentos da Am\u00e9rica Latina. <\/em><br \/>\n<em> Eu n\u00e3o tenho d\u00favida que l\u00e1 ser\u00e3o produzidos grandes atletas, na forma\u00e7\u00e3o dos car\u00e1teres, nos estudos e, principalmente, na forma\u00e7\u00e3o de grandes jogadores, que ajudar\u00e3o muito o Vasco da Gama, fazendo muito sucesso no mundo inteiro.<\/em><\/p>\n<figure id=\"attachment_8703\" aria-describedby=\"caption-attachment-8703\" style=\"width: 300px\" class=\"wp-caption aligncenter\"><a href=\"https:\/\/webvasco.com\/artigos\/wp-content\/uploads\/2019\/06\/vereador3.jpg\"><img loading=\"lazy\" decoding=\"async\" class=\"size-medium wp-image-8703\" src=\"https:\/\/webvasco.com\/artigos\/wp-content\/uploads\/2019\/06\/vereador3-300x169.jpg\" alt=\"\" width=\"300\" height=\"169\" srcset=\"https:\/\/webvasco.com\/artigos\/wp-content\/uploads\/2019\/06\/vereador3-300x169.jpg 300w, https:\/\/webvasco.com\/artigos\/wp-content\/uploads\/2019\/06\/vereador3-150x84.jpg 150w, https:\/\/webvasco.com\/artigos\/wp-content\/uploads\/2019\/06\/vereador3-768x432.jpg 768w, https:\/\/webvasco.com\/artigos\/wp-content\/uploads\/2019\/06\/vereador3-1024x576.jpg 1024w, https:\/\/webvasco.com\/artigos\/wp-content\/uploads\/2019\/06\/vereador3-777x437.jpg 777w, https:\/\/webvasco.com\/artigos\/wp-content\/uploads\/2019\/06\/vereador3-260x146.jpg 260w, https:\/\/webvasco.com\/artigos\/wp-content\/uploads\/2019\/06\/vereador3-120x67.jpg 120w, https:\/\/webvasco.com\/artigos\/wp-content\/uploads\/2019\/06\/vereador3.jpg 1032w\" sizes=\"auto, (max-width: 300px) 100vw, 300px\" \/><\/a><figcaption id=\"caption-attachment-8703\" class=\"wp-caption-text\">Fonte da imagem \u2013 webvasco.com<\/figcaption><\/figure>\n<p>&nbsp;<\/p>\n<p>5) O fato de existir o CT do Fluminense, pr\u00f3ximo ao terreno do futuro CT do Vasco da Gama, assim como nos arredores estarem localizados a Escola e o Depto Nacional do SESC, como tamb\u00e9m o Instituto de Farmacologia da FIOCRUZ, servem como par\u00e2metros de refer\u00eancia, para o desenvolvimento daquela regi\u00e3o ainda carente de a\u00e7\u00f5es de infra-estrutura p\u00fablica, Vereador?<\/p>\n<p><em>Aquela \u00e1rea esteve de fato muito abandonada. A\u00ed chegou o Fluminense, antes por\u00e9m o SEST\/SENAT, que vieram a viabilizar alguma infra-estrutura. Atualmente no terreno do futuro CT Vasca\u00edno, os fundos s\u00e3o voltados para a Comunidade da Cidade de Deus (CDD) e existem muitas moradias, que posso dizer que s\u00e3o muito carentes de tudo. Moram ali cerca de 250\/280 fam\u00edlias e eu digo que ali \u00e9 a \u201cfavela\u201d da \u201cfavela\u201d, abaixo da linha de pobreza, chegando ao n\u00edvel de mis\u00e9ria. <\/em><br \/>\n<em> A Prefeitura, inicialmente ir\u00e1 realocar estas fam\u00edlias, atrav\u00e9s do \u201caluguel social\u201d. Informo que me comprometi junto ao Secret\u00e1rio Municipal de Habita\u00e7\u00e3o, de montarmos um projeto para estas fam\u00edlias e iremos at\u00e9 Bras\u00edlia buscar recursos, para que possamos dar dignidade a esse povo.<\/em><br \/>\n<em> Com a chegada do Vasco da Gama, naquela regi\u00e3o, ir\u00e1 valorizar muito aquela \u00e1rea, por consequ\u00eancia da natural infra-estrutura a ser viabilizada.<\/em><\/p>\n<p><em>O fato do Fluminense j\u00e1 estar ali, posso dizer que foi mera coincid\u00eancia, nada proposital. Acabaram eles aumentando o mastro da bandeira, onde tenho a convic\u00e7\u00e3o que o nosso mastro ser\u00e1 maior (risos). At\u00e9 l\u00e1, quem transitar pela Linha Amarela e pela Av. Ayrton Senna, poder\u00e1 observar uma imensa bandeira do Vasco da Gama. Ganhar\u00e3o com a constru\u00e7\u00e3o do CT Vasca\u00edno, a cidade do Rio de Janeiro, a Comunidade do entono e obviamente, o CRVG.<\/em><\/p>\n<p>&nbsp;<\/p>\n<p>6) Na sua opini\u00e3o pessoal, a outra possibilidade que existiu, de outro terreno em Vargem Grande, a cerca de 15 Km do atual terreno cedido ao CRVG, foi uma op\u00e7\u00e3o pior ou melhor? E porqu\u00ea?<\/p>\n<p><em>A op\u00e7\u00e3o do terreno de Vargem Grande, foi oferecida no Governo do Prefeito Eduardo Paes. Ele ofereceu op\u00e7\u00f5es para os quatro grandes clubes Cariocas, Botafogo, Flamengo, Fluminense e Vasco da Gama. O Fluminense foi o \u00fanico que colocou em pr\u00e1tica o projeto do seu pr\u00f3prio CT. O Vasco n\u00e3o adiantou o seu processo. Enfim, na pr\u00e1tica nada foi realizado. <\/em><br \/>\n<em> Assim que o Presidente do CRVG, Alexandre Campello, assumiu o clube, ele me procurou e pediu para n\u00f3s reativarmos essa proposta, com o atual governo do Prefeito Marcelo Crivella. Assim n\u00f3s a fizemos e aquele terreno ainda estava em aberto. <\/em><br \/>\n<em> A pr\u00f3pria Prefeitura fez uma an\u00e1lise mais profunda da cess\u00e3o desse terreno e constatou que faltavam muitos documentos. Isso foi um ponto desfavor\u00e1vel. O 2\u00ba ponto, foi que o solo do terreno de Vargem Grande n\u00e3o \u00e9 muito apropriado e o Vasco teria que fazer um investimento muito alto, para preparar o solo.<\/em><\/p>\n<p>6.1) &#8230;. no caso muito aterro e terraplanagem ?<\/p>\n<p><em>Sim! Muito aterro e terraplanagem, que com certeza inviabilizaram tal investimento.<\/em><\/p>\n<p>&nbsp;<\/p>\n<p>7) Na sua vis\u00e3o, haver\u00e1 a possibilidade de futuros interc\u00e2mbios p\u00fablico\/privados, relativos a Educa\u00e7\u00e3o e o Esporte, entre a Prefeitura do Rio de Janeiro e o CRVG, quando este CT estiver pronto? Quais as possibilidades, dentro dessa perspectiva, poderiam ser geradas?<\/p>\n<p><em>O impacto maior naquela comunidade \u00e9 obviamente uma quest\u00e3o social e valoriza\u00e7\u00e3o da \u00e1rea. A Prefeitura est\u00e1 comprometida na limpeza urbana, na ilumina\u00e7\u00e3o p\u00fablica e na inser\u00e7\u00e3o de demandas. L\u00e1 \u00e9 uma \u00e1rea que \u00e9 \u201czero\u201d de ilumina\u00e7\u00e3o p\u00fablica e h\u00e1 ent\u00e3o um compromisso da Prefeitura do Rio de Janeiro, de fazer toda a manuten\u00e7\u00e3o daquela \u00e1rea, o que ser\u00e1 um grande ganho para a comunidade do local.<\/em><\/p>\n<p>7.1) Gerar infra-estrutura necess\u00e1ria para as demandas?<\/p>\n<p><em>Exatamente! Acredito que a pr\u00f3pria Prefeitura vai investir tamb\u00e9m em mais projetos esportivos porque a comunidade precisa. Sabemos que a Prefeitura vive uma crise financeira muito grande, assim como o Estado. Mas o pr\u00f3prio Vasco se comprometeu e h\u00e1 a contra partida, pois o clube est\u00e1 recebendo a cess\u00e3o de um terreno e tem que haver essa contra partida. <\/em><br \/>\n<em> Ent\u00e3o o Vasco da Gama tamb\u00e9m ir\u00e1 investir, abrindo espa\u00e7o para escolinhas e at\u00e9 pelo que eu sei, o pr\u00f3prio Campello est\u00e1 preocupado com a quest\u00e3o de querer desejar uma escola dentro do CT, dando oportunidade de estudo para as crian\u00e7as locais, assim como de refor\u00e7o escolar tamb\u00e9m.<\/em><\/p>\n<p>7.2) Assim como \u00e9 o exemplo do Col\u00e9gio Vasco da Gama, em SJ?<\/p>\n<p><em>Sim! E com certeza, ser\u00e3o gerados empregos para aquela comunidade, assim como renda e eu n\u00e3o tenho d\u00favida, que o Vasco vai investir naquelas crian\u00e7as, que s\u00e3o muito carentes.<\/em><\/p>\n<p>7.3) Al\u00e9m disso, \u00e9 uma grande tradi\u00e7\u00e3o do Club de Regatas Vasco da Gama, a quest\u00e3o de responsabilidade social.<\/p>\n<p><em>Exatamente! O Vasco da Gama faz um trabalho social fant\u00e1stico. Quero at\u00e9 aqui citar, que eu conheci o projeto que o Vasco tem, com pessoas com defici\u00eancias. O Vasco \u00e9 um clube &#8230;<\/em><\/p>\n<p>7.4) &#8230;clube pioneiro. O Vasco tem o pioneirismo em seu DNA!<\/p>\n<p><em>Correto! O pioneirismo est\u00e1 na hist\u00f3ria do DNA do Vasca\u00edno.<\/em><\/p>\n<p>&nbsp;<\/p>\n<p>8) Entrando agora, na quest\u00e3o da Revitaliza\u00e7\u00e3o do Entorno de SJ (pr\u00e9-requisito para a posterior amplia\u00e7\u00e3o\/moderniza\u00e7\u00e3o do nosso est\u00e1dio), entendemos que trata-se de um prop\u00f3sito fortemente apoiado pelos Vasca\u00ednos, e que trar\u00e1 benef\u00edcios relevantes, n\u00e3o somente ao CRVG, mas principalmente a uma regi\u00e3o esquecida pelo Poder P\u00fablico h\u00e1 d\u00e9cadas, perguntamos: Esse prop\u00f3sito viria a alavancar o potencial de Investimentos p\u00fablico\/privados, naquela regi\u00e3o importante hist\u00f3rica e cultural do Pa\u00eds?<\/p>\n<p><em>N\u00e3o tenho a menor d\u00favida. A revitaliza\u00e7\u00e3o do entorno de SJ \u00e9 a 1\u00aa linha de a\u00e7\u00e3o que demandar\u00e1 as demais linhas a serem feitas.<\/em><\/p>\n<figure id=\"attachment_8704\" aria-describedby=\"caption-attachment-8704\" style=\"width: 300px\" class=\"wp-caption aligncenter\"><a href=\"https:\/\/webvasco.com\/artigos\/wp-content\/uploads\/2019\/06\/vereador4.jpg\"><img loading=\"lazy\" decoding=\"async\" class=\"size-medium wp-image-8704\" src=\"https:\/\/webvasco.com\/artigos\/wp-content\/uploads\/2019\/06\/vereador4-300x169.jpg\" alt=\"\" width=\"300\" height=\"169\" srcset=\"https:\/\/webvasco.com\/artigos\/wp-content\/uploads\/2019\/06\/vereador4-300x169.jpg 300w, https:\/\/webvasco.com\/artigos\/wp-content\/uploads\/2019\/06\/vereador4-150x84.jpg 150w, https:\/\/webvasco.com\/artigos\/wp-content\/uploads\/2019\/06\/vereador4-768x432.jpg 768w, https:\/\/webvasco.com\/artigos\/wp-content\/uploads\/2019\/06\/vereador4-1024x576.jpg 1024w, https:\/\/webvasco.com\/artigos\/wp-content\/uploads\/2019\/06\/vereador4-777x437.jpg 777w, https:\/\/webvasco.com\/artigos\/wp-content\/uploads\/2019\/06\/vereador4-260x146.jpg 260w, https:\/\/webvasco.com\/artigos\/wp-content\/uploads\/2019\/06\/vereador4-120x67.jpg 120w, https:\/\/webvasco.com\/artigos\/wp-content\/uploads\/2019\/06\/vereador4.jpg 1032w\" sizes=\"auto, (max-width: 300px) 100vw, 300px\" \/><\/a><figcaption id=\"caption-attachment-8704\" class=\"wp-caption-text\">Fonte da imagem \u2013 webvasco.com<\/figcaption><\/figure>\n<p>&nbsp;<\/p>\n<p>9) Ainda na quest\u00e3o da Revitaliza\u00e7\u00e3o do Entorno de SJ, a Prefeitura do Rio de Janeiro possui um Abaixo-Assinado Eletr\u00f4nico de mais de 10.000 Assinaturas, entregue a mesma ,em 2012, reivindicando esta linha de a\u00e7\u00e3o. O Sr, uma vez que tamb\u00e9m est\u00e1 dando uma aten\u00e7\u00e3o especial neste prop\u00f3sito, teria alguma informa\u00e7\u00e3o animadora a nos dar, relativa ao andamento desta reivindica\u00e7\u00e3o?<\/p>\n<p><em>Voc\u00ea est\u00e1 falando da reivindica\u00e7\u00e3o dessas pessoas?<\/em><\/p>\n<p>9.1) Sim, da revitaliza\u00e7\u00e3o do entorno de SJ, reivindicado por mais de 10.000 pessoas, entre elas torcedores, moradores, trabalhadores da regi\u00e3o, que seria o pr\u00e9-requisito para a posterior amplia\u00e7\u00e3o\/moderniza\u00e7\u00e3o do Est\u00e1dio de S\u00e3o Janu\u00e1rio. Por que a\u00ed se revitalizando o seu entorno, obviamente entraria aquele Programa \u201cMorar Carioca\u201d ou outra denomina\u00e7\u00e3o que seja, de modo a se viabilizar uma nova rua vindo da Av. Brasil chegando em SJ, assim como o alargamento da rua Ricardo Machado (fundos da ferradura de SJ), o que j\u00e1 resolveria o problema de acessibilidade local. Consequentemente, com essa revitaliza\u00e7\u00e3o, haveriam no entorno novas escolas, creches, postos de sa\u00fade, alargamentos vi\u00e1rios (acessibilidade e mobilidade urbana, permitindo a acessibilidade do caminh\u00e3o de lixo na comunidade para coleta, assim como o descongestionamento do tr\u00e2nsito ca\u00f3tico naquela \u00e1rea), pra\u00e7as e a regulariza\u00e7\u00e3o fundi\u00e1ria dos moradores. Toda essa demanda, n\u00e3o seria somente ben\u00e9fica ao CRVG, mas sim para toda uma regi\u00e3o carente de investimentos p\u00fablicos, h\u00e1 mais de cinquenta anos. \u00c9 nesse sentido, Vereador.<\/p>\n<p><em>Perfeito. Dentro desse contexto, gostaria de dar uma not\u00edcia animadora, em rela\u00e7\u00e3o a esse projeto: de fato ele existe, era um projeto do governo passado. N\u00f3s, h\u00e1 uns meses atr\u00e1s, estivemos com o Prefeito Crivella e todos os \u00f3rg\u00e3os, Conserva\u00e7\u00e3o, Comlurb, Rio Luz e andamos pelo entorno de SJ, inclusive fomos na comunidade \u201cBarreira do Vasco\u201d e caminhamos nela. Conseguimos algumas solu\u00e7\u00f5es de imediato, para aquela comunidade.<\/em><br \/>\n<em> Fala-se muito em ordem p\u00fablica, mas ali precisamos de uma grande obra e \u00e9 exatamente isso o que voc\u00ea est\u00e1 falando desse projeto. A abertura de uma rua que chegue a Av. Brasil, acessibilizando SJ. O projeto existe nesses termos e \u00e9 uma inten\u00e7\u00e3o do pr\u00f3prio Vasco da Gama, dessa diretoria, como tamb\u00e9m inten\u00e7\u00e3o do governo municipal.<\/em><br \/>\n<em> Por\u00e9m sendo bem verdadeiro e sendo muito claro: n\u00e3o existe or\u00e7amento hoje para esta obra e obviamente que para isso ser realizado, a gente precisa buscar apoio na Caixa Econ\u00f4mica Federal, no Minist\u00e9rio de Infra-Estrutra. Sendo bem realista, a Prefeitura n\u00e3o tem agora or\u00e7amento e n\u00e3o tem condi\u00e7\u00f5es de bancar essa obra, apesar da import\u00e2ncia para a cidade do Rio de Janeiro, mas continuar\u00e1 sendo uma luta nossa.<\/em><br \/>\n<em> A gente vai continuar insistindo, tanto no governo federal como no municipal.<\/em><\/p>\n<p>9.2) E porque, at\u00e9 mesmo no Governo anterior, houve uma verba disponibilizada pelo BID de R$ 100 milh\u00f5es, para a revitaliza\u00e7\u00e3o do entorno de SJ, quando o Vasco teve o protocolo de inten\u00e7\u00f5es, de realizar o Rugby na Olimp\u00edada passada, mas infelizmente a coisa n\u00e3o evoluiu. O movimento volunt\u00e1rio pela revitaliza\u00e7\u00e3o do entorno de SJ, o qual participo, teve acesso a esse projeto e posso afirmar que ele \u00e9 excelente para esse prop\u00f3sito!<\/p>\n<p><em>Digo que esse projeto n\u00e3o est\u00e1 descartado e ele est\u00e1 sendo maturado. \u00c9 uma meta do Presidente Campello e tamb\u00e9m uma meta nossa, em buscar esses recursos que o viabilizem.<\/em><br \/>\n<em> Volto a repetir que n\u00e3o vai sair agora do governo municipal, mas buscaremos com o governo federal e a gente ter\u00e1 que se articular para isso.<\/em><\/p>\n<p>&nbsp;<\/p>\n<p>10) Agora, respondendo como torcedor do Vasco da Gama: O Sr acredita que o time, ap\u00f3s esta pausa da Copa Am\u00e9rica, com a vinda de tr\u00eas novos refor\u00e7os e com o comando do T\u00e9cnico Vanderlei Luxemburgo, que at\u00e9 l\u00e1 j\u00e1 ter\u00e1 cerca de 60 dias de clube, poder\u00e1 ter um melhor desempenho no Campeonato Brasileiro de Futebol, a ponto de sonharmos com uma vaga na Copa Sul Americana e quem sabe, uma Copa Libertadores?<\/p>\n<p><em>Eu acredito e estou muito otimista e vejo como ponto positivo, essa paralisa\u00e7\u00e3o devido a Copa Am\u00e9rica. O Luxemburgo est\u00e1 com esse tempo para treinar enfim, \u00e9 um t\u00e9cnico que dispensa coment\u00e1rios. A volta do Castan, do Breno e do Ramon me anima muito e tamb\u00e9m n\u00f3s vamos ter uma zaga com muita consist\u00eancia e com os novos refor\u00e7os, n\u00e3o tenho d\u00favida de que vamos estar na pr\u00f3xima Copa Sul Americana e quem sabe at\u00e9 na Libertadores. Estou muito animado!<\/em><\/p>\n<figure id=\"attachment_8705\" aria-describedby=\"caption-attachment-8705\" style=\"width: 300px\" class=\"wp-caption aligncenter\"><a href=\"https:\/\/webvasco.com\/artigos\/wp-content\/uploads\/2019\/06\/vereador5.jpg\"><img loading=\"lazy\" decoding=\"async\" class=\"size-medium wp-image-8705\" src=\"https:\/\/webvasco.com\/artigos\/wp-content\/uploads\/2019\/06\/vereador5-300x169.jpg\" alt=\"\" width=\"300\" height=\"169\" srcset=\"https:\/\/webvasco.com\/artigos\/wp-content\/uploads\/2019\/06\/vereador5-300x169.jpg 300w, https:\/\/webvasco.com\/artigos\/wp-content\/uploads\/2019\/06\/vereador5-150x84.jpg 150w, https:\/\/webvasco.com\/artigos\/wp-content\/uploads\/2019\/06\/vereador5-768x432.jpg 768w, https:\/\/webvasco.com\/artigos\/wp-content\/uploads\/2019\/06\/vereador5-1024x576.jpg 1024w, https:\/\/webvasco.com\/artigos\/wp-content\/uploads\/2019\/06\/vereador5-777x437.jpg 777w, https:\/\/webvasco.com\/artigos\/wp-content\/uploads\/2019\/06\/vereador5-260x146.jpg 260w, https:\/\/webvasco.com\/artigos\/wp-content\/uploads\/2019\/06\/vereador5-120x67.jpg 120w, https:\/\/webvasco.com\/artigos\/wp-content\/uploads\/2019\/06\/vereador5.jpg 1032w\" sizes=\"auto, (max-width: 300px) 100vw, 300px\" \/><\/a><figcaption id=\"caption-attachment-8705\" class=\"wp-caption-text\">Fonte da imagem \u2013 webvasco.com<\/figcaption><\/figure>\n<p>&nbsp;<\/p>\n<p>11) Qual foi o seu maio \u00eddolo, na magn\u00edfica hist\u00f3ria vencedora do Vasco da Gama?<\/p>\n<p><em> Sem d\u00favida nenhuma, Roberto Dinamite e tamb\u00e9m Rom\u00e1rio.<\/em><\/p>\n<p>11.1) Esses s\u00e3o \u201cpule de dez\u201d?<\/p>\n<p><em>Sim! N\u00e3o vou dizer que \u00e9 unanimidade, pois toda a unanimidade \u00e9 burra! Mas \u00e9 quase unanimidade, pois o Roberto Dinamite marcou muito a minha \u00e9poca, era uma refer\u00eancia para mim &#8230;.<\/em><\/p>\n<p>11.2) &#8230;de todos n\u00f3s que estamos na faixa de 30\/40\/50 anos de idade.<\/p>\n<p><em>E Rom\u00e1rio, foi Rom\u00e1rio!<\/em><\/p>\n<p>&nbsp;<\/p>\n<p>12) Vereador, agradecemos a sua participa\u00e7\u00e3o nesta entrevista. Para finalizar, qual mensagem o Sr. gostaria de deixar para a torcida Vasca\u00edna?<\/p>\n<p><em>Digo para a torcida Vasca\u00edna que \u201ddias melhores vir\u00e3o\u201d, n\u00e3o tenho d\u00favida disso, acredito muito nessa diretoria, nas boas, n\u00e3o s\u00f3 boas inten\u00e7\u00f5es do Presidente Campello, mas na pr\u00e1tica e na atitude.<\/em><br \/>\n<em> Voc\u00ea saber que o Vasco hoje tem uma administra\u00e7\u00e3o s\u00e9ria, auditada por grandes empresas, isso d\u00e1 \u00e2nimo para qualquer Vasca\u00edno.<\/em><br \/>\n<em> Voc\u00ea que \u00e9 torcedor Vasca\u00edno se associe, voc\u00ea que ama o Vasco idem, por que vale a pena ajudar o nosso gigante.<\/em><br \/>\n<em> Quero dizer que eu estou a disposi\u00e7\u00e3o da Institui\u00e7\u00e3o Vasco da Gama, enquanto eu estiver como Vereador, pois sou um torcedor e o meu mandato est\u00e1 a disposi\u00e7\u00e3o para ajudar a Na\u00e7\u00e3o Vasca\u00edna e ao nosso Vasco, que a gente possa voltar a ser esse clube vencedor, que sempre fomos, e eu n\u00e3o tenho d\u00favida disso.<\/em><\/p>\n<p>12.1) Ou seja, justificando a sua alcunha de \u201cGigante da Colina\u201d!<\/p>\n<p><em>Exatamente!<\/em><\/p>\n","protected":false},"excerpt":{"rendered":"<p>Entrevistamos o Vereador do Rio de Janeiro, Sr. Alexandre Isquierdo, cujo o mesmo foi incans\u00e1vel&#8230;<\/p>\n","protected":false},"author":3,"featured_media":8703,"comment_status":"open","ping_status":"closed","sticky":false,"template":"","format":"standard","meta":{"footnotes":""},"categories":[18,16],"tags":[],"class_list":["post-8700","post","type-post","status-publish","format-standard","has-post-thumbnail","hentry","category-entrevista","category-marcelopaiva"],"_links":{"self":[{"href":"https:\/\/webvasco.com\/artigos\/wp-json\/wp\/v2\/posts\/8700","targetHints":{"allow":["GET"]}}],"collection":[{"href":"https:\/\/webvasco.com\/artigos\/wp-json\/wp\/v2\/posts"}],"about":[{"href":"https:\/\/webvasco.com\/artigos\/wp-json\/wp\/v2\/types\/post"}],"author":[{"embeddable":true,"href":"https:\/\/webvasco.com\/artigos\/wp-json\/wp\/v2\/users\/3"}],"replies":[{"embeddable":true,"href":"https:\/\/webvasco.com\/artigos\/wp-json\/wp\/v2\/comments?post=8700"}],"version-history":[{"count":4,"href":"https:\/\/webvasco.com\/artigos\/wp-json\/wp\/v2\/posts\/8700\/revisions"}],"predecessor-version":[{"id":8709,"href":"https:\/\/webvasco.com\/artigos\/wp-json\/wp\/v2\/posts\/8700\/revisions\/8709"}],"wp:featuredmedia":[{"embeddable":true,"href":"https:\/\/webvasco.com\/artigos\/wp-json\/wp\/v2\/media\/8703"}],"wp:attachment":[{"href":"https:\/\/webvasco.com\/artigos\/wp-json\/wp\/v2\/media?parent=8700"}],"wp:term":[{"taxonomy":"category","embeddable":true,"href":"https:\/\/webvasco.com\/artigos\/wp-json\/wp\/v2\/categories?post=8700"},{"taxonomy":"post_tag","embeddable":true,"href":"https:\/\/webvasco.com\/artigos\/wp-json\/wp\/v2\/tags?post=8700"}],"curies":[{"name":"wp","href":"https:\/\/api.w.org\/{rel}","templated":true}]}}