{"id":8734,"date":"2019-06-30T11:51:23","date_gmt":"2019-06-30T14:51:23","guid":{"rendered":"http:\/\/webvasco.com\/artigos\/?p=8734"},"modified":"2019-06-30T15:50:46","modified_gmt":"2019-06-30T18:50:46","slug":"elas-o-professor-flavia-alves","status":"publish","type":"post","link":"https:\/\/webvasco.com\/artigos\/temas\/elas-e-o-professor\/elas-o-professor-flavia-alves\/","title":{"rendered":"Elas &amp; o Professor &#8211; Fl\u00e1via Alves"},"content":{"rendered":"<p><strong>ELAS &amp; O PROFESSOR<\/strong><\/p>\n<p><strong>POR LUIZ CARLOS ROCHA<\/strong><\/p>\n<p>A entrevista de junho de 2019, com Fl\u00e1via Alves Lima Gomes da Rocha \u00e9 dedicada \u00e0 \u00darsulla Rocha, uma vasca\u00edna, que \u00e9 a raz\u00e3o do meu viver.<\/p>\n<p><strong>Fl\u00e1via Alves<\/strong>, tamb\u00e9m conhecida como Babalu, que amanh\u00e3 completar\u00e1 43 anos (1 de julho), \u00e9 jornalista, casada, do signo de c\u00e2ncer, moradora de Bras\u00edlia\/DF, sua cidade natal \u00e9 a Vila Real da Praia Grande\/RJ, \u00e9 torcedora das Escolas de Samba Viradouro e Portela. Suas cores prediletas s\u00e3o o preto, rosa, roxo e azul. A m\u00e3e do Pl\u00ednio e da Maria Eduarda curte um bom e velho rock in roll e MPB. O churrasquinho e a cerveja gelada n\u00e3o podem faltar no clube que ela frequenta na Capital Federal.<\/p>\n<p><strong> A contrata\u00e7\u00e3o do treinador Wanderley Luxemburgo foi boa para o Vasco?? <\/strong><\/p>\n<p>Como a contrata\u00e7\u00e3o foi recente, por enquanto n\u00e3o vi grandes mudan\u00e7as. Mas a esperan\u00e7a \u00e9 a \u00faltima que morre. Tenho f\u00e9 que o nosso Vasco vai ressurgir das cinzas.<\/p>\n<p><strong>A parada no Campeonato Brasileiro para a Copa Am\u00e9rica far\u00e1 bem ao Cruzmaltino?<\/strong><\/p>\n<p>Creio que sim.<\/p>\n<p><strong> Qual o setor do campo Luxa deve priorizar na corre\u00e7\u00e3o?<\/strong><\/p>\n<p>A defesa.<\/p>\n<p><strong> A torcida aceitou bem o treinador que t\u00eam fama de ser flamenguista?<\/strong><\/p>\n<p>N\u00e3o muito, viu. Fiquei na d\u00favida quanto a esta contrata\u00e7\u00e3o. Me pegou de surpresa. Mas j\u00e1 que est\u00e1 no comando do time, que fa\u00e7a um excelente trabalho.<\/p>\n<p><strong> O problema do Vasco da Gama s\u00e3o os empres\u00e1rios dos atletas?<\/strong><\/p>\n<p>Creio a alguns atletas s\u00e3o o pr\u00f3prio problema.<\/p>\n<p><strong> O Estatuto deve mudar para que o clube tenha elei\u00e7\u00f5es diretas?<\/strong><\/p>\n<p>Com certeza! Mudar para melhorar.<\/p>\n<p><strong>Edmundo j\u00e1 manifestou desejo de ser presidente, h\u00e1 condi\u00e7\u00f5es?<\/strong><\/p>\n<p>Sou suspeita em falar, porque sou muito f\u00e3 do animal. (sorriu)<\/p>\n<p><strong>O Mach\u00e3o da Gama tem de aprender muito sobre gest\u00e3o com o Palmeiras?<\/strong><\/p>\n<p>Renovar \u00e9 sempre bom. Aprender com outro clube pode melhorar no rendimento e na administra\u00e7\u00e3o.<\/p>\n<p><strong>O que \u00e9 ser Vasco de verdade?<\/strong><\/p>\n<p>\u00c9 n\u00e3o abrir m\u00e3o de ser torcedor s\u00f3 porque o nosso time de cora\u00e7\u00e3o est\u00e1 atravessando uma m\u00e1 fase.<\/p>\n<p><strong> Voc\u00ea ensina aos seus filhos algo sobre o clube?<\/strong><\/p>\n<p>A minha filha \u00e9 torcedora do time desde que nasceu, ela assiste mais jogos do que a m\u00e3e. Quando n\u00e3o assiste, no dia seguinte est\u00e1 ca\u00e7ando sobre o time na internet. Isso \u00e9 bom, pois aprende sobre a hist\u00f3ria do clube, e v\u00ea que nem s\u00f3 do futebol vive o Vasco.<\/p>\n<p><strong> Acompanha as partidas mesmo morando longe?<\/strong><\/p>\n<p>Sim, sempre que poss\u00edvel.<\/p>\n<p><strong> O que \u00e9 mais importante, uma equipe competitiva ou um clube bem administrado no que tange as finan\u00e7as?<\/strong><\/p>\n<p>Um clube bem administrado torna o time mais forte e competitivo<\/p>\n<p><strong>FOTOGRAFIAS FORNECIDAS PELA ENTREVISTADA.<\/strong><\/p>\n<div id='gallery-1' class='gallery galleryid-8734 gallery-columns-3 gallery-size-thumbnail'><figure class='gallery-item'>\n\t\t\t<div class='gallery-icon portrait'>\n\t\t\t\t<a href='https:\/\/webvasco.com\/artigos\/temas\/elas-e-o-professor\/elas-o-professor-flavia-alves\/attachment\/f1\/'><img loading=\"lazy\" decoding=\"async\" width=\"73\" height=\"150\" src=\"https:\/\/webvasco.com\/artigos\/wp-content\/uploads\/2019\/06\/f1-73x150.jpg\" class=\"attachment-thumbnail size-thumbnail\" alt=\"\" srcset=\"https:\/\/webvasco.com\/artigos\/wp-content\/uploads\/2019\/06\/f1-73x150.jpg 73w, https:\/\/webvasco.com\/artigos\/wp-content\/uploads\/2019\/06\/f1-146x300.jpg 146w, https:\/\/webvasco.com\/artigos\/wp-content\/uploads\/2019\/06\/f1-500x1024.jpg 500w, https:\/\/webvasco.com\/artigos\/wp-content\/uploads\/2019\/06\/f1.jpg 527w\" sizes=\"auto, (max-width: 73px) 100vw, 73px\" \/><\/a>\n\t\t\t<\/div><\/figure><figure class='gallery-item'>\n\t\t\t<div class='gallery-icon portrait'>\n\t\t\t\t<a href='https:\/\/webvasco.com\/artigos\/temas\/elas-e-o-professor\/elas-o-professor-flavia-alves\/attachment\/f2\/'><img loading=\"lazy\" decoding=\"async\" width=\"60\" height=\"150\" src=\"https:\/\/webvasco.com\/artigos\/wp-content\/uploads\/2019\/06\/f2-60x150.jpg\" class=\"attachment-thumbnail size-thumbnail\" alt=\"\" srcset=\"https:\/\/webvasco.com\/artigos\/wp-content\/uploads\/2019\/06\/f2-60x150.jpg 60w, https:\/\/webvasco.com\/artigos\/wp-content\/uploads\/2019\/06\/f2-120x300.jpg 120w, https:\/\/webvasco.com\/artigos\/wp-content\/uploads\/2019\/06\/f2-768x1920.jpg 768w, https:\/\/webvasco.com\/artigos\/wp-content\/uploads\/2019\/06\/f2-410x1024.jpg 410w, https:\/\/webvasco.com\/artigos\/wp-content\/uploads\/2019\/06\/f2-1024x2560.jpg 1024w, https:\/\/webvasco.com\/artigos\/wp-content\/uploads\/2019\/06\/f2.jpg 1080w\" sizes=\"auto, (max-width: 60px) 100vw, 60px\" \/><\/a>\n\t\t\t<\/div><\/figure><figure class='gallery-item'>\n\t\t\t<div class='gallery-icon portrait'>\n\t\t\t\t<a href='https:\/\/webvasco.com\/artigos\/temas\/elas-e-o-professor\/elas-o-professor-flavia-alves\/attachment\/f3\/'><img loading=\"lazy\" decoding=\"async\" width=\"88\" height=\"150\" src=\"https:\/\/webvasco.com\/artigos\/wp-content\/uploads\/2019\/06\/f3-88x150.jpg\" class=\"attachment-thumbnail size-thumbnail\" alt=\"\" srcset=\"https:\/\/webvasco.com\/artigos\/wp-content\/uploads\/2019\/06\/f3-88x150.jpg 88w, https:\/\/webvasco.com\/artigos\/wp-content\/uploads\/2019\/06\/f3-175x300.jpg 175w, https:\/\/webvasco.com\/artigos\/wp-content\/uploads\/2019\/06\/f3-768x1313.jpg 768w, https:\/\/webvasco.com\/artigos\/wp-content\/uploads\/2019\/06\/f3-599x1024.jpg 599w, https:\/\/webvasco.com\/artigos\/wp-content\/uploads\/2019\/06\/f3-1024x1751.jpg 1024w\" sizes=\"auto, (max-width: 88px) 100vw, 88px\" \/><\/a>\n\t\t\t<\/div><\/figure><figure class='gallery-item'>\n\t\t\t<div class='gallery-icon portrait'>\n\t\t\t\t<a href='https:\/\/webvasco.com\/artigos\/temas\/elas-e-o-professor\/elas-o-professor-flavia-alves\/attachment\/f4\/'><img loading=\"lazy\" decoding=\"async\" width=\"73\" height=\"150\" src=\"https:\/\/webvasco.com\/artigos\/wp-content\/uploads\/2019\/06\/f4-73x150.jpg\" class=\"attachment-thumbnail size-thumbnail\" alt=\"\" srcset=\"https:\/\/webvasco.com\/artigos\/wp-content\/uploads\/2019\/06\/f4-73x150.jpg 73w, https:\/\/webvasco.com\/artigos\/wp-content\/uploads\/2019\/06\/f4-146x300.jpg 146w, https:\/\/webvasco.com\/artigos\/wp-content\/uploads\/2019\/06\/f4-768x1575.jpg 768w, https:\/\/webvasco.com\/artigos\/wp-content\/uploads\/2019\/06\/f4-499x1024.jpg 499w, https:\/\/webvasco.com\/artigos\/wp-content\/uploads\/2019\/06\/f4-1024x2099.jpg 1024w, https:\/\/webvasco.com\/artigos\/wp-content\/uploads\/2019\/06\/f4.jpg 1592w\" sizes=\"auto, (max-width: 73px) 100vw, 73px\" \/><\/a>\n\t\t\t<\/div><\/figure>\n\t\t<\/div>\n\n","protected":false},"excerpt":{"rendered":"<p>ELAS &amp; O PROFESSOR POR LUIZ CARLOS ROCHA A entrevista de junho de 2019, com&#8230;<\/p>\n","protected":false},"author":7,"featured_media":8735,"comment_status":"open","ping_status":"closed","sticky":false,"template":"","format":"standard","meta":{"footnotes":""},"categories":[27],"tags":[],"class_list":["post-8734","post","type-post","status-publish","format-standard","has-post-thumbnail","hentry","category-elas-e-o-professor"],"_links":{"self":[{"href":"https:\/\/webvasco.com\/artigos\/wp-json\/wp\/v2\/posts\/8734","targetHints":{"allow":["GET"]}}],"collection":[{"href":"https:\/\/webvasco.com\/artigos\/wp-json\/wp\/v2\/posts"}],"about":[{"href":"https:\/\/webvasco.com\/artigos\/wp-json\/wp\/v2\/types\/post"}],"author":[{"embeddable":true,"href":"https:\/\/webvasco.com\/artigos\/wp-json\/wp\/v2\/users\/7"}],"replies":[{"embeddable":true,"href":"https:\/\/webvasco.com\/artigos\/wp-json\/wp\/v2\/comments?post=8734"}],"version-history":[{"count":1,"href":"https:\/\/webvasco.com\/artigos\/wp-json\/wp\/v2\/posts\/8734\/revisions"}],"predecessor-version":[{"id":8739,"href":"https:\/\/webvasco.com\/artigos\/wp-json\/wp\/v2\/posts\/8734\/revisions\/8739"}],"wp:featuredmedia":[{"embeddable":true,"href":"https:\/\/webvasco.com\/artigos\/wp-json\/wp\/v2\/media\/8735"}],"wp:attachment":[{"href":"https:\/\/webvasco.com\/artigos\/wp-json\/wp\/v2\/media?parent=8734"}],"wp:term":[{"taxonomy":"category","embeddable":true,"href":"https:\/\/webvasco.com\/artigos\/wp-json\/wp\/v2\/categories?post=8734"},{"taxonomy":"post_tag","embeddable":true,"href":"https:\/\/webvasco.com\/artigos\/wp-json\/wp\/v2\/tags?post=8734"}],"curies":[{"name":"wp","href":"https:\/\/api.w.org\/{rel}","templated":true}]}}