{"id":8740,"date":"2019-07-26T15:21:58","date_gmt":"2019-07-26T18:21:58","guid":{"rendered":"https:\/\/webvasco.com\/artigos\/?p=8740"},"modified":"2019-10-29T06:43:03","modified_gmt":"2019-10-29T09:43:03","slug":"elas-o-professor-nadia-barbosa","status":"publish","type":"post","link":"https:\/\/webvasco.com\/artigos\/temas\/elas-e-o-professor\/elas-o-professor-nadia-barbosa\/","title":{"rendered":"Elas &amp; o Professor &#8211; N\u00e1dia Barbosa"},"content":{"rendered":"<p><strong>ELAS &amp; O PROFESSOR<\/strong><\/p>\n<p><strong>POR LUIZ CARLOS ROCHA<\/strong><\/p>\n<p>A entrevista de julho de 2019, com N\u00e1dia Regina Barbosa, \u00e9 dedicada \u00e0 \u00darsulla Rocha, minha linda filha vasca\u00edna.<\/p>\n<p><strong>N\u00e1dia Barbosa<\/strong>, 42 anos, \u00e9 cheff gourmet, solteira, do signo de touro, moradora de Niter\u00f3i\/RJ, de ra\u00edzes ga\u00fachas, \u00e9 torcedora das Escolas de Samba Beija-flor e Portela. Sua cor predileta \u00e9 o azul. M\u00e3e de tr\u00eas filhos, gosta de ouvir hip hop, odeia praia e sonha em tirar sua habilita\u00e7\u00e3o para guiar autom\u00f3veis. A \u201ccariucha\u201d que curte gatinhos e cachorrinhos \u00e9 amante da culin\u00e1ria japonesa, mas n\u00e3o dispensa uma boa massa.<\/p>\n<p><strong> O VAR Tem prejudicado o Vasco da Gama? <\/strong><\/p>\n<p>Talvez um pouco.<\/p>\n<p><strong>Vanderlei Luxemburgo teve o tempo da parada do Campeonato Brasileiro para a realiza\u00e7\u00e3o da Copa Am\u00e9rica para treinar a equipe, e mesmo assim n\u00e3o encontrou a forma\u00e7\u00e3o ideal. O que est\u00e1 errado?<\/strong><\/p>\n<p>Tudo. Nunca achei ele um bom treinador.<\/p>\n<p><strong> Alexandre Campello precisa fazer curso de capacita\u00e7\u00e3o para administrar o Vasco?<\/strong><\/p>\n<p>Acho que n\u00e3o.<\/p>\n<p><strong> O Cruzmaltino est\u00e1 rachado politicamente?<\/strong><\/p>\n<p>Est\u00e1 bem bagun\u00e7ado sim.<\/p>\n<p><strong> Das correntes pol\u00edticas apresentadas at\u00e9 o momento, qual a mais capacitada para vencer as pr\u00f3ximas elei\u00e7\u00f5es?<\/strong><\/p>\n<p>Essa \u00e9 uma resposta que ainda n\u00e3o tenho para dar.<\/p>\n<p><strong> At\u00e9 que ponto vai a sua liga\u00e7\u00e3o com o clube? <\/strong><\/p>\n<p>N\u00e3o acompanho por falta de tempo, mas gosto muito do Vasco.<\/p>\n<p><strong>Qual a sua maior loucura de amor pelo Gigante da Colina?<\/strong><\/p>\n<p>Me separei de um marido porque ele n\u00e3o queria que eu fosse torcedora do Vasco. Foi quando ele disse: \u201cEu ou o Vasco\u201d. E a minha resposta imediata e segura foi: \u201co Vasco \u00e9 l\u00f3gico\u201d. (sorriu)<\/p>\n<p><strong>Voc\u00ea acompanha o Vasc\u00e3o nas competi\u00e7\u00f5es? <\/strong><\/p>\n<p>N\u00e3o, por trabalhar muito.<\/p>\n<p><strong>Qual a comida voc\u00ea faria para o treinador? <\/strong><\/p>\n<p>Pelo corpo dele, acho que gosta de massa.<\/p>\n<p><strong> H\u00e1 algum atleta carne de pesco\u00e7o?<\/strong><\/p>\n<p>Hoje nenhum, mas em passado recente o Nen\u00ea.<\/p>\n<p><strong> Qual o jogador voc\u00ea considera o fil\u00e9 mignon? <\/strong><\/p>\n<p>Ramon (lateral esquerdo).<\/p>\n<p><strong> O atual plantel do futebol profissional pode ser considerado uma sopa de entulho?<\/strong><\/p>\n<p>N\u00e3o acho.<\/p>\n<p><strong>FOTOGRAFIA FORNECIDA PELA ENTREVISTADA.<\/strong><\/p>\n<p><a href=\"https:\/\/webvasco.com\/artigos\/wp-content\/uploads\/2019\/07\/WhatsApp-Image-2019-07-22-at-22.03.11.jpeg\" rel=\"attachment wp-att-8741\"><img loading=\"lazy\" decoding=\"async\" class=\"alignnone size-full wp-image-8741\" title=\"whatsapp-image-2019-07-22-at-22-03-11-jpeg\" src=\"https:\/\/webvasco.com\/artigos\/wp-content\/uploads\/2019\/07\/WhatsApp-Image-2019-07-22-at-22.03.11.jpeg\" alt=\"\" width=\"1024\" height=\"1024\" \/><\/a><\/p>\n","protected":false},"excerpt":{"rendered":"<p>ELAS &amp; O PROFESSOR POR LUIZ CARLOS ROCHA A entrevista de julho de 2019, com&#8230;<\/p>\n","protected":false},"author":7,"featured_media":8741,"comment_status":"open","ping_status":"closed","sticky":false,"template":"","format":"standard","meta":{"footnotes":""},"categories":[27],"tags":[],"class_list":["post-8740","post","type-post","status-publish","format-standard","has-post-thumbnail","hentry","category-elas-e-o-professor"],"_links":{"self":[{"href":"https:\/\/webvasco.com\/artigos\/wp-json\/wp\/v2\/posts\/8740","targetHints":{"allow":["GET"]}}],"collection":[{"href":"https:\/\/webvasco.com\/artigos\/wp-json\/wp\/v2\/posts"}],"about":[{"href":"https:\/\/webvasco.com\/artigos\/wp-json\/wp\/v2\/types\/post"}],"author":[{"embeddable":true,"href":"https:\/\/webvasco.com\/artigos\/wp-json\/wp\/v2\/users\/7"}],"replies":[{"embeddable":true,"href":"https:\/\/webvasco.com\/artigos\/wp-json\/wp\/v2\/comments?post=8740"}],"version-history":[{"count":2,"href":"https:\/\/webvasco.com\/artigos\/wp-json\/wp\/v2\/posts\/8740\/revisions"}],"predecessor-version":[{"id":8784,"href":"https:\/\/webvasco.com\/artigos\/wp-json\/wp\/v2\/posts\/8740\/revisions\/8784"}],"wp:featuredmedia":[{"embeddable":true,"href":"https:\/\/webvasco.com\/artigos\/wp-json\/wp\/v2\/media\/8741"}],"wp:attachment":[{"href":"https:\/\/webvasco.com\/artigos\/wp-json\/wp\/v2\/media?parent=8740"}],"wp:term":[{"taxonomy":"category","embeddable":true,"href":"https:\/\/webvasco.com\/artigos\/wp-json\/wp\/v2\/categories?post=8740"},{"taxonomy":"post_tag","embeddable":true,"href":"https:\/\/webvasco.com\/artigos\/wp-json\/wp\/v2\/tags?post=8740"}],"curies":[{"name":"wp","href":"https:\/\/api.w.org\/{rel}","templated":true}]}}