{"id":8760,"date":"2019-08-07T15:19:06","date_gmt":"2019-08-07T18:19:06","guid":{"rendered":"https:\/\/webvasco.com\/artigos\/?p=8760"},"modified":"2019-08-07T15:28:52","modified_gmt":"2019-08-07T18:28:52","slug":"elas-o-professor-dukinha","status":"publish","type":"post","link":"https:\/\/webvasco.com\/artigos\/temas\/elas-e-o-professor\/elas-o-professor-dukinha\/","title":{"rendered":"Elas &amp; o Professor- DUKINHA"},"content":{"rendered":"<p><strong>ELAS &amp; O PROFESSOR<\/strong><\/p>\n<p><strong>POR LUIZ CARLOS ROCHA<\/strong><\/p>\n<p>A entrevista de agosto de 2019, com Maria Eduarda Alves da Rocha Pereira, \u00e9 dedicada \u00e0 \u00darsulla Rocha, a minha eterna fonte de inspira\u00e7\u00e3o.<\/p>\n<p><strong>DUKINHA<\/strong>, 11 anos, estudante do 6\u00ba ano do Ensino Fundamental, solteira, do signo de touro, nascida e criada em Bras\u00edlia\/DF, de fam\u00edlia niteroiense, n\u00e3o tem Escola de Samba do cora\u00e7\u00e3o, mas curte carnaval com sua mam\u00e3e Fl\u00e1via. Suas cores preferidas s\u00e3o preto, roxo e rosa. Tem como melhor amiga Maria Clara. Como toda adolescente ama Fritas, e seu prato predileto fica por conta do feij\u00e3o, arroz e bife, para acompanhar tais batatinhas. A gatinha vasca\u00edna \u00e9 capoeirista, e pretende praticar outro esporte, mas ainda n\u00e3o decidiu qual.<\/p>\n<p><strong> Voc\u00ea se sente mal por ainda n\u00e3o ter visto o Vasco da Gama ser campe\u00e3o brasileiro? <\/strong><\/p>\n<p>Sentir mal n\u00e3o, mas gostaria de ver meu time ser campe\u00e3o.<\/p>\n<p><strong>Prefere ver o time conquistar o Campeonato Brasileiro ou a Copa Libertadores da Am\u00e9rica? <\/strong><\/p>\n<p>Seria importante que o Vasco ganhasse a Libertadores.<\/p>\n<p><strong> O Campeonato Estadual \u00e9 importante?<\/strong><\/p>\n<p>Muito. Fico feliz quando o Vasco conquista.<\/p>\n<p><strong> Voc\u00ea j\u00e1 participou da col\u00f4nia de f\u00e9rias no Cruzmaltino?<\/strong><\/p>\n<p>Ainda n\u00e3o tive essa oportunidade.<\/p>\n<p><strong> Por que voc\u00ea \u00e9 vasca\u00edna?<\/strong><\/p>\n<p>Minha m\u00e3e sempre foi vasca\u00edna e comprou coisas do Vasco. At\u00e9 caderno e l\u00e1pis do Vasco j\u00e1 tive.<\/p>\n<p><strong> Em Bras\u00edlia \u2013DF t\u00eam torcida organizada cruzmaltina, voc\u00ea pertence? <\/strong><\/p>\n<p>Ainda n\u00e3o! S\u00f3 quando eu for maior de idade.<\/p>\n<p><strong>De qual maneira acompanha as partidas de futebol? <\/strong><\/p>\n<p>Pela TV.<\/p>\n<p><strong>Qual time o Mach\u00e3o da Gama tem facilidade para vencer? <\/strong><\/p>\n<p>O Fluminense, eles sempre perdem para o Vasco. \u00c9 o destino. (sorriu)<\/p>\n<p><strong>Voc\u00ea joga futebol? J\u00e1 pensou em ser atleta do Gigante da Colina? <\/strong><\/p>\n<p>Jogo com meu irm\u00e3o, e os amigos que n\u00f3s temos.<\/p>\n<p><strong> S\u00e3o Janu\u00e1rio \u00e9 mais bonito que o Man\u00e9 Garrincha (est\u00e1dios de futebol)? <\/strong><\/p>\n<p>Dif\u00edcil responder. Visitei S\u00e3o Janu\u00e1rio quando era beb\u00ea e o Man\u00e9 Garrincha \u00e9 perto do trabalho da minha m\u00e3e.<\/p>\n<p><strong> Voc\u00ea conhece a hist\u00f3ria do Vasco da Gama? <\/strong><\/p>\n<p>Vagamente. Sei que o clube foi fundado no Rio de Janeiro h\u00e1 mais de 100 anos. E sei que o clube \u00e9 em homenagem ao navegador portugu\u00eas.<\/p>\n<p><strong> Quantos amiguinhos vasca\u00ednos voc\u00ea t\u00eam?<\/strong><\/p>\n<p>Acho que eu conhe\u00e7o uns 2 amiguinhos que gostam do meu time.<\/p>\n<p><strong>FOTOGRAFIAS FORNECIDAS PELA ENTREVISTADA.<\/strong><\/p>\n<p><a href=\"https:\/\/webvasco.com\/artigos\/wp-content\/uploads\/2019\/08\/d9.jpeg\"><img loading=\"lazy\" decoding=\"async\" class=\"alignright size-medium wp-image-8765\" src=\"https:\/\/webvasco.com\/artigos\/wp-content\/uploads\/2019\/08\/d9-255x300.jpeg\" alt=\"\" width=\"255\" height=\"300\" srcset=\"https:\/\/webvasco.com\/artigos\/wp-content\/uploads\/2019\/08\/d9-255x300.jpeg 255w, https:\/\/webvasco.com\/artigos\/wp-content\/uploads\/2019\/08\/d9-128x150.jpeg 128w, https:\/\/webvasco.com\/artigos\/wp-content\/uploads\/2019\/08\/d9-768x902.jpeg 768w, https:\/\/webvasco.com\/artigos\/wp-content\/uploads\/2019\/08\/d9.jpeg 872w\" sizes=\"auto, (max-width: 255px) 100vw, 255px\" \/><\/a> <a href=\"https:\/\/webvasco.com\/artigos\/wp-content\/uploads\/2019\/08\/d8.jpeg\"><img loading=\"lazy\" decoding=\"async\" class=\"alignright size-medium wp-image-8764\" src=\"https:\/\/webvasco.com\/artigos\/wp-content\/uploads\/2019\/08\/d8-213x300.jpeg\" alt=\"\" width=\"213\" height=\"300\" srcset=\"https:\/\/webvasco.com\/artigos\/wp-content\/uploads\/2019\/08\/d8-213x300.jpeg 213w, https:\/\/webvasco.com\/artigos\/wp-content\/uploads\/2019\/08\/d8-107x150.jpeg 107w, https:\/\/webvasco.com\/artigos\/wp-content\/uploads\/2019\/08\/d8.jpeg 518w\" sizes=\"auto, (max-width: 213px) 100vw, 213px\" \/><\/a> <a href=\"https:\/\/webvasco.com\/artigos\/wp-content\/uploads\/2019\/08\/d7.jpeg\"><img loading=\"lazy\" decoding=\"async\" class=\"alignright size-medium wp-image-8763\" src=\"https:\/\/webvasco.com\/artigos\/wp-content\/uploads\/2019\/08\/d7-300x234.jpeg\" alt=\"\" width=\"300\" height=\"234\" srcset=\"https:\/\/webvasco.com\/artigos\/wp-content\/uploads\/2019\/08\/d7-300x234.jpeg 300w, https:\/\/webvasco.com\/artigos\/wp-content\/uploads\/2019\/08\/d7-150x117.jpeg 150w, https:\/\/webvasco.com\/artigos\/wp-content\/uploads\/2019\/08\/d7.jpeg 628w\" sizes=\"auto, (max-width: 300px) 100vw, 300px\" \/><\/a> <a href=\"https:\/\/webvasco.com\/artigos\/wp-content\/uploads\/2019\/08\/d5.jpeg\"><img loading=\"lazy\" decoding=\"async\" class=\"alignright size-medium wp-image-8762\" src=\"https:\/\/webvasco.com\/artigos\/wp-content\/uploads\/2019\/08\/d5-300x208.jpeg\" alt=\"\" width=\"300\" height=\"208\" srcset=\"https:\/\/webvasco.com\/artigos\/wp-content\/uploads\/2019\/08\/d5-300x208.jpeg 300w, https:\/\/webvasco.com\/artigos\/wp-content\/uploads\/2019\/08\/d5-150x104.jpeg 150w, https:\/\/webvasco.com\/artigos\/wp-content\/uploads\/2019\/08\/d5-768x532.jpeg 768w, https:\/\/webvasco.com\/artigos\/wp-content\/uploads\/2019\/08\/d5-1024x709.jpeg 1024w, https:\/\/webvasco.com\/artigos\/wp-content\/uploads\/2019\/08\/d5.jpeg 1280w\" sizes=\"auto, (max-width: 300px) 100vw, 300px\" \/><\/a> <a href=\"https:\/\/webvasco.com\/artigos\/wp-content\/uploads\/2019\/08\/d1.jpeg\"><img loading=\"lazy\" decoding=\"async\" class=\"alignright size-medium wp-image-8761\" src=\"https:\/\/webvasco.com\/artigos\/wp-content\/uploads\/2019\/08\/d1-300x150.jpeg\" alt=\"\" width=\"300\" height=\"150\" srcset=\"https:\/\/webvasco.com\/artigos\/wp-content\/uploads\/2019\/08\/d1-300x150.jpeg 300w, https:\/\/webvasco.com\/artigos\/wp-content\/uploads\/2019\/08\/d1-150x75.jpeg 150w, https:\/\/webvasco.com\/artigos\/wp-content\/uploads\/2019\/08\/d1-768x384.jpeg 768w, https:\/\/webvasco.com\/artigos\/wp-content\/uploads\/2019\/08\/d1-1024x512.jpeg 1024w, https:\/\/webvasco.com\/artigos\/wp-content\/uploads\/2019\/08\/d1.jpeg 1216w\" sizes=\"auto, (max-width: 300px) 100vw, 300px\" \/><\/a><\/p>\n<p>&nbsp;<\/p>\n","protected":false},"excerpt":{"rendered":"<p>ELAS &amp; O PROFESSOR POR LUIZ CARLOS ROCHA A entrevista de agosto de 2019, com&#8230;<\/p>\n","protected":false},"author":7,"featured_media":8761,"comment_status":"open","ping_status":"closed","sticky":false,"template":"","format":"standard","meta":{"footnotes":""},"categories":[27],"tags":[],"class_list":["post-8760","post","type-post","status-publish","format-standard","has-post-thumbnail","hentry","category-elas-e-o-professor"],"_links":{"self":[{"href":"https:\/\/webvasco.com\/artigos\/wp-json\/wp\/v2\/posts\/8760","targetHints":{"allow":["GET"]}}],"collection":[{"href":"https:\/\/webvasco.com\/artigos\/wp-json\/wp\/v2\/posts"}],"about":[{"href":"https:\/\/webvasco.com\/artigos\/wp-json\/wp\/v2\/types\/post"}],"author":[{"embeddable":true,"href":"https:\/\/webvasco.com\/artigos\/wp-json\/wp\/v2\/users\/7"}],"replies":[{"embeddable":true,"href":"https:\/\/webvasco.com\/artigos\/wp-json\/wp\/v2\/comments?post=8760"}],"version-history":[{"count":3,"href":"https:\/\/webvasco.com\/artigos\/wp-json\/wp\/v2\/posts\/8760\/revisions"}],"predecessor-version":[{"id":8768,"href":"https:\/\/webvasco.com\/artigos\/wp-json\/wp\/v2\/posts\/8760\/revisions\/8768"}],"wp:featuredmedia":[{"embeddable":true,"href":"https:\/\/webvasco.com\/artigos\/wp-json\/wp\/v2\/media\/8761"}],"wp:attachment":[{"href":"https:\/\/webvasco.com\/artigos\/wp-json\/wp\/v2\/media?parent=8760"}],"wp:term":[{"taxonomy":"category","embeddable":true,"href":"https:\/\/webvasco.com\/artigos\/wp-json\/wp\/v2\/categories?post=8760"},{"taxonomy":"post_tag","embeddable":true,"href":"https:\/\/webvasco.com\/artigos\/wp-json\/wp\/v2\/tags?post=8760"}],"curies":[{"name":"wp","href":"https:\/\/api.w.org\/{rel}","templated":true}]}}