{"id":8769,"date":"2019-09-27T11:47:54","date_gmt":"2019-09-27T14:47:54","guid":{"rendered":"http:\/\/webvasco.com\/artigos\/?p=8769"},"modified":"2019-09-30T07:01:33","modified_gmt":"2019-09-30T10:01:33","slug":"elas-o-professor-caroline-brasil","status":"publish","type":"post","link":"https:\/\/webvasco.com\/artigos\/temas\/elas-e-o-professor\/elas-o-professor-caroline-brasil\/","title":{"rendered":"ELAS &amp; O PROFESSOR &#8211; CAROLINE BRASIL"},"content":{"rendered":"<p><strong>ELAS &amp; O PROFESSOR<\/strong><\/p>\n<p><strong>POR LUIZ CARLOS ROCHA<\/strong><\/p>\n<p>A entrevista de setembro de 2019, com Caroline Brasil, \u00e9 dedicada \u00e0 princesa \u00darsulla Rocha, a minha maior vasca\u00edna.<\/p>\n<p><strong>CAROLINE BRASIL<\/strong>, 25 anos, publicit\u00e1ria, casada, do signo de capric\u00f3rnio, moradora de Jardim Am\u00e9rica\/RJ, n\u00e3o tem Escola de Samba do cora\u00e7\u00e3o, mam\u00e3e de um menino. Suas cores preferidas s\u00e3o o preto e o branco. Adora viajar, \u00e9 extremamente conectada as redes sociais. Tamb\u00e9m gosta de ouvir (e dan\u00e7ar) m\u00fasica, \u00e9 bem ecl\u00e9tica. Ama um churrasco.<\/p>\n<p><strong> Voc\u00ea acha que o VAR t\u00eam prejudicado o Vasco da Gama?<\/strong><\/p>\n<p>Infelizmente sim.<\/p>\n<p><strong>Se considera uma torcedora fan\u00e1tica?<\/strong><\/p>\n<p>Sim. As vezes me controlo para n\u00e3o discutir com torcedores de times advers\u00e1rios e estou sempre incluindo o Vasco no meu dia-a-dia.<\/p>\n<p><strong> Talles Magno j\u00e1 \u00e9 um craque ou ainda uma promessa?<\/strong><\/p>\n<p>Apesar de eu achar que ele precisa melhorar, \u00e9 sim um craque.<\/p>\n<p><strong> O clube perdeu os ex-presidentes Ant\u00f4nio Soares Cal\u00e7ada e Eurico Miranda. Qual morte foi mais sentida?<\/strong><\/p>\n<p>Por ter sido o dirigente mais ir\u00f4nico do Vasco, o Eurico.<\/p>\n<p><strong> Que \u00eddolo gostaria de ter visto jogado?<\/strong><\/p>\n<p>Roberto Dinamite.<\/p>\n<p><strong> Deseja ver Vanderlei Luxemburgo treinando o Cruzmaltino em 2020?<\/strong><\/p>\n<p>N\u00e3o h\u00e1 treinador perfeito, mas confio no trabalho do Luxemburgo. Por mim ele fica em 2020.<\/p>\n<p><strong>\u00c9 mais importante equilibrar as finan\u00e7as ou ganhar t\u00edtulos?<\/strong><\/p>\n<p>Equilibrar as finan\u00e7as ajusta muitas \u00e1reas do time, logo h\u00e1 possibilidades de boas contrata\u00e7\u00f5es, e consequentemente, ganhamos mais t\u00edtulos.<\/p>\n<p><strong>Ir ao est\u00e1dio \u00e9 fundamental para apoiar o time, ou torcer de casa est\u00e1 valendo tamb\u00e9m?<\/strong><\/p>\n<p>Os dois contam, mas a presen\u00e7a no est\u00e1dio sem d\u00favidas ajuda muito a &#8220;empurrar&#8221; o time.<\/p>\n<p><strong>Voc\u00ea incentiva as pessoas a torcerem pelo Mach\u00e3o da Gama?<\/strong><\/p>\n<p>Sempre.<\/p>\n<p><strong> J\u00e1 contribuiu com a cota pecuni\u00e1ria para o o novo Centro de Treinamento do Vasco?<\/strong><\/p>\n<p>N\u00e3o. Por\u00e9m, n\u00e3o descartei a hip\u00f3tese, e provavelmente irei ajudar.<\/p>\n<p><strong> Alguma vez voc\u00ea batizou seu animalzinho de estima\u00e7\u00e3o com o nome de atleta vasca\u00edno?<\/strong><\/p>\n<p>Animal de estima\u00e7\u00e3o eu n\u00e3o tenho. Mas j\u00e1 batizei um ursinho (de pel\u00facia) com o nome de Bernardo, na \u00e9poca em que o mesmo jogava no clube.<\/p>\n<p><strong> A melhor defesa \u00e9 o ataque?<\/strong><\/p>\n<p>Nem sempre. Acho que o time precisa estar alinhado. Se n\u00e3o houver um equil\u00edbrio, \u00e9 impossivel ser eficiente. N\u00e3o adianta ter um bom ataque com uma defesa ruim e vice versa.<\/p>\n<p><strong>FOTOGRAFIAS FORNECIDAS PELA ENTREVISTADA.<\/strong><\/p>\n<div id='gallery-1' class='gallery galleryid-8769 gallery-columns-3 gallery-size-thumbnail'><figure class='gallery-item'>\n\t\t\t<div class='gallery-icon portrait'>\n\t\t\t\t<a href='https:\/\/webvasco.com\/artigos\/temas\/elas-e-o-professor\/elas-o-professor-caroline-brasil\/attachment\/cb5\/'><img loading=\"lazy\" decoding=\"async\" width=\"150\" height=\"150\" src=\"https:\/\/webvasco.com\/artigos\/wp-content\/uploads\/2019\/09\/cb5-150x150.jpeg\" class=\"attachment-thumbnail size-thumbnail\" alt=\"\" srcset=\"https:\/\/webvasco.com\/artigos\/wp-content\/uploads\/2019\/09\/cb5-150x150.jpeg 150w, https:\/\/webvasco.com\/artigos\/wp-content\/uploads\/2019\/09\/cb5-300x300.jpeg 300w, https:\/\/webvasco.com\/artigos\/wp-content\/uploads\/2019\/09\/cb5-768x771.jpeg 768w, https:\/\/webvasco.com\/artigos\/wp-content\/uploads\/2019\/09\/cb5-1020x1024.jpeg 1020w, https:\/\/webvasco.com\/artigos\/wp-content\/uploads\/2019\/09\/cb5-1024x1028.jpeg 1024w, https:\/\/webvasco.com\/artigos\/wp-content\/uploads\/2019\/09\/cb5.jpeg 1080w\" sizes=\"auto, (max-width: 150px) 100vw, 150px\" \/><\/a>\n\t\t\t<\/div><\/figure><figure class='gallery-item'>\n\t\t\t<div class='gallery-icon portrait'>\n\t\t\t\t<a href='https:\/\/webvasco.com\/artigos\/temas\/elas-e-o-professor\/elas-o-professor-caroline-brasil\/attachment\/cb\/'><img loading=\"lazy\" decoding=\"async\" width=\"84\" height=\"150\" src=\"https:\/\/webvasco.com\/artigos\/wp-content\/uploads\/2019\/09\/cb-84x150.jpeg\" class=\"attachment-thumbnail size-thumbnail\" alt=\"\" srcset=\"https:\/\/webvasco.com\/artigos\/wp-content\/uploads\/2019\/09\/cb-84x150.jpeg 84w, https:\/\/webvasco.com\/artigos\/wp-content\/uploads\/2019\/09\/cb-168x300.jpeg 168w, https:\/\/webvasco.com\/artigos\/wp-content\/uploads\/2019\/09\/cb-574x1024.jpeg 574w, https:\/\/webvasco.com\/artigos\/wp-content\/uploads\/2019\/09\/cb.jpeg 688w\" sizes=\"auto, (max-width: 84px) 100vw, 84px\" \/><\/a>\n\t\t\t<\/div><\/figure><figure class='gallery-item'>\n\t\t\t<div class='gallery-icon landscape'>\n\t\t\t\t<a href='https:\/\/webvasco.com\/artigos\/temas\/elas-e-o-professor\/elas-o-professor-caroline-brasil\/attachment\/cb2\/'><img loading=\"lazy\" decoding=\"async\" width=\"150\" height=\"144\" src=\"https:\/\/webvasco.com\/artigos\/wp-content\/uploads\/2019\/09\/cb2-150x144.jpeg\" class=\"attachment-thumbnail size-thumbnail\" alt=\"\" srcset=\"https:\/\/webvasco.com\/artigos\/wp-content\/uploads\/2019\/09\/cb2-150x144.jpeg 150w, https:\/\/webvasco.com\/artigos\/wp-content\/uploads\/2019\/09\/cb2-300x288.jpeg 300w, https:\/\/webvasco.com\/artigos\/wp-content\/uploads\/2019\/09\/cb2-768x739.jpeg 768w, https:\/\/webvasco.com\/artigos\/wp-content\/uploads\/2019\/09\/cb2-1024x985.jpeg 1024w, https:\/\/webvasco.com\/artigos\/wp-content\/uploads\/2019\/09\/cb2.jpeg 1042w\" sizes=\"auto, (max-width: 150px) 100vw, 150px\" \/><\/a>\n\t\t\t<\/div><\/figure><figure class='gallery-item'>\n\t\t\t<div class='gallery-icon landscape'>\n\t\t\t\t<a href='https:\/\/webvasco.com\/artigos\/temas\/elas-e-o-professor\/elas-o-professor-caroline-brasil\/attachment\/cb3\/'><img loading=\"lazy\" decoding=\"async\" width=\"150\" height=\"73\" src=\"https:\/\/webvasco.com\/artigos\/wp-content\/uploads\/2019\/09\/cb3-150x73.jpeg\" class=\"attachment-thumbnail size-thumbnail\" alt=\"\" srcset=\"https:\/\/webvasco.com\/artigos\/wp-content\/uploads\/2019\/09\/cb3-150x73.jpeg 150w, https:\/\/webvasco.com\/artigos\/wp-content\/uploads\/2019\/09\/cb3-300x146.jpeg 300w, https:\/\/webvasco.com\/artigos\/wp-content\/uploads\/2019\/09\/cb3-768x374.jpeg 768w, https:\/\/webvasco.com\/artigos\/wp-content\/uploads\/2019\/09\/cb3-1024x498.jpeg 1024w, https:\/\/webvasco.com\/artigos\/wp-content\/uploads\/2019\/09\/cb3.jpeg 1056w\" sizes=\"auto, (max-width: 150px) 100vw, 150px\" \/><\/a>\n\t\t\t<\/div><\/figure><figure class='gallery-item'>\n\t\t\t<div class='gallery-icon portrait'>\n\t\t\t\t<a href='https:\/\/webvasco.com\/artigos\/temas\/elas-e-o-professor\/elas-o-professor-caroline-brasil\/attachment\/cb4\/'><img loading=\"lazy\" decoding=\"async\" width=\"106\" height=\"150\" src=\"https:\/\/webvasco.com\/artigos\/wp-content\/uploads\/2019\/09\/cb4-106x150.jpeg\" class=\"attachment-thumbnail size-thumbnail\" alt=\"\" srcset=\"https:\/\/webvasco.com\/artigos\/wp-content\/uploads\/2019\/09\/cb4-106x150.jpeg 106w, https:\/\/webvasco.com\/artigos\/wp-content\/uploads\/2019\/09\/cb4-212x300.jpeg 212w, https:\/\/webvasco.com\/artigos\/wp-content\/uploads\/2019\/09\/cb4.jpeg 718w\" sizes=\"auto, (max-width: 106px) 100vw, 106px\" \/><\/a>\n\t\t\t<\/div><\/figure>\n\t\t<\/div>\n\n","protected":false},"excerpt":{"rendered":"<p>ELAS &amp; O PROFESSOR POR LUIZ CARLOS ROCHA A entrevista de setembro de 2019, com&#8230;<\/p>\n","protected":false},"author":7,"featured_media":8773,"comment_status":"open","ping_status":"closed","sticky":false,"template":"","format":"standard","meta":{"footnotes":""},"categories":[27],"tags":[],"class_list":["post-8769","post","type-post","status-publish","format-standard","has-post-thumbnail","hentry","category-elas-e-o-professor"],"_links":{"self":[{"href":"https:\/\/webvasco.com\/artigos\/wp-json\/wp\/v2\/posts\/8769","targetHints":{"allow":["GET"]}}],"collection":[{"href":"https:\/\/webvasco.com\/artigos\/wp-json\/wp\/v2\/posts"}],"about":[{"href":"https:\/\/webvasco.com\/artigos\/wp-json\/wp\/v2\/types\/post"}],"author":[{"embeddable":true,"href":"https:\/\/webvasco.com\/artigos\/wp-json\/wp\/v2\/users\/7"}],"replies":[{"embeddable":true,"href":"https:\/\/webvasco.com\/artigos\/wp-json\/wp\/v2\/comments?post=8769"}],"version-history":[{"count":1,"href":"https:\/\/webvasco.com\/artigos\/wp-json\/wp\/v2\/posts\/8769\/revisions"}],"predecessor-version":[{"id":8775,"href":"https:\/\/webvasco.com\/artigos\/wp-json\/wp\/v2\/posts\/8769\/revisions\/8775"}],"wp:featuredmedia":[{"embeddable":true,"href":"https:\/\/webvasco.com\/artigos\/wp-json\/wp\/v2\/media\/8773"}],"wp:attachment":[{"href":"https:\/\/webvasco.com\/artigos\/wp-json\/wp\/v2\/media?parent=8769"}],"wp:term":[{"taxonomy":"category","embeddable":true,"href":"https:\/\/webvasco.com\/artigos\/wp-json\/wp\/v2\/categories?post=8769"},{"taxonomy":"post_tag","embeddable":true,"href":"https:\/\/webvasco.com\/artigos\/wp-json\/wp\/v2\/tags?post=8769"}],"curies":[{"name":"wp","href":"https:\/\/api.w.org\/{rel}","templated":true}]}}