{"id":8777,"date":"2019-10-28T23:13:33","date_gmt":"2019-10-29T02:13:33","guid":{"rendered":"http:\/\/webvasco.com\/artigos\/?p=8777"},"modified":"2019-10-29T06:39:10","modified_gmt":"2019-10-29T09:39:10","slug":"elas-o-professor-iasmin-gomes","status":"publish","type":"post","link":"https:\/\/webvasco.com\/artigos\/temas\/elas-e-o-professor\/elas-o-professor-iasmin-gomes\/","title":{"rendered":"ELAS &amp; O PROFESSOR &#8211; IASMIN GOMES"},"content":{"rendered":"<p><strong>ELAS &amp; O PROFESSOR<\/strong><\/p>\n<p><strong>POR LUIZ CARLOS ROCHA<\/strong><\/p>\n<p>A entrevista de outubro de 2019, com Iasmin do Esp\u00edrito Santo Gomes, \u00e9 dedicada a super vasca\u00edna \u00darsulla Rocha, o meu maior amor!<\/p>\n<p><strong>IASMIN GOMES<\/strong>, 23 anos, publicit\u00e1ria e estudante de marketing, solteira, do signo de vigem, moradora de Duque de Caxias\/RJ, sua Escola de Samba do cora\u00e7\u00e3o \u00e9 a Grande Rio. Adora sair com os amigos e degustar uma boa feijoada.<\/p>\n<p><strong> Voc\u00ea apoia as elei\u00e7\u00f5es diretas no Vasco da Gama?<\/strong><\/p>\n<p>Sim.<\/p>\n<p><strong>At\u00e9 que ponto o novo Centro de Treinamento ir\u00e1 melhorar o rendimento do futebol profissional nas competi\u00e7\u00f5es?<\/strong><\/p>\n<p>Tendo melhores condi\u00e7\u00f5es de trabalho para os jogadores.<\/p>\n<p><strong> O presidente Alexandre Campello deve priorizar as contas ou os t\u00edtulos? <\/strong><\/p>\n<p>As contas.<\/p>\n<p><strong> A morte do atacante Thalles, em 22 de junho abalou consideravelmente o Cruzmaltino?<\/strong><\/p>\n<p>Abalou.<\/p>\n<p><strong> As categorias de base do Mach\u00e3o da Gama ainda s\u00e3o muito respeitadas no cen\u00e1rio do futebol? <\/strong><\/p>\n<p>Claro.<\/p>\n<p><strong> O Vasco deveria entrar em campo com uma camisa rosa, no m\u00eas de outubro, em alus\u00e3o ao c\u00e2ncer de mama?<\/strong><\/p>\n<p>Sim.<\/p>\n<p><strong>Qual foi a grande publicidade do clube de todos os tempos?<\/strong><\/p>\n<p>A parceria com a Coca-Cola em 1988.<\/p>\n<p><strong>Qual atleta do atual plantel ser\u00e1 o \u201cgaroto propaganda\u201d do Gigante da Colina?<\/strong><\/p>\n<p>Talles Magno.<\/p>\n<p><strong>Sonhar n\u00e3o custa nada: Vasco e Flamengo far\u00e3o a final da Libertadores, em 2020, no Maracan\u00e3?<\/strong><\/p>\n<p>Infelizmente n\u00e3o. Mas sonhar n\u00e3o custa, n\u00e3o \u00e9?<\/p>\n<p><strong> Qual o seu amuleto vasca\u00edno?<\/strong><\/p>\n<p>Ultimamente todos os santos.<\/p>\n<p><strong> Que tipo de investimento ser\u00e1 necess\u00e1rio para a pr\u00f3xima temporada?<\/strong><\/p>\n<p>Um meia de liga\u00e7\u00e3o e um centroavante.<\/p>\n<p><strong> A<\/strong> <strong>propaganda \u00e9 a alma do neg\u00f3cio? Ou seja, o Vasc\u00e3o tem de divulgar todos os bons feitos?<\/strong><\/p>\n<p>Sim.<\/p>\n<p><strong>FOTOGRAFIAS FORNECIDAS PELA ENTREVISTADA.<\/strong><\/p>\n<p>&nbsp;<\/p>\n<p>&nbsp;<\/p>\n<div id='gallery-1' class='gallery galleryid-8777 gallery-columns-3 gallery-size-thumbnail'><figure class='gallery-item'>\n\t\t\t<div class='gallery-icon landscape'>\n\t\t\t\t<a href='https:\/\/webvasco.com\/artigos\/temas\/elas-e-o-professor\/elas-o-professor-iasmin-gomes\/attachment\/whatsapp-image-2019-10-24-at-16-03-31\/'><img loading=\"lazy\" decoding=\"async\" width=\"150\" height=\"113\" src=\"https:\/\/webvasco.com\/artigos\/wp-content\/uploads\/2019\/10\/WhatsApp-Image-2019-10-24-at-16.03.31-150x113.jpeg\" class=\"attachment-thumbnail size-thumbnail\" alt=\"\" srcset=\"https:\/\/webvasco.com\/artigos\/wp-content\/uploads\/2019\/10\/WhatsApp-Image-2019-10-24-at-16.03.31-150x113.jpeg 150w, https:\/\/webvasco.com\/artigos\/wp-content\/uploads\/2019\/10\/WhatsApp-Image-2019-10-24-at-16.03.31-300x225.jpeg 300w, https:\/\/webvasco.com\/artigos\/wp-content\/uploads\/2019\/10\/WhatsApp-Image-2019-10-24-at-16.03.31-768x576.jpeg 768w, https:\/\/webvasco.com\/artigos\/wp-content\/uploads\/2019\/10\/WhatsApp-Image-2019-10-24-at-16.03.31-1024x768.jpeg 1024w, https:\/\/webvasco.com\/artigos\/wp-content\/uploads\/2019\/10\/WhatsApp-Image-2019-10-24-at-16.03.31.jpeg 1280w\" sizes=\"auto, (max-width: 150px) 100vw, 150px\" \/><\/a>\n\t\t\t<\/div><\/figure><figure class='gallery-item'>\n\t\t\t<div class='gallery-icon landscape'>\n\t\t\t\t<a href='https:\/\/webvasco.com\/artigos\/temas\/elas-e-o-professor\/elas-o-professor-iasmin-gomes\/attachment\/whatsapp-image-2019-10-24-at-16-03-32-1\/'><img loading=\"lazy\" decoding=\"async\" width=\"150\" height=\"112\" src=\"https:\/\/webvasco.com\/artigos\/wp-content\/uploads\/2019\/10\/WhatsApp-Image-2019-10-24-at-16.03.32-1-150x112.jpeg\" class=\"attachment-thumbnail size-thumbnail\" alt=\"\" srcset=\"https:\/\/webvasco.com\/artigos\/wp-content\/uploads\/2019\/10\/WhatsApp-Image-2019-10-24-at-16.03.32-1-150x112.jpeg 150w, https:\/\/webvasco.com\/artigos\/wp-content\/uploads\/2019\/10\/WhatsApp-Image-2019-10-24-at-16.03.32-1-300x225.jpeg 300w, https:\/\/webvasco.com\/artigos\/wp-content\/uploads\/2019\/10\/WhatsApp-Image-2019-10-24-at-16.03.32-1-768x575.jpeg 768w, https:\/\/webvasco.com\/artigos\/wp-content\/uploads\/2019\/10\/WhatsApp-Image-2019-10-24-at-16.03.32-1-1024x767.jpeg 1024w, https:\/\/webvasco.com\/artigos\/wp-content\/uploads\/2019\/10\/WhatsApp-Image-2019-10-24-at-16.03.32-1.jpeg 1280w\" sizes=\"auto, (max-width: 150px) 100vw, 150px\" \/><\/a>\n\t\t\t<\/div><\/figure><figure class='gallery-item'>\n\t\t\t<div class='gallery-icon landscape'>\n\t\t\t\t<a href='https:\/\/webvasco.com\/artigos\/temas\/elas-e-o-professor\/elas-o-professor-iasmin-gomes\/attachment\/whatsapp-image-2019-10-24-at-16-03-32-2\/'><img loading=\"lazy\" decoding=\"async\" width=\"150\" height=\"108\" src=\"https:\/\/webvasco.com\/artigos\/wp-content\/uploads\/2019\/10\/WhatsApp-Image-2019-10-24-at-16.03.32-2-150x108.jpeg\" class=\"attachment-thumbnail size-thumbnail\" alt=\"\" srcset=\"https:\/\/webvasco.com\/artigos\/wp-content\/uploads\/2019\/10\/WhatsApp-Image-2019-10-24-at-16.03.32-2-150x108.jpeg 150w, https:\/\/webvasco.com\/artigos\/wp-content\/uploads\/2019\/10\/WhatsApp-Image-2019-10-24-at-16.03.32-2-300x215.jpeg 300w, https:\/\/webvasco.com\/artigos\/wp-content\/uploads\/2019\/10\/WhatsApp-Image-2019-10-24-at-16.03.32-2-768x551.jpeg 768w, https:\/\/webvasco.com\/artigos\/wp-content\/uploads\/2019\/10\/WhatsApp-Image-2019-10-24-at-16.03.32-2-1024x735.jpeg 1024w, https:\/\/webvasco.com\/artigos\/wp-content\/uploads\/2019\/10\/WhatsApp-Image-2019-10-24-at-16.03.32-2.jpeg 1156w\" sizes=\"auto, (max-width: 150px) 100vw, 150px\" \/><\/a>\n\t\t\t<\/div><\/figure><figure class='gallery-item'>\n\t\t\t<div class='gallery-icon landscape'>\n\t\t\t\t<a href='https:\/\/webvasco.com\/artigos\/temas\/elas-e-o-professor\/elas-o-professor-iasmin-gomes\/attachment\/whatsapp-image-2019-10-24-at-16-03-32-4\/'><img loading=\"lazy\" decoding=\"async\" width=\"150\" height=\"144\" src=\"https:\/\/webvasco.com\/artigos\/wp-content\/uploads\/2019\/10\/WhatsApp-Image-2019-10-24-at-16.03.32-4-150x144.jpeg\" class=\"attachment-thumbnail size-thumbnail\" alt=\"\" srcset=\"https:\/\/webvasco.com\/artigos\/wp-content\/uploads\/2019\/10\/WhatsApp-Image-2019-10-24-at-16.03.32-4-150x144.jpeg 150w, https:\/\/webvasco.com\/artigos\/wp-content\/uploads\/2019\/10\/WhatsApp-Image-2019-10-24-at-16.03.32-4-300x289.jpeg 300w, https:\/\/webvasco.com\/artigos\/wp-content\/uploads\/2019\/10\/WhatsApp-Image-2019-10-24-at-16.03.32-4.jpeg 690w\" sizes=\"auto, (max-width: 150px) 100vw, 150px\" \/><\/a>\n\t\t\t<\/div><\/figure>\n\t\t<\/div>\n\n","protected":false},"excerpt":{"rendered":"<p>ELAS &amp; O PROFESSOR POR LUIZ CARLOS ROCHA A entrevista de outubro de 2019, com&#8230;<\/p>\n","protected":false},"author":7,"featured_media":8779,"comment_status":"open","ping_status":"closed","sticky":false,"template":"","format":"standard","meta":{"footnotes":""},"categories":[27],"tags":[],"class_list":["post-8777","post","type-post","status-publish","format-standard","has-post-thumbnail","hentry","category-elas-e-o-professor"],"_links":{"self":[{"href":"https:\/\/webvasco.com\/artigos\/wp-json\/wp\/v2\/posts\/8777","targetHints":{"allow":["GET"]}}],"collection":[{"href":"https:\/\/webvasco.com\/artigos\/wp-json\/wp\/v2\/posts"}],"about":[{"href":"https:\/\/webvasco.com\/artigos\/wp-json\/wp\/v2\/types\/post"}],"author":[{"embeddable":true,"href":"https:\/\/webvasco.com\/artigos\/wp-json\/wp\/v2\/users\/7"}],"replies":[{"embeddable":true,"href":"https:\/\/webvasco.com\/artigos\/wp-json\/wp\/v2\/comments?post=8777"}],"version-history":[{"count":2,"href":"https:\/\/webvasco.com\/artigos\/wp-json\/wp\/v2\/posts\/8777\/revisions"}],"predecessor-version":[{"id":8783,"href":"https:\/\/webvasco.com\/artigos\/wp-json\/wp\/v2\/posts\/8777\/revisions\/8783"}],"wp:featuredmedia":[{"embeddable":true,"href":"https:\/\/webvasco.com\/artigos\/wp-json\/wp\/v2\/media\/8779"}],"wp:attachment":[{"href":"https:\/\/webvasco.com\/artigos\/wp-json\/wp\/v2\/media?parent=8777"}],"wp:term":[{"taxonomy":"category","embeddable":true,"href":"https:\/\/webvasco.com\/artigos\/wp-json\/wp\/v2\/categories?post=8777"},{"taxonomy":"post_tag","embeddable":true,"href":"https:\/\/webvasco.com\/artigos\/wp-json\/wp\/v2\/tags?post=8777"}],"curies":[{"name":"wp","href":"https:\/\/api.w.org\/{rel}","templated":true}]}}