{"id":8787,"date":"2019-11-24T16:59:26","date_gmt":"2019-11-24T19:59:26","guid":{"rendered":"http:\/\/webvasco.com\/artigos\/?p=8787"},"modified":"2019-11-25T10:23:58","modified_gmt":"2019-11-25T13:23:58","slug":"o-silencio-e-o-santuario-da-prudencia","status":"publish","type":"post","link":"https:\/\/webvasco.com\/artigos\/colunistas\/andrepedro\/o-silencio-e-o-santuario-da-prudencia\/","title":{"rendered":"O sil\u00eancio \u00e9 o santu\u00e1rio da prud\u00eancia"},"content":{"rendered":"<p style=\"text-align: right;\"><em>\u201cO sil\u00eancio \u00e9 o santu\u00e1rio da prud\u00eancia\u201d <\/em><\/p>\n<p style=\"text-align: right;\">(Baltasar Graci\u00e1n)<\/p>\n<p>Amigos vasca\u00ednos!<\/p>\n<p>Ontem eu \u201centrei em off\u201d faltando exatamente 5 minutos para o in\u00edcio do jogo. Soube que o Flamengo estava perdendo por conta de meu cunhado e soube da virada por motivos \u00f3bvios: a gritaria fan\u00e1tica dos flamenguistas, pois moro pr\u00f3ximo a uma \u00e1rea de intensa atividade social, com bares, lanchonetes, quiosques e etc. Posso, portanto, ter o orgulho de afirmar que n\u00e3o fui uma das pessoas que deu audi\u00eancia ao Flamengo e ajudou a que seu \u00edndice de audi\u00eancia (45 pontos) fosse menor inclusive que Fluminense e LDU (47 pontos), anos atr\u00e1s. Isso \u00e9 importante? Claro sim! Na pior das hip\u00f3teses comprovou definitivamente que a tese que o Flamengo d\u00e1 mais audi\u00eancia que os demais clubes \u00e9 falsa, mostrando que isso tudo n\u00e3o passa de \u201cdesculpa\u201d para que a Globo \u201cpatrocine\u201d seu time favorito com cotas maiores.<\/p>\n<p>J\u00e1 deitado para dormir, vi rapidamente algumas mensagens de amigos nas redes sociais. Havia um mix de decep\u00e7\u00e3o, raiva e at\u00e9 desist\u00eancia&#8230; Sim! Desist\u00eancia&#8230;. Vi v\u00e1rias mensagens de pessoas que acreditam que a situa\u00e7\u00e3o \u00e9 irrevers\u00edvel e que n\u00e3o adianta mais lutar, pois nosso clube n\u00e3o ir\u00e1 melhorar e o Flamengo ir\u00e1 crescer mais ainda.<\/p>\n<p>Minha vontade sincera era de n\u00e3o escrever e nem falar sobre o assunto. O sil\u00eancio \u00e9 muito bom nessas horas, e o t\u00edtulo deste artigo n\u00e3o \u00e9 mera coincid\u00eancia. Foi esse mesmo sil\u00eancio me fez pensar e refletir que seria necess\u00e1rio compartilhar algo com os amigos. E aqui vamos:<\/p>\n<p>A primeira conclus\u00e3o que fa\u00e7o quest\u00e3o de compartilhar \u00e9: <strong>O Flamengo n\u00e3o \u00e9 mais nosso principal rival<\/strong>! Esque\u00e7am o Flamengo!<\/p>\n<p>SIM! Esque\u00e7am ele&#8230;.<\/p>\n<p>E por qu\u00ea? Muito simples: eles fizeram o dever de casa&#8230; foram pragm\u00e1ticos e arrumaram o clube financeiramente.<\/p>\n<p>Mas tiveram ajuda da m\u00eddia e da arbitragem? Sim! Nenhuma pessoa sensata ir\u00e1 discordar disso&#8230; Mas sinceramente, eu j\u00e1 sei que eles tem essa ajuda desde que eu me tornei s\u00f3cio do clube, h\u00e1 mais de 30 anos atr\u00e1s. <strong>E o Vasco sempre brigou de igual com eles<\/strong>. Portanto, o que realmente difere hoje nosso clube do deles <strong>\u00e9 o dinheiro<\/strong>! Eles foram pragm\u00e1ticos e enriqueceram o clube deles, lhes dando <strong>poder de fogo<\/strong> para contrata\u00e7\u00f5es caras, n\u00e3o apenas de atletas, mas de um t\u00e9cnico de ponta. E o que nosso clube fez nesse tempo? Nossos dirigentes nos \u00faltimos 30 anos fizeram o caminho contr\u00e1rio: <strong>esvaziaram os cofres do clube<\/strong>!<\/p>\n<p>Portanto, <strong>esque\u00e7am o Flamengo<\/strong>! Estamos discutindo o foco errado! Eles est\u00e3o surfando na melhor onda porque fizeram por onde, e v\u00e3o continuar surfando nela por um bom tempo! Podemos vencer eles nos confrontos diretos futuros? Sim! At\u00e9 porque \u00e9 futebol! <strong>Mas nosso maior rival real \u00e9 outro<\/strong>!<\/p>\n<p>E nesse \u201cnovo rival\u201d, \u00e9 que entra a segunda conclus\u00e3o que tamb\u00e9m fa\u00e7o quest\u00e3o de compartilhar: em primeiro lugar, <strong>o Vasco \u00e9 s\u00f3 para quem \u00e9 forte<\/strong>! Fomos <strong>discriminados<\/strong> desde o nosso nascedouro! Fomos tratados como \u201c<strong>seres inferiores<\/strong>\u201d&#8230; Fomos discriminados <strong>at\u00e9 por n\u00e3o ter est\u00e1dio<\/strong>! Temos a <strong>principal m\u00eddia do Brasil contra n\u00f3s<\/strong> sempre <strong>diminuindo nossos m\u00e9ritos<\/strong> e <strong>amplificando nossos erros<\/strong>! Algum de n\u00f3s espera que algo miraculoso ir\u00e1 cair do c\u00e9u e nos ajudar a sair do buraco que estamos?<\/p>\n<p>Claro que n\u00e3o! Acordem! Se voc\u00ea, que est\u00e1 lendo estas linhas n\u00e3o for forte, n\u00e3o for determinado(a), e n\u00e3o for resiliente, voc\u00ea quer mesmo torcer para o Vasco? Vasca\u00edno \u00e9 ra\u00edz! <strong>Vasca\u00edno \u00e9 sin\u00f4nimo de coragem<\/strong>! \u00c9 <strong>lutar contra o sistema<\/strong> e mostrar a esse sistema que existimos e merecemos respeito! <strong>Ser vasca\u00edno \u00e9 ser forte<\/strong>!<\/p>\n<p><strong>Se voc\u00ea n\u00e3o se sente em condi\u00e7\u00f5es de lutar, tudo bem<\/strong>. Cada um sabe onde o seu calo d\u00f3i&#8230; Siga seu caminho e tenha o Vasco em um lugar de carinho em seu cora\u00e7\u00e3o! Mas se voc\u00ea, que ainda tem energia e <strong>possui valores morais compat\u00edveis com a grandeza hist\u00f3rica do Vasco<\/strong> e com <strong>o exemplo que nossos antepassados nos deram<\/strong>, fazendo nosso clube possuir uma das hist\u00f3rias mais lindas e exemplares do mundo esportivo, ent\u00e3o <strong>se fa\u00e7a merecedor de carregar a Cruz Templ\u00e1ria em seu peito<\/strong>! Sacuda a poeira, jogue fora o des\u00e2nimo e encha o peito de energia e moral para fazer o que tem que ser feito: resgatar nosso clube dos vampiros que sugaram o sangue de nosso corpo!<\/p>\n<p>Como fazer? H\u00e1 muitos caminhos! Mas um deles, essencial e basilar, \u00e9 que <strong>resgatemos a democracia do clube<\/strong>, trazendo o poder de decidir o futuro do clube de volta aos s\u00f3cios, bem como \u00e0 torcida!<\/p>\n<p>Se voc\u00ea \u00e9 s\u00f3cio, participe da campanha \u201c<strong>Nova Resposta Hist\u00f3rica<\/strong>\u201d! Ela \u00e9 essencial para resgatar o poder de decis\u00e3o do s\u00f3cio no futuro do clube! \u00c9 apenas um <strong>primeiro passo<\/strong> (outros precisar\u00e3o ser dados), mas ele \u00e9 fundamental para que tenhamos ao menos a esperan\u00e7a de manter <strong>nosso clube vivo e em condi\u00e7\u00f5es de um dia voltar a lutar<\/strong> para ser novamente protagonista do futebol brasileiro e at\u00e9 mundial. Temos hist\u00f3ria para isso! S\u00f3 precisamos <strong>retomar novamente as r\u00e9deas de nosso destino<\/strong>, que nos foram tiradas nas \u00faltimas d\u00e9cadas por quem estava mais interessado em si mesmo do que no clube.<\/p>\n<p>E chega de choro e desesperan\u00e7a! <strong>Nosso sangue \u00e9 de luta! E iremos lutar!<\/strong><\/p>\n<p>Sauda\u00e7\u00f5es Vasca\u00ednas a todos!<\/p>\n<p>&nbsp;<\/p>\n<p>PS: Link do movimento pela AG que poder\u00e1 trazer elei\u00e7\u00f5es diretas em nosso clube:\u00a0<a href=\"https:\/\/novarespostahistorica.com\"><strong>https:\/\/novarespostahistorica.com<\/strong><\/a><\/p>\n<p><a href=\"https:\/\/webvasco.com\/artigos\/wp-content\/uploads\/2019\/11\/nova-resposta-historica.jpg\"><img loading=\"lazy\" decoding=\"async\" class=\"size-medium wp-image-8789 alignleft\" src=\"https:\/\/webvasco.com\/artigos\/wp-content\/uploads\/2019\/11\/nova-resposta-historica-213x300.jpg\" alt=\"\" width=\"213\" height=\"300\" srcset=\"https:\/\/webvasco.com\/artigos\/wp-content\/uploads\/2019\/11\/nova-resposta-historica-213x300.jpg 213w, https:\/\/webvasco.com\/artigos\/wp-content\/uploads\/2019\/11\/nova-resposta-historica-106x150.jpg 106w, https:\/\/webvasco.com\/artigos\/wp-content\/uploads\/2019\/11\/nova-resposta-historica.jpg 396w\" sizes=\"auto, (max-width: 213px) 100vw, 213px\" \/><\/a><\/p>\n","protected":false},"excerpt":{"rendered":"<p>\u201cO sil\u00eancio \u00e9 o santu\u00e1rio da prud\u00eancia\u201d (Baltasar Graci\u00e1n) Amigos vasca\u00ednos! Ontem eu \u201centrei em&#8230;<\/p>\n","protected":false},"author":1,"featured_media":8793,"comment_status":"open","ping_status":"closed","sticky":false,"template":"","format":"standard","meta":{"footnotes":""},"categories":[2],"tags":[],"class_list":["post-8787","post","type-post","status-publish","format-standard","has-post-thumbnail","hentry","category-andrepedro"],"_links":{"self":[{"href":"https:\/\/webvasco.com\/artigos\/wp-json\/wp\/v2\/posts\/8787","targetHints":{"allow":["GET"]}}],"collection":[{"href":"https:\/\/webvasco.com\/artigos\/wp-json\/wp\/v2\/posts"}],"about":[{"href":"https:\/\/webvasco.com\/artigos\/wp-json\/wp\/v2\/types\/post"}],"author":[{"embeddable":true,"href":"https:\/\/webvasco.com\/artigos\/wp-json\/wp\/v2\/users\/1"}],"replies":[{"embeddable":true,"href":"https:\/\/webvasco.com\/artigos\/wp-json\/wp\/v2\/comments?post=8787"}],"version-history":[{"count":3,"href":"https:\/\/webvasco.com\/artigos\/wp-json\/wp\/v2\/posts\/8787\/revisions"}],"predecessor-version":[{"id":8794,"href":"https:\/\/webvasco.com\/artigos\/wp-json\/wp\/v2\/posts\/8787\/revisions\/8794"}],"wp:featuredmedia":[{"embeddable":true,"href":"https:\/\/webvasco.com\/artigos\/wp-json\/wp\/v2\/media\/8793"}],"wp:attachment":[{"href":"https:\/\/webvasco.com\/artigos\/wp-json\/wp\/v2\/media?parent=8787"}],"wp:term":[{"taxonomy":"category","embeddable":true,"href":"https:\/\/webvasco.com\/artigos\/wp-json\/wp\/v2\/categories?post=8787"},{"taxonomy":"post_tag","embeddable":true,"href":"https:\/\/webvasco.com\/artigos\/wp-json\/wp\/v2\/tags?post=8787"}],"curies":[{"name":"wp","href":"https:\/\/api.w.org\/{rel}","templated":true}]}}