{"id":8795,"date":"2019-11-30T11:42:28","date_gmt":"2019-11-30T14:42:28","guid":{"rendered":"http:\/\/webvasco.com\/artigos\/?p=8795"},"modified":"2019-11-30T15:26:39","modified_gmt":"2019-11-30T18:26:39","slug":"elas-o-professor-jessica-sandora","status":"publish","type":"post","link":"https:\/\/webvasco.com\/artigos\/temas\/elas-e-o-professor\/elas-o-professor-jessica-sandora\/","title":{"rendered":"Elas &amp; o Professor &#8211; J\u00c9SSICA SANDORA"},"content":{"rendered":"<p><strong>ELAS &amp; O PROFESSOR<\/strong><\/p>\n<p><strong>POR LUIZ CARLOS ROCHA<\/strong><\/p>\n<p>A entrevista de novembro de 2019, com J\u00e9ssica Sandora Pereira de Souza, \u00e9 dedicada a uma vasca\u00edna muito especial, \u00darsulla Rocha, o meu maior amor!<\/p>\n<p><strong>J\u00c9SSICA SANDORA<\/strong>, 20 anos, modelo, solteira, do signo de vigem, moradora do bairro Falc\u00e3o Dias, em Mendes\/RJ, n\u00e3o t\u00eam escola de samba do cora\u00e7\u00e3o, contudo, pretende conhecer melhor este universo. Adora sair com os amigos e jogar T\u00eanis. Rosa \u00e9 a sua cor predileta.<\/p>\n<p><strong> O que voc\u00ea acha do Programa de S\u00f3cio Torcedor?<\/strong><\/p>\n<p>O programa de s\u00f3cio torcedor \u00e9 super importante, para qualquer clube do Brasil. Afinal \u00e9 o torcedor que mant\u00e9m o clube.<\/p>\n<p><strong>O Cruzmaltino chegou ao patamar de 40 mil s\u00f3cios, ficando em 7\u00ba colocado n\u00edvel Brasil. \u00c9 pouco para a grandeza do clube?<\/strong><\/p>\n<p>Chegamos a uma marca hist\u00f3rica no Vasco, jamais vimos esses n\u00fameros mas acho que ainda \u00e9 pouco para a grandeza desse clube e dessa torcida.<\/p>\n<p><strong> A partida contra o Flamengo, pelo Campeonato Brasileiro foi a melhor apresenta\u00e7\u00e3o do per\u00edodo?<\/strong><\/p>\n<p>Sim. O time jogou com empenho, dedica\u00e7\u00e3o e garra. Honraram a camisa pesada do Vasco. Al\u00e9m disso, todo m\u00e9rito ao professor Luxa (Vanderlei Luxemburgo) que deu uma aula de t\u00e1tica.<\/p>\n<p><strong> O novo Centro de Treinamento do Vasco deveria ter o nome de Moacir Barbosa, em homenagem ao grande goleiro?<\/strong><\/p>\n<p>Tivemos grandes nomes e \u00eddolos, entre eles Moacir. Seria uma bela homenagem, mas acho que essa \u00e9 uma decis\u00e3o que deve ser analisada com mais cautela. Na minha opini\u00e3o, seria uma bela homenagem colocar o nome do Cal\u00e7ada (Ant\u00f4nio Soares Cal\u00e7ada) no nosso CT.<\/p>\n<p><strong> Voc\u00ea apoia as elei\u00e7\u00f5es diretas no Gigante da Colina?<\/strong><\/p>\n<p>Sim.<\/p>\n<p><strong> Alexandre Campello t\u00eam chances de se reeleger presidente?<\/strong><\/p>\n<p>Veja bem, n\u00e3o apoiei o Campello na \u00faltima elei\u00e7\u00e3o, mas n\u00e3o posso ser hip\u00f3crita e fechar os olhos para o que ele tem feito. N\u00e3o tem sido uma m\u00e1 gest\u00e3o, ele est\u00e1 trabalhando com o que tem, por\u00e9m na minha opini\u00e3o, n\u00e3o se reelege.<\/p>\n<p><strong>Vanderlei Luxemburgo merece ter o contrato renovado em 2020?<\/strong><\/p>\n<p>Com toda certeza sim.<\/p>\n<p><strong>O fato do Flamengo ter sido campe\u00e3o Carioca, Brasileiro e da Libertadores nesta temporada 2019 causa inveja ao Vasco da Gama, uma vez, que outrora teve gl\u00f3rias semelhantes?<\/strong><\/p>\n<p>N\u00e3o sei se a palavra certa \u00e9 inveja, mas acredito que todo vasca\u00edno sentiu vontade de ver o Vasco conquistando t\u00edtulos importantes, coisa que eu n\u00e3o vi como torcedora por conta da minha idade. Essa campanha para novos s\u00f3cios se associarem \u00e9 uma prova de que esses t\u00edtulos do nosso rival fizeram o torcedor vasca\u00edno acordar e acreditar que \u00e9 poss\u00edvel o Vasco subir de patamar, assim como fez o Flamengo.<\/p>\n<p><strong>O que esperar para o pr\u00f3ximo ano em termos de t\u00edtulos no Departamento de Futebol?<\/strong><\/p>\n<p>Ainda acho cedo para pensarmos em t\u00edtulos grandes, mas \u00e9 a primeira vez em anos que vejo o Vasco com uma base boa montada para o ano seguinte, precisamos de alguns refor\u00e7os em alguns setores, e assim almejar uma copa do Brasil ou Sul-Americana<\/p>\n<p><strong> At\u00e9 a d\u00e9cada de 90 o n\u00famero de conquistas, gl\u00f3rias e torcida entre Vasco e Flamengo era menos desigual?<\/strong><\/p>\n<p>A d\u00e9cada de 90 foi fenomenal para o Vasco, vencemos tudo no ano do nosso centen\u00e1rio, creio que nessa \u00e9poca o Vasco estava acima do Flamengo, assim como hoje o Flamengo est\u00e1 acima do Vasco, futebol \u00e9 isso.<\/p>\n<p><strong> O clube precisa de uma A\u00e7\u00e3o de Marketing urgente para n\u00e3o sucumbir?<\/strong><\/p>\n<p>Sem duvidas, nesse mandato do Campello o marketing do Vasco melhorou muito.<\/p>\n<p><strong> Jamila Sandora \u00e9 a eterna musa do Vasco?<\/strong><\/p>\n<p>Eterna Musa sim. Foi quem me ensinou esse amor pelo Vasco, um sentimento lindo e incondicional<\/p>\n<p><strong>FOTOGRAFIAS FORNECIDAS PELA ENTREVISTADA.<\/strong><\/p>\n<p><img loading=\"lazy\" decoding=\"async\" class=\"alignnone size-medium wp-image-8799\" src=\"https:\/\/webvasco.com\/artigos\/wp-content\/uploads\/2019\/11\/IMG-20191128-WA0068-249x300.jpg\" alt=\"\" width=\"249\" height=\"300\" srcset=\"https:\/\/webvasco.com\/artigos\/wp-content\/uploads\/2019\/11\/IMG-20191128-WA0068-249x300.jpg 249w, https:\/\/webvasco.com\/artigos\/wp-content\/uploads\/2019\/11\/IMG-20191128-WA0068-125x150.jpg 125w, https:\/\/webvasco.com\/artigos\/wp-content\/uploads\/2019\/11\/IMG-20191128-WA0068-768x924.jpg 768w, https:\/\/webvasco.com\/artigos\/wp-content\/uploads\/2019\/11\/IMG-20191128-WA0068-851x1024.jpg 851w, https:\/\/webvasco.com\/artigos\/wp-content\/uploads\/2019\/11\/IMG-20191128-WA0068.jpg 951w\" sizes=\"auto, (max-width: 249px) 100vw, 249px\" \/> <img loading=\"lazy\" decoding=\"async\" class=\"alignnone size-medium wp-image-8800\" src=\"https:\/\/webvasco.com\/artigos\/wp-content\/uploads\/2019\/11\/IMG-20191128-WA0070-243x300.jpg\" alt=\"\" width=\"243\" height=\"300\" srcset=\"https:\/\/webvasco.com\/artigos\/wp-content\/uploads\/2019\/11\/IMG-20191128-WA0070-243x300.jpg 243w, https:\/\/webvasco.com\/artigos\/wp-content\/uploads\/2019\/11\/IMG-20191128-WA0070-121x150.jpg 121w, https:\/\/webvasco.com\/artigos\/wp-content\/uploads\/2019\/11\/IMG-20191128-WA0070-768x950.jpg 768w, https:\/\/webvasco.com\/artigos\/wp-content\/uploads\/2019\/11\/IMG-20191128-WA0070-828x1024.jpg 828w, https:\/\/webvasco.com\/artigos\/wp-content\/uploads\/2019\/11\/IMG-20191128-WA0070.jpg 958w\" sizes=\"auto, (max-width: 243px) 100vw, 243px\" \/> <img loading=\"lazy\" decoding=\"async\" class=\"alignnone size-medium wp-image-8798\" src=\"https:\/\/webvasco.com\/artigos\/wp-content\/uploads\/2019\/11\/IMG-20191128-WA0067-236x300.jpg\" alt=\"\" width=\"236\" height=\"300\" srcset=\"https:\/\/webvasco.com\/artigos\/wp-content\/uploads\/2019\/11\/IMG-20191128-WA0067-236x300.jpg 236w, https:\/\/webvasco.com\/artigos\/wp-content\/uploads\/2019\/11\/IMG-20191128-WA0067-118x150.jpg 118w, https:\/\/webvasco.com\/artigos\/wp-content\/uploads\/2019\/11\/IMG-20191128-WA0067-768x978.jpg 768w, https:\/\/webvasco.com\/artigos\/wp-content\/uploads\/2019\/11\/IMG-20191128-WA0067-804x1024.jpg 804w, https:\/\/webvasco.com\/artigos\/wp-content\/uploads\/2019\/11\/IMG-20191128-WA0067.jpg 952w\" sizes=\"auto, (max-width: 236px) 100vw, 236px\" \/> <img loading=\"lazy\" decoding=\"async\" class=\"alignnone size-medium wp-image-8797\" src=\"https:\/\/webvasco.com\/artigos\/wp-content\/uploads\/2019\/11\/IMG-20191128-WA0066-186x300.jpg\" alt=\"\" width=\"186\" height=\"300\" srcset=\"https:\/\/webvasco.com\/artigos\/wp-content\/uploads\/2019\/11\/IMG-20191128-WA0066-186x300.jpg 186w, https:\/\/webvasco.com\/artigos\/wp-content\/uploads\/2019\/11\/IMG-20191128-WA0066-93x150.jpg 93w, https:\/\/webvasco.com\/artigos\/wp-content\/uploads\/2019\/11\/IMG-20191128-WA0066-636x1024.jpg 636w, https:\/\/webvasco.com\/artigos\/wp-content\/uploads\/2019\/11\/IMG-20191128-WA0066.jpg 735w\" sizes=\"auto, (max-width: 186px) 100vw, 186px\" \/> <img loading=\"lazy\" decoding=\"async\" class=\"alignnone size-medium wp-image-8796\" src=\"https:\/\/webvasco.com\/artigos\/wp-content\/uploads\/2019\/11\/IMG-20191128-WA0065-218x300.jpg\" alt=\"\" width=\"218\" height=\"300\" srcset=\"https:\/\/webvasco.com\/artigos\/wp-content\/uploads\/2019\/11\/IMG-20191128-WA0065-218x300.jpg 218w, https:\/\/webvasco.com\/artigos\/wp-content\/uploads\/2019\/11\/IMG-20191128-WA0065-109x150.jpg 109w, https:\/\/webvasco.com\/artigos\/wp-content\/uploads\/2019\/11\/IMG-20191128-WA0065-768x1058.jpg 768w, https:\/\/webvasco.com\/artigos\/wp-content\/uploads\/2019\/11\/IMG-20191128-WA0065-744x1024.jpg 744w, https:\/\/webvasco.com\/artigos\/wp-content\/uploads\/2019\/11\/IMG-20191128-WA0065.jpg 859w\" sizes=\"auto, (max-width: 218px) 100vw, 218px\" \/><\/p>\n","protected":false},"excerpt":{"rendered":"<p>ELAS &amp; O PROFESSOR POR LUIZ CARLOS ROCHA A entrevista de novembro de 2019, com&#8230;<\/p>\n","protected":false},"author":7,"featured_media":8799,"comment_status":"open","ping_status":"closed","sticky":false,"template":"","format":"standard","meta":{"footnotes":""},"categories":[27],"tags":[],"class_list":["post-8795","post","type-post","status-publish","format-standard","has-post-thumbnail","hentry","category-elas-e-o-professor"],"_links":{"self":[{"href":"https:\/\/webvasco.com\/artigos\/wp-json\/wp\/v2\/posts\/8795","targetHints":{"allow":["GET"]}}],"collection":[{"href":"https:\/\/webvasco.com\/artigos\/wp-json\/wp\/v2\/posts"}],"about":[{"href":"https:\/\/webvasco.com\/artigos\/wp-json\/wp\/v2\/types\/post"}],"author":[{"embeddable":true,"href":"https:\/\/webvasco.com\/artigos\/wp-json\/wp\/v2\/users\/7"}],"replies":[{"embeddable":true,"href":"https:\/\/webvasco.com\/artigos\/wp-json\/wp\/v2\/comments?post=8795"}],"version-history":[{"count":3,"href":"https:\/\/webvasco.com\/artigos\/wp-json\/wp\/v2\/posts\/8795\/revisions"}],"predecessor-version":[{"id":8803,"href":"https:\/\/webvasco.com\/artigos\/wp-json\/wp\/v2\/posts\/8795\/revisions\/8803"}],"wp:featuredmedia":[{"embeddable":true,"href":"https:\/\/webvasco.com\/artigos\/wp-json\/wp\/v2\/media\/8799"}],"wp:attachment":[{"href":"https:\/\/webvasco.com\/artigos\/wp-json\/wp\/v2\/media?parent=8795"}],"wp:term":[{"taxonomy":"category","embeddable":true,"href":"https:\/\/webvasco.com\/artigos\/wp-json\/wp\/v2\/categories?post=8795"},{"taxonomy":"post_tag","embeddable":true,"href":"https:\/\/webvasco.com\/artigos\/wp-json\/wp\/v2\/tags?post=8795"}],"curies":[{"name":"wp","href":"https:\/\/api.w.org\/{rel}","templated":true}]}}