{"id":8804,"date":"2019-12-23T12:26:29","date_gmt":"2019-12-23T15:26:29","guid":{"rendered":"https:\/\/webvasco.com\/artigos\/?p=8804"},"modified":"2019-12-24T16:03:34","modified_gmt":"2019-12-24T19:03:34","slug":"elas-o-professor-cassi","status":"publish","type":"post","link":"https:\/\/webvasco.com\/artigos\/temas\/elas-e-o-professor\/elas-o-professor-cassi\/","title":{"rendered":"Elas &amp; O Professor- CASSI"},"content":{"rendered":"<p><strong>ELAS &amp; O PROFESSOR<\/strong><\/p>\n<p><strong>POR LUIZ CARLOS ROCHA<\/strong><\/p>\n<p>A entrevista de dezembro de 2019, com Cassiana da Cunha de Ara\u00fajo, \u00e9 dedicada a vasca\u00edna que mais amo na vida, \u00darsulla Rocha, a minha raz\u00e3o ser e viver!<\/p>\n<p><strong>CASSI<\/strong>, 21 anos, s\u00f3cia do Vasco da Gama, estudante de Direito no 7\u00ba per\u00edodo, e estagi\u00e1ria do JEC de Barra do Pira\u00ed\/RJ, aonde mora, solteira, m\u00e3e da Mariah (de cinco anos), do signo de peixes, adora comer lasanha e pizza, sua bebida preferia \u00e9 \u00e1gua, al\u00e9m do verde a cor de predile\u00e7\u00e3o \u00e9 o preto (como toda mulher \u00e9 claro), n\u00e3o t\u00eam escola de samba do cora\u00e7\u00e3o, contudo, simpatiza com a Unidos da Tijuca por ter uma liga\u00e7\u00e3o forte com o Cruzmaltino.<\/p>\n<p><strong> Como voc\u00ea viu a sa\u00edda do t\u00e9cnico Vanderlei Luxemburgo?<\/strong><\/p>\n<p>Lamento a sa\u00edda do Luxemburgo, por que mesmo com as poucas condi\u00e7\u00f5es do clube ele se encaixou, e ajudou como podia.<\/p>\n<p><strong>A contrata\u00e7\u00e3o de Abel Braga foi ideal?<\/strong><\/p>\n<p>N\u00e3o achei ideal, tendo em vista a atua\u00e7\u00e3o dele no nosso rival.<\/p>\n<p><strong> Para comandar a equipe, o treinador precisa al\u00e9m de conhecimento, pulso firme para disciplinar?<\/strong><\/p>\n<p>Com certeza!<\/p>\n<p><strong> O Vasco da Gama ultrapassou a barreira dos 184.000 s\u00f3cios, at\u00e9 onde voc\u00ea cr\u00ea que ir\u00e1 chegar?<\/strong><\/p>\n<p>Com o apoio da torcida, continuando, se houver o m\u00ednimo de retorno do Clube em 2020, acredito que o Vasco conseguir\u00e1 bater os 200.000.<\/p>\n<p><strong> O patroc\u00ednio da Loja de Departamentos Havan ir\u00e1 alavancar o clube financeiramente?<\/strong><\/p>\n<p>Ap\u00f3s as d\u00edvidas pendentes serem pagas, acredito sim que ajudar\u00e1 a impulsionar financeiramente o Vasco.<\/p>\n<p><strong> A perspectiva para a temporada 2020 \u00e9 boa?<\/strong><\/p>\n<p>Vejo 2020 como um ano ainda dif\u00edcil para o Cruzmaltino, mas acredito que melhore a nossa situa\u00e7\u00e3o.<\/p>\n<p><strong>Qual jogador \u201cfigur\u00e3o\u201d cairia bem neste atual plantel em S\u00e3o Janu\u00e1rio?<\/strong><\/p>\n<p>Eu acho o Balotelli, porque al\u00e9m de ser &#8220;figur\u00e3o&#8221;, se identifica muito com a hist\u00f3ria do Vasco da Gama. Ele tem passado por problemas de racismo na Europa, no Vasco a torcida iria abra\u00e7ar ele, e muito.<\/p>\n<p><strong>Elei\u00e7\u00f5es diretas mudar\u00e3o todo o contexto da pol\u00edtica vasca\u00edna?<\/strong><\/p>\n<p>Mesmo achando justa as elei\u00e7\u00f5es diretas, n\u00e3o acho que mudar\u00e1 todo o contexto da pol\u00edtica vasca\u00edna. H\u00e1 muito o que mudar e melhorar.<\/p>\n<p><strong>A reforma de S\u00e3o Janu\u00e1rio atrair\u00e1 novos s\u00f3cios?<\/strong><\/p>\n<p>Sim, devido ao aumento na capacidade de torcedores.<\/p>\n<p><strong> Fam\u00edlias t\u00eam medo de frequentar o Est\u00e1dio pelo entorno ser considerado perigoso, em termos de seguran\u00e7a?<\/strong><\/p>\n<p>Sim. Por\u00e9m a imagem que se tem dos est\u00e1dios \u00e9 um pouco distorcida da realidade. Existem brigas \u201cnormais\u201d em qualquer evento, no entanto, em 99% dos jogos de futebol, at\u00e9 mesmo em SJ, acontecem sem maiores problemas.<\/p>\n<p><strong> O novo Centro de treinamento integrar\u00e1 mais as categorias de base ao elenco profissional?<\/strong><\/p>\n<p>Com uma melhor estrutura para atender nossa base, \u00e9 de se esperar que ter\u00e3o mais atletas integrados no profissional.<\/p>\n<p><strong> O Mach\u00e3o da Gama precisa reviver os tempos de gl\u00f3ria, para que a dist\u00e2ncia do Flamengo, em termos de t\u00edtulos e conquistas n\u00e3o fique ainda maior?<\/strong><\/p>\n<p>Claro, com certeza.<\/p>\n<p><strong>FOTOGRAFIAS FORNECIDAS PELA ENTREVISTADA.<\/strong><\/p>\n<p><img loading=\"lazy\" decoding=\"async\" class=\"alignnone size-medium wp-image-8809\" src=\"https:\/\/webvasco.com\/artigos\/wp-content\/uploads\/2019\/12\/WhatsApp-Image-2019-12-22-at-14.43.15-225x300.jpeg\" alt=\"\" width=\"225\" height=\"300\" srcset=\"https:\/\/webvasco.com\/artigos\/wp-content\/uploads\/2019\/12\/WhatsApp-Image-2019-12-22-at-14.43.15-225x300.jpeg 225w, https:\/\/webvasco.com\/artigos\/wp-content\/uploads\/2019\/12\/WhatsApp-Image-2019-12-22-at-14.43.15-113x150.jpeg 113w, https:\/\/webvasco.com\/artigos\/wp-content\/uploads\/2019\/12\/WhatsApp-Image-2019-12-22-at-14.43.15-768x1024.jpeg 768w, https:\/\/webvasco.com\/artigos\/wp-content\/uploads\/2019\/12\/WhatsApp-Image-2019-12-22-at-14.43.15.jpeg 960w\" sizes=\"auto, (max-width: 225px) 100vw, 225px\" \/> <img loading=\"lazy\" decoding=\"async\" class=\"alignnone size-medium wp-image-8810\" src=\"https:\/\/webvasco.com\/artigos\/wp-content\/uploads\/2019\/12\/WhatsApp-Image-2019-12-22-at-14.43.17-300x256.jpeg\" alt=\"\" width=\"300\" height=\"256\" srcset=\"https:\/\/webvasco.com\/artigos\/wp-content\/uploads\/2019\/12\/WhatsApp-Image-2019-12-22-at-14.43.17-300x256.jpeg 300w, https:\/\/webvasco.com\/artigos\/wp-content\/uploads\/2019\/12\/WhatsApp-Image-2019-12-22-at-14.43.17-150x128.jpeg 150w, https:\/\/webvasco.com\/artigos\/wp-content\/uploads\/2019\/12\/WhatsApp-Image-2019-12-22-at-14.43.17.jpeg 750w\" sizes=\"auto, (max-width: 300px) 100vw, 300px\" \/> <img loading=\"lazy\" decoding=\"async\" class=\"alignnone size-medium wp-image-8808\" src=\"https:\/\/webvasco.com\/artigos\/wp-content\/uploads\/2019\/12\/WhatsApp-Image-2019-12-22-at-14.43.15-1-300x296.jpeg\" alt=\"\" width=\"300\" height=\"296\" srcset=\"https:\/\/webvasco.com\/artigos\/wp-content\/uploads\/2019\/12\/WhatsApp-Image-2019-12-22-at-14.43.15-1-300x296.jpeg 300w, https:\/\/webvasco.com\/artigos\/wp-content\/uploads\/2019\/12\/WhatsApp-Image-2019-12-22-at-14.43.15-1-150x148.jpeg 150w, https:\/\/webvasco.com\/artigos\/wp-content\/uploads\/2019\/12\/WhatsApp-Image-2019-12-22-at-14.43.15-1.jpeg 750w\" sizes=\"auto, (max-width: 300px) 100vw, 300px\" \/> <img loading=\"lazy\" decoding=\"async\" class=\"alignnone size-medium wp-image-8807\" src=\"https:\/\/webvasco.com\/artigos\/wp-content\/uploads\/2019\/12\/WhatsApp-Image-2019-12-22-at-14.43.14-300x280.jpeg\" alt=\"\" width=\"300\" height=\"280\" srcset=\"https:\/\/webvasco.com\/artigos\/wp-content\/uploads\/2019\/12\/WhatsApp-Image-2019-12-22-at-14.43.14-300x280.jpeg 300w, https:\/\/webvasco.com\/artigos\/wp-content\/uploads\/2019\/12\/WhatsApp-Image-2019-12-22-at-14.43.14-150x140.jpeg 150w, https:\/\/webvasco.com\/artigos\/wp-content\/uploads\/2019\/12\/WhatsApp-Image-2019-12-22-at-14.43.14.jpeg 750w\" sizes=\"auto, (max-width: 300px) 100vw, 300px\" \/> <img loading=\"lazy\" decoding=\"async\" class=\"alignnone size-medium wp-image-8806\" src=\"https:\/\/webvasco.com\/artigos\/wp-content\/uploads\/2019\/12\/WhatsApp-Image-2019-12-22-at-14.43.14-1-300x267.jpeg\" alt=\"\" width=\"300\" height=\"267\" srcset=\"https:\/\/webvasco.com\/artigos\/wp-content\/uploads\/2019\/12\/WhatsApp-Image-2019-12-22-at-14.43.14-1-300x267.jpeg 300w, https:\/\/webvasco.com\/artigos\/wp-content\/uploads\/2019\/12\/WhatsApp-Image-2019-12-22-at-14.43.14-1-150x134.jpeg 150w, https:\/\/webvasco.com\/artigos\/wp-content\/uploads\/2019\/12\/WhatsApp-Image-2019-12-22-at-14.43.14-1.jpeg 689w\" sizes=\"auto, (max-width: 300px) 100vw, 300px\" \/> <img loading=\"lazy\" decoding=\"async\" class=\"alignnone size-medium wp-image-8805\" src=\"https:\/\/webvasco.com\/artigos\/wp-content\/uploads\/2019\/12\/WhatsApp-Image-2019-12-22-at-14.43.13-225x300.jpeg\" alt=\"\" width=\"225\" height=\"300\" srcset=\"https:\/\/webvasco.com\/artigos\/wp-content\/uploads\/2019\/12\/WhatsApp-Image-2019-12-22-at-14.43.13-225x300.jpeg 225w, https:\/\/webvasco.com\/artigos\/wp-content\/uploads\/2019\/12\/WhatsApp-Image-2019-12-22-at-14.43.13-113x150.jpeg 113w, https:\/\/webvasco.com\/artigos\/wp-content\/uploads\/2019\/12\/WhatsApp-Image-2019-12-22-at-14.43.13-768x1024.jpeg 768w, https:\/\/webvasco.com\/artigos\/wp-content\/uploads\/2019\/12\/WhatsApp-Image-2019-12-22-at-14.43.13.jpeg 960w\" sizes=\"auto, (max-width: 225px) 100vw, 225px\" \/><\/p>\n","protected":false},"excerpt":{"rendered":"<p>ELAS &amp; O PROFESSOR POR LUIZ CARLOS ROCHA A entrevista de dezembro de 2019, com&#8230;<\/p>\n","protected":false},"author":7,"featured_media":8809,"comment_status":"open","ping_status":"closed","sticky":false,"template":"","format":"standard","meta":{"footnotes":""},"categories":[27],"tags":[],"class_list":["post-8804","post","type-post","status-publish","format-standard","has-post-thumbnail","hentry","category-elas-e-o-professor"],"_links":{"self":[{"href":"https:\/\/webvasco.com\/artigos\/wp-json\/wp\/v2\/posts\/8804","targetHints":{"allow":["GET"]}}],"collection":[{"href":"https:\/\/webvasco.com\/artigos\/wp-json\/wp\/v2\/posts"}],"about":[{"href":"https:\/\/webvasco.com\/artigos\/wp-json\/wp\/v2\/types\/post"}],"author":[{"embeddable":true,"href":"https:\/\/webvasco.com\/artigos\/wp-json\/wp\/v2\/users\/7"}],"replies":[{"embeddable":true,"href":"https:\/\/webvasco.com\/artigos\/wp-json\/wp\/v2\/comments?post=8804"}],"version-history":[{"count":3,"href":"https:\/\/webvasco.com\/artigos\/wp-json\/wp\/v2\/posts\/8804\/revisions"}],"predecessor-version":[{"id":8814,"href":"https:\/\/webvasco.com\/artigos\/wp-json\/wp\/v2\/posts\/8804\/revisions\/8814"}],"wp:featuredmedia":[{"embeddable":true,"href":"https:\/\/webvasco.com\/artigos\/wp-json\/wp\/v2\/media\/8809"}],"wp:attachment":[{"href":"https:\/\/webvasco.com\/artigos\/wp-json\/wp\/v2\/media?parent=8804"}],"wp:term":[{"taxonomy":"category","embeddable":true,"href":"https:\/\/webvasco.com\/artigos\/wp-json\/wp\/v2\/categories?post=8804"},{"taxonomy":"post_tag","embeddable":true,"href":"https:\/\/webvasco.com\/artigos\/wp-json\/wp\/v2\/tags?post=8804"}],"curies":[{"name":"wp","href":"https:\/\/api.w.org\/{rel}","templated":true}]}}