{"id":8815,"date":"2020-01-20T15:56:27","date_gmt":"2020-01-20T18:56:27","guid":{"rendered":"https:\/\/webvasco.com\/artigos\/?p=8815"},"modified":"2020-02-13T09:34:19","modified_gmt":"2020-02-13T12:34:19","slug":"elas-o-professor-a-vascaina","status":"publish","type":"post","link":"https:\/\/webvasco.com\/artigos\/temas\/elas-e-o-professor\/elas-o-professor-a-vascaina\/","title":{"rendered":"ELAS &amp; O PROFESSOR &#8211; A VASCA\u00cdNA"},"content":{"rendered":"<p><strong>ELAS &amp; O PROFESSOR<\/strong><\/p>\n<p><strong>POR LUIZ CARLOS ROCHA<\/strong><\/p>\n<p>A entrevista de janeiro de 2020, com Jessica de Oliveira Sousa, \u00e9 dedicada ao grande amor da minha vida, a vasca\u00edna \u00darsulla Rocha, a minha raz\u00e3o ser e viver!<\/p>\n<p><strong>\u201dA VASCA\u00cdNA\u201d<\/strong>, como \u00e9 popularmente, t\u00eam 22 anos, \u00e9 vendedora aut\u00f4noma, solteira, mam\u00e3e de um menino vasca\u00edno, do signo de capric\u00f3rnio, sua cor preferida \u00e9 a preta, sua Escola de Samba de cora\u00e7\u00e3o \u00e9 a Unidos da Tijuca por ter uma liga\u00e7\u00e3o forte com o Gigante da Colina. A fan\u00e1tica cruzmaltina mora no Bairro Cidade Nova, em Manaus\/AM. Ela que \u00e9 apaixonada pelo clube e vem fazendo \u201cloucuras\u201d ao longo destas duas d\u00e9cadas, sonha em conhecer S\u00e3o Janu\u00e1rio.<\/p>\n<p><strong> Voc\u00ea viu a sa\u00edda do t\u00e9cnico Vanderlei Luxemburgo como positiva?<\/strong><\/p>\n<p>Fiquei triste, mas ele cumpriu seu papel. S\u00f3 nos resta agradecer, e sermos gratos por ele ter tirado \u00e1gua de pedra com o time limitado que t\u00ednhamos.<\/p>\n<p><strong>O Luxa ainda teria muita contribui\u00e7\u00e3o a dar ao Vasco da Gama?<\/strong><\/p>\n<p>Na minha opini\u00e3o sim. \u00c9 um \u00f3timo treinador, acrescentaria muito na temporada 2020. Vida que segue. Treinadores e jogadores se v\u00e3o e o Vasco fica.<\/p>\n<p><strong> Neste per\u00edodo que comandou o Cruzmaltino o resultado foi satisfat\u00f3rio, ou ele usou o clube apenas para se promover, uma vez, que estava na \u201cgeladeira\u201d do futebol?<\/strong><\/p>\n<p>O Vasco precisava de um treinador renomado e o Vanderlei precisava de um clube grande, pois estava desacreditado pela m\u00eddia. Foi bom para os dois.<\/p>\n<p><strong> Abel Braga foi o nome ideal para substituir Luxemburgo?<\/strong><\/p>\n<p>Tendo em vista o trabalho que ele fez no nosso rival, creio que n\u00e3o. Mas \u00e9 torcer para que d\u00ea certo.<\/p>\n<p><strong> O que esperar do Gigante da Colina na temporada 2020?<\/strong><\/p>\n<p>Ainda ser\u00e1 um ano de reajustes. Por isso, creio que iremos sofrer mais um pouco, mas conseguiremos reerguer o clube, mesmo com dificuldades.<\/p>\n<p><strong> Novos investidores est\u00e3o chegando?<\/strong><\/p>\n<p>Crise e turbul\u00eancias no clube, mesmo assim eu acredito.<\/p>\n<p><strong>Alexandre Campelo est\u00e1 se movendo em prol de melhorias no clube visando as elei\u00e7\u00f5es deste ano?<\/strong><\/p>\n<p>Ele est\u00e1 fazendo o que pode. Claro que visando as elei\u00e7\u00f5es tamb\u00e9m.<\/p>\n<p><strong>O presidente Campello conseguir\u00e1 ser reeleito?<\/strong><\/p>\n<p>N\u00e3o.<\/p>\n<p><strong>O advogado Luiz Roberto Leven Siano, \u00e9 um dos nomes fortes para a presid\u00eancia, pois tem apoio de ex-jogadores como Sorato, Mauro Galv\u00e3o e Valdir Bigode. Ele \u00e9 o principal concorrente do Campello ou o J\u00falio Brant ainda ter\u00e1 mais votos?<\/strong><\/p>\n<p>\u00c9 um forte concorrente mas creio que o Brant \u00e9 mais forte.<\/p>\n<p><strong> Depois do Roberto Dinamite, o ex-atleta Edmundo \u00e9 um \u00edcone para a torcida vasca\u00edna. O apoio dele a um dos candidatos ao cargo n\u00famero 1 far\u00e1 a diferen\u00e7a?<\/strong><\/p>\n<p>Sim. Bastante.<\/p>\n<p><strong> O tamb\u00e9m advogado Roberto Monteiro ser\u00e1 o eterno \u201cRubinho Barrichello\u201d na corrida pela presid\u00eancia vasca\u00edna?<\/strong><\/p>\n<p>Com certeza sim.<\/p>\n<p><strong> Figura ativa na pol\u00edtica do Vasco da Gama e integrante do Conselho Fiscal desde a gest\u00e3o passada, Otto Carvalho \u00e9 outro nome que pode surgir?<\/strong><\/p>\n<p>Todos est\u00e3o com ambi\u00e7\u00e3o pela presid\u00eancia, por isso, creio que possa surgir sim.<\/p>\n<p><strong>FOTOGRAFIAS FORNECIDAS PELA ENTREVISTADA.<\/strong><\/p>\n<p>&nbsp;<\/p>\n<p><a href=\"https:\/\/webvasco.com\/artigos\/wp-content\/uploads\/2020\/01\/j8.jpg\"><img loading=\"lazy\" decoding=\"async\" class=\"alignright size-medium wp-image-8823\" src=\"https:\/\/webvasco.com\/artigos\/wp-content\/uploads\/2020\/01\/j8-300x300.jpg\" alt=\"\" width=\"300\" height=\"300\" srcset=\"https:\/\/webvasco.com\/artigos\/wp-content\/uploads\/2020\/01\/j8-300x300.jpg 300w, https:\/\/webvasco.com\/artigos\/wp-content\/uploads\/2020\/01\/j8-150x150.jpg 150w, https:\/\/webvasco.com\/artigos\/wp-content\/uploads\/2020\/01\/j8.jpg 474w\" sizes=\"auto, (max-width: 300px) 100vw, 300px\" \/><\/a> <a href=\"https:\/\/webvasco.com\/artigos\/wp-content\/uploads\/2020\/01\/j7.jpg\"><img loading=\"lazy\" decoding=\"async\" class=\"alignright size-medium wp-image-8822\" src=\"https:\/\/webvasco.com\/artigos\/wp-content\/uploads\/2020\/01\/j7-225x300.jpg\" alt=\"\" width=\"225\" height=\"300\" srcset=\"https:\/\/webvasco.com\/artigos\/wp-content\/uploads\/2020\/01\/j7-225x300.jpg 225w, https:\/\/webvasco.com\/artigos\/wp-content\/uploads\/2020\/01\/j7-113x150.jpg 113w, https:\/\/webvasco.com\/artigos\/wp-content\/uploads\/2020\/01\/j7.jpg 474w\" sizes=\"auto, (max-width: 225px) 100vw, 225px\" \/><\/a> <a href=\"https:\/\/webvasco.com\/artigos\/wp-content\/uploads\/2020\/01\/j6.jpg\"><img loading=\"lazy\" decoding=\"async\" class=\"alignright size-medium wp-image-8821\" src=\"https:\/\/webvasco.com\/artigos\/wp-content\/uploads\/2020\/01\/j6-225x300.jpg\" alt=\"\" width=\"225\" height=\"300\" srcset=\"https:\/\/webvasco.com\/artigos\/wp-content\/uploads\/2020\/01\/j6-225x300.jpg 225w, https:\/\/webvasco.com\/artigos\/wp-content\/uploads\/2020\/01\/j6-113x150.jpg 113w, https:\/\/webvasco.com\/artigos\/wp-content\/uploads\/2020\/01\/j6.jpg 474w\" sizes=\"auto, (max-width: 225px) 100vw, 225px\" \/><\/a> <a href=\"https:\/\/webvasco.com\/artigos\/wp-content\/uploads\/2020\/01\/j5.jpg\"><img loading=\"lazy\" decoding=\"async\" class=\"alignright size-medium wp-image-8820\" src=\"https:\/\/webvasco.com\/artigos\/wp-content\/uploads\/2020\/01\/j5-225x300.jpg\" alt=\"\" width=\"225\" height=\"300\" srcset=\"https:\/\/webvasco.com\/artigos\/wp-content\/uploads\/2020\/01\/j5-225x300.jpg 225w, https:\/\/webvasco.com\/artigos\/wp-content\/uploads\/2020\/01\/j5-113x150.jpg 113w, https:\/\/webvasco.com\/artigos\/wp-content\/uploads\/2020\/01\/j5.jpg 474w\" sizes=\"auto, (max-width: 225px) 100vw, 225px\" \/><\/a> <a href=\"https:\/\/webvasco.com\/artigos\/wp-content\/uploads\/2020\/01\/j4.jpg\"><img loading=\"lazy\" decoding=\"async\" class=\"alignright size-medium wp-image-8819\" src=\"https:\/\/webvasco.com\/artigos\/wp-content\/uploads\/2020\/01\/j4-225x300.jpg\" alt=\"\" width=\"225\" height=\"300\" srcset=\"https:\/\/webvasco.com\/artigos\/wp-content\/uploads\/2020\/01\/j4-225x300.jpg 225w, https:\/\/webvasco.com\/artigos\/wp-content\/uploads\/2020\/01\/j4-113x150.jpg 113w, https:\/\/webvasco.com\/artigos\/wp-content\/uploads\/2020\/01\/j4.jpg 474w\" sizes=\"auto, (max-width: 225px) 100vw, 225px\" \/><\/a> <a href=\"https:\/\/webvasco.com\/artigos\/wp-content\/uploads\/2020\/01\/j3.jpg\"><img loading=\"lazy\" decoding=\"async\" class=\"alignright size-medium wp-image-8818\" src=\"https:\/\/webvasco.com\/artigos\/wp-content\/uploads\/2020\/01\/j3-198x300.jpg\" alt=\"\" width=\"198\" height=\"300\" srcset=\"https:\/\/webvasco.com\/artigos\/wp-content\/uploads\/2020\/01\/j3-198x300.jpg 198w, https:\/\/webvasco.com\/artigos\/wp-content\/uploads\/2020\/01\/j3-99x150.jpg 99w, https:\/\/webvasco.com\/artigos\/wp-content\/uploads\/2020\/01\/j3.jpg 474w\" sizes=\"auto, (max-width: 198px) 100vw, 198px\" \/><\/a> <a href=\"https:\/\/webvasco.com\/artigos\/wp-content\/uploads\/2020\/01\/j2.jpg\"><img loading=\"lazy\" decoding=\"async\" class=\"alignright size-medium wp-image-8817\" src=\"https:\/\/webvasco.com\/artigos\/wp-content\/uploads\/2020\/01\/j2-193x300.jpg\" alt=\"\" width=\"193\" height=\"300\" srcset=\"https:\/\/webvasco.com\/artigos\/wp-content\/uploads\/2020\/01\/j2-193x300.jpg 193w, https:\/\/webvasco.com\/artigos\/wp-content\/uploads\/2020\/01\/j2-97x150.jpg 97w, https:\/\/webvasco.com\/artigos\/wp-content\/uploads\/2020\/01\/j2.jpg 433w\" sizes=\"auto, (max-width: 193px) 100vw, 193px\" \/><\/a> <a href=\"https:\/\/webvasco.com\/artigos\/wp-content\/uploads\/2020\/01\/j1.jpg\"><img loading=\"lazy\" decoding=\"async\" class=\"alignright size-medium wp-image-8816\" src=\"https:\/\/webvasco.com\/artigos\/wp-content\/uploads\/2020\/01\/j1-257x300.jpg\" alt=\"\" width=\"257\" height=\"300\" srcset=\"https:\/\/webvasco.com\/artigos\/wp-content\/uploads\/2020\/01\/j1-257x300.jpg 257w, https:\/\/webvasco.com\/artigos\/wp-content\/uploads\/2020\/01\/j1-128x150.jpg 128w, https:\/\/webvasco.com\/artigos\/wp-content\/uploads\/2020\/01\/j1-768x897.jpg 768w, https:\/\/webvasco.com\/artigos\/wp-content\/uploads\/2020\/01\/j1-877x1024.jpg 877w, https:\/\/webvasco.com\/artigos\/wp-content\/uploads\/2020\/01\/j1-1024x1196.jpg 1024w, https:\/\/webvasco.com\/artigos\/wp-content\/uploads\/2020\/01\/j1.jpg 1096w\" sizes=\"auto, (max-width: 257px) 100vw, 257px\" \/><\/a><\/p>\n","protected":false},"excerpt":{"rendered":"<p>ELAS &amp; O PROFESSOR POR LUIZ CARLOS ROCHA A entrevista de janeiro de 2020, com&#8230;<\/p>\n","protected":false},"author":7,"featured_media":8819,"comment_status":"open","ping_status":"closed","sticky":false,"template":"","format":"standard","meta":{"footnotes":""},"categories":[27],"tags":[],"class_list":["post-8815","post","type-post","status-publish","format-standard","has-post-thumbnail","hentry","category-elas-e-o-professor"],"_links":{"self":[{"href":"https:\/\/webvasco.com\/artigos\/wp-json\/wp\/v2\/posts\/8815","targetHints":{"allow":["GET"]}}],"collection":[{"href":"https:\/\/webvasco.com\/artigos\/wp-json\/wp\/v2\/posts"}],"about":[{"href":"https:\/\/webvasco.com\/artigos\/wp-json\/wp\/v2\/types\/post"}],"author":[{"embeddable":true,"href":"https:\/\/webvasco.com\/artigos\/wp-json\/wp\/v2\/users\/7"}],"replies":[{"embeddable":true,"href":"https:\/\/webvasco.com\/artigos\/wp-json\/wp\/v2\/comments?post=8815"}],"version-history":[{"count":4,"href":"https:\/\/webvasco.com\/artigos\/wp-json\/wp\/v2\/posts\/8815\/revisions"}],"predecessor-version":[{"id":8828,"href":"https:\/\/webvasco.com\/artigos\/wp-json\/wp\/v2\/posts\/8815\/revisions\/8828"}],"wp:featuredmedia":[{"embeddable":true,"href":"https:\/\/webvasco.com\/artigos\/wp-json\/wp\/v2\/media\/8819"}],"wp:attachment":[{"href":"https:\/\/webvasco.com\/artigos\/wp-json\/wp\/v2\/media?parent=8815"}],"wp:term":[{"taxonomy":"category","embeddable":true,"href":"https:\/\/webvasco.com\/artigos\/wp-json\/wp\/v2\/categories?post=8815"},{"taxonomy":"post_tag","embeddable":true,"href":"https:\/\/webvasco.com\/artigos\/wp-json\/wp\/v2\/tags?post=8815"}],"curies":[{"name":"wp","href":"https:\/\/api.w.org\/{rel}","templated":true}]}}