{"id":8830,"date":"2020-02-13T09:30:35","date_gmt":"2020-02-13T12:30:35","guid":{"rendered":"http:\/\/webvasco.com\/artigos\/?p=8830"},"modified":"2020-02-13T09:33:42","modified_gmt":"2020-02-13T12:33:42","slug":"elas-o-professor-mah","status":"publish","type":"post","link":"https:\/\/webvasco.com\/artigos\/temas\/elas-e-o-professor\/elas-o-professor-mah\/","title":{"rendered":"ELAS &#038; O PROFESSOR &#8211; MAH"},"content":{"rendered":"<p class=\"ydpcc19f342MsoNormal\">A entrevista de fevereiro de 2020, com Maria dos Santos, \u00e9 dedicada \u00e0 minha filha linda, a vasca\u00edna \u00darsulla Rocha.<\/p>\n<p class=\"ydpcc19f342MsoNormal\"><b>MAH<\/b>, como \u00e9 conhecida, t\u00eam 34 anos, \u00e9 administradora, servidora p\u00fablica estadual, solteira, canceriana, manauara com ra\u00edzes carioca, pela heran\u00e7a da fam\u00edlia paterna. Por ser descendente de portugueses sua paix\u00e3o pelo Vasco da Gama come\u00e7ou desde menina. Sua Escola de Samba de cora\u00e7\u00e3o \u00e9 a Mocidade de Padre Miguel. Nas horas vagas curte assistir os jogos do Cruzmaltino.<\/p>\n<p class=\"ydpcc19f342MsoNormal\"><b>O Vasco da Gama come\u00e7ou mal o Campeonato Carioca. Ainda h\u00e1 tempo de conquistar esse t\u00edtulo?<\/b><\/p>\n<p class=\"ydpcc19f342MsoNormal\">Sempre acredito que sim (Sorriu). Se h\u00e1 probabilidade \u00e9 poss\u00edvel.<\/p>\n<p class=\"ydpcc19f342MsoNormal\"><b>O plantel atual s\u00f3 \u00e9 capaz de conquistas regionais?<\/b><\/p>\n<p class=\"ydpcc19f342MsoNormal\">No nosso caso, acredito em sorte de jogo e determina\u00e7\u00e3o dos jogadores. Nos \u00faltimos anos n\u00e3o viemos tendo a melhor equipe. E conseguimos uma classifica\u00e7\u00e3o para a pr\u00e9 Libertadores.<\/p>\n<p class=\"ydpcc19f342MsoNormal\"><b>\u00a0<\/b><\/p>\n<p class=\"ydpcc19f342MsoNormal\"><b>O Flamengo tem Gabriel (Gabgol), Fluminense tem o Nen\u00ea, Botafogo contratou Honda. Quem \u00e9 \u2013 na sua opini\u00e3o \u2013 o astro do Cruzmaltino?<\/b><\/p>\n<p class=\"ydpcc19f342MsoNormal\">Sem d\u00favida o Leandro Castan. Sou extremamente apaixonada pelo posicionamento dele, dentro e fora do campo<\/p>\n<p class=\"ydpcc19f342MsoNormal\"><b>O desempenho do time no Campeonato Brasileiro de 2020 ser\u00e1 melhor, pior ou no mesmo n\u00edvel que a temporada passada?<\/b><\/p>\n<p class=\"ydpcc19f342MsoNormal\">Pela minha f\u00e9 de torcedora, ser\u00e1 tudo certo (sorriu novamente).\u00a0 Sempre penso positivo em meio ao caos. Acredito que vamos ser melhores.<\/p>\n<p class=\"ydpcc19f342MsoNormal\"><b>O t\u00e9cnico Abel Braga t\u00eam nas m\u00e3os o mesmo elenco que o antigo treinador Vanderlei Luxemburgo. Por que as vit\u00f3rias n\u00e3o est\u00e3o acontecendo?<\/b><\/p>\n<p class=\"ydpcc19f342MsoNormal\">\u00a0Aparentemente nem o t\u00e9cnico acredita nele.<\/p>\n<p class=\"ydpcc19f342MsoNormal\"><b>A troca de Luxemburgo por Abel foi ruim para o Vasco?<\/b><\/p>\n<p class=\"ydpcc19f342MsoNormal\">P\u00e9ssimo. A persuas\u00e3o que o Luxemburgo passava era essencial at\u00e9 para n\u00f3s torcedores<\/p>\n<p class=\"ydpcc19f342MsoNormal\"><b>Voc\u00ea se tornou s\u00f3cia com o novo Programa de S\u00f3cios do Gigante da Colina?<\/b><\/p>\n<p class=\"ydpcc19f342MsoNormal\">N\u00e3o precisou.\u00a0 J\u00e1 sou s\u00f3cia h\u00e1 mais de 5 anos.<\/p>\n<p class=\"ydpcc19f342MsoNormal\"><b>Est\u00e1 faltando amor \u00e0 camisa, por parte de jogadores e Comiss\u00e3o T\u00e9cnica?<\/b><\/p>\n<p class=\"ydpcc19f342MsoNormal\">T\u00eam alguns jogadores que parece que nem est\u00e3o em campo. Imagina consci\u00eancia do que \u00e9 ter amor \u00e0 camisa!\u00a0 Quanto a Comiss\u00e3o T\u00e9cnica j\u00e1 vem nos mostrando a dificuldade de reconhecer esse sentimento.<\/p>\n<p class=\"ydpcc19f342MsoNormal\"><b>A solu\u00e7\u00e3o para o clube se reerguer de uma vez por todas seria virar clube-empresa?<\/b><\/p>\n<p class=\"ydpcc19f342MsoNormal\">Depois de tudo que passamos por causa da pol\u00edtica, e m\u00e1 administra\u00e7\u00e3o, para que o clube possa nos passar seriedade, e assim fazer com que todos invistam, talvez essa seja a solu\u00e7\u00e3o sim.<\/p>\n<p>&nbsp;<\/p>\n<p class=\"ydpcc19f342MsoNormal\"><b>Um Coaching Executivo ajudaria os atletas a focarem mais no trabalho, e com isso o resultado apareceria?<\/b><\/p>\n<p class=\"ydpcc19f342MsoNormal\">Basta colocar o Luxemburgo novamente como t\u00e9cnico.<\/p>\n<p class=\"ydpcc19f342MsoNormal\"><b>Contratar jogadores por produ\u00e7\u00e3o seria uma das solu\u00e7\u00f5es?<\/b><\/p>\n<p class=\"ydpcc19f342MsoNormal\">Poderia ser uma boa cl\u00e1usula no contrato.<\/p>\n<p class=\"ydpcc19f342MsoNormal\"><b>Por algum momento da sua vida j\u00e1 pensou em assumir qualquer cargo dentro do Vasco?<\/b><\/p>\n<p class=\"ydpcc19f342MsoNormal\">As vezes me revolto um pouco com o marketing do clube. Me coloco na posi\u00e7\u00e3o de ser respons\u00e1vel por essa \u00e1rea. Mas talvez a minha cegueira de amor pelo Vasco n\u00e3o seja bom assumir nada.<b><\/b><\/p>\n<p class=\"ydpcc19f342MsoNormal\"><b>\u00a0<\/b><\/p>\n<p class=\"ydpcc19f342MsoNormal\"><b>\u00a0\u00a0\u00a0\u00a0\u00a0\u00a0\u00a0\u00a0 \u00a0<\/b><\/p>\n<p class=\"ydpcc19f342MsoNormal\"><b><u>FOTOGRAFIAS FORNECIDAS PELA ENTREVISTADA.<\/u><\/b><\/p>\n<p><a href=\"https:\/\/webvasco.com\/artigos\/wp-content\/uploads\/2020\/02\/WhatsApp-Image-2020-02-11-at-11.22.28.jpeg\"><img loading=\"lazy\" decoding=\"async\" class=\"alignright size-medium wp-image-8831\" src=\"https:\/\/webvasco.com\/artigos\/wp-content\/uploads\/2020\/02\/WhatsApp-Image-2020-02-11-at-11.22.28-192x300.jpeg\" alt=\"\" width=\"192\" height=\"300\" srcset=\"https:\/\/webvasco.com\/artigos\/wp-content\/uploads\/2020\/02\/WhatsApp-Image-2020-02-11-at-11.22.28-192x300.jpeg 192w, https:\/\/webvasco.com\/artigos\/wp-content\/uploads\/2020\/02\/WhatsApp-Image-2020-02-11-at-11.22.28-96x150.jpeg 96w, https:\/\/webvasco.com\/artigos\/wp-content\/uploads\/2020\/02\/WhatsApp-Image-2020-02-11-at-11.22.28-654x1024.jpeg 654w, https:\/\/webvasco.com\/artigos\/wp-content\/uploads\/2020\/02\/WhatsApp-Image-2020-02-11-at-11.22.28.jpeg 758w\" sizes=\"auto, (max-width: 192px) 100vw, 192px\" \/><\/a> <a href=\"https:\/\/webvasco.com\/artigos\/wp-content\/uploads\/2020\/02\/WhatsApp-Image-2020-02-11-at-11.33.40-1.jpeg\"><img loading=\"lazy\" decoding=\"async\" class=\"alignright size-medium wp-image-8832\" src=\"https:\/\/webvasco.com\/artigos\/wp-content\/uploads\/2020\/02\/WhatsApp-Image-2020-02-11-at-11.33.40-1-220x300.jpeg\" alt=\"\" width=\"220\" height=\"300\" srcset=\"https:\/\/webvasco.com\/artigos\/wp-content\/uploads\/2020\/02\/WhatsApp-Image-2020-02-11-at-11.33.40-1-220x300.jpeg 220w, https:\/\/webvasco.com\/artigos\/wp-content\/uploads\/2020\/02\/WhatsApp-Image-2020-02-11-at-11.33.40-1-110x150.jpeg 110w, https:\/\/webvasco.com\/artigos\/wp-content\/uploads\/2020\/02\/WhatsApp-Image-2020-02-11-at-11.33.40-1-750x1024.jpeg 750w, https:\/\/webvasco.com\/artigos\/wp-content\/uploads\/2020\/02\/WhatsApp-Image-2020-02-11-at-11.33.40-1.jpeg 762w\" sizes=\"auto, (max-width: 220px) 100vw, 220px\" \/><\/a> <a href=\"https:\/\/webvasco.com\/artigos\/wp-content\/uploads\/2020\/02\/WhatsApp-Image-2020-02-11-at-11.33.41-1.jpeg\"><img loading=\"lazy\" decoding=\"async\" class=\"alignright size-medium wp-image-8833\" src=\"https:\/\/webvasco.com\/artigos\/wp-content\/uploads\/2020\/02\/WhatsApp-Image-2020-02-11-at-11.33.41-1-300x225.jpeg\" alt=\"\" width=\"300\" height=\"225\" srcset=\"https:\/\/webvasco.com\/artigos\/wp-content\/uploads\/2020\/02\/WhatsApp-Image-2020-02-11-at-11.33.41-1-300x225.jpeg 300w, https:\/\/webvasco.com\/artigos\/wp-content\/uploads\/2020\/02\/WhatsApp-Image-2020-02-11-at-11.33.41-1-150x113.jpeg 150w, https:\/\/webvasco.com\/artigos\/wp-content\/uploads\/2020\/02\/WhatsApp-Image-2020-02-11-at-11.33.41-1-768x576.jpeg 768w, https:\/\/webvasco.com\/artigos\/wp-content\/uploads\/2020\/02\/WhatsApp-Image-2020-02-11-at-11.33.41-1-1024x768.jpeg 1024w, https:\/\/webvasco.com\/artigos\/wp-content\/uploads\/2020\/02\/WhatsApp-Image-2020-02-11-at-11.33.41-1.jpeg 1280w\" sizes=\"auto, (max-width: 300px) 100vw, 300px\" \/><\/a> <a href=\"https:\/\/webvasco.com\/artigos\/wp-content\/uploads\/2020\/02\/WhatsApp-Image-2020-02-11-at-11.33.41.jpeg\"><img loading=\"lazy\" decoding=\"async\" class=\"alignright size-medium wp-image-8834\" src=\"https:\/\/webvasco.com\/artigos\/wp-content\/uploads\/2020\/02\/WhatsApp-Image-2020-02-11-at-11.33.41-225x300.jpeg\" alt=\"\" width=\"225\" height=\"300\" srcset=\"https:\/\/webvasco.com\/artigos\/wp-content\/uploads\/2020\/02\/WhatsApp-Image-2020-02-11-at-11.33.41-225x300.jpeg 225w, https:\/\/webvasco.com\/artigos\/wp-content\/uploads\/2020\/02\/WhatsApp-Image-2020-02-11-at-11.33.41-113x150.jpeg 113w, https:\/\/webvasco.com\/artigos\/wp-content\/uploads\/2020\/02\/WhatsApp-Image-2020-02-11-at-11.33.41-768x1022.jpeg 768w, https:\/\/webvasco.com\/artigos\/wp-content\/uploads\/2020\/02\/WhatsApp-Image-2020-02-11-at-11.33.41-770x1024.jpeg 770w, https:\/\/webvasco.com\/artigos\/wp-content\/uploads\/2020\/02\/WhatsApp-Image-2020-02-11-at-11.33.41.jpeg 962w\" sizes=\"auto, (max-width: 225px) 100vw, 225px\" \/><\/a> <a href=\"https:\/\/webvasco.com\/artigos\/wp-content\/uploads\/2020\/02\/WhatsApp-Image-2020-02-11-at-11.33.42.jpeg\"><img loading=\"lazy\" decoding=\"async\" class=\"alignright size-medium wp-image-8835\" src=\"https:\/\/webvasco.com\/artigos\/wp-content\/uploads\/2020\/02\/WhatsApp-Image-2020-02-11-at-11.33.42-300x277.jpeg\" alt=\"\" width=\"300\" height=\"277\" srcset=\"https:\/\/webvasco.com\/artigos\/wp-content\/uploads\/2020\/02\/WhatsApp-Image-2020-02-11-at-11.33.42-300x277.jpeg 300w, https:\/\/webvasco.com\/artigos\/wp-content\/uploads\/2020\/02\/WhatsApp-Image-2020-02-11-at-11.33.42-150x138.jpeg 150w, https:\/\/webvasco.com\/artigos\/wp-content\/uploads\/2020\/02\/WhatsApp-Image-2020-02-11-at-11.33.42-768x708.jpeg 768w, https:\/\/webvasco.com\/artigos\/wp-content\/uploads\/2020\/02\/WhatsApp-Image-2020-02-11-at-11.33.42-1024x944.jpeg 1024w, https:\/\/webvasco.com\/artigos\/wp-content\/uploads\/2020\/02\/WhatsApp-Image-2020-02-11-at-11.33.42.jpeg 1280w\" sizes=\"auto, (max-width: 300px) 100vw, 300px\" \/><\/a><\/p>\n","protected":false},"excerpt":{"rendered":"<p>A entrevista de fevereiro de 2020, com Maria dos Santos, \u00e9 dedicada \u00e0 minha filha&#8230;<\/p>\n","protected":false},"author":1,"featured_media":8837,"comment_status":"open","ping_status":"closed","sticky":false,"template":"","format":"standard","meta":{"footnotes":""},"categories":[27],"tags":[],"class_list":["post-8830","post","type-post","status-publish","format-standard","has-post-thumbnail","hentry","category-elas-e-o-professor"],"_links":{"self":[{"href":"https:\/\/webvasco.com\/artigos\/wp-json\/wp\/v2\/posts\/8830","targetHints":{"allow":["GET"]}}],"collection":[{"href":"https:\/\/webvasco.com\/artigos\/wp-json\/wp\/v2\/posts"}],"about":[{"href":"https:\/\/webvasco.com\/artigos\/wp-json\/wp\/v2\/types\/post"}],"author":[{"embeddable":true,"href":"https:\/\/webvasco.com\/artigos\/wp-json\/wp\/v2\/users\/1"}],"replies":[{"embeddable":true,"href":"https:\/\/webvasco.com\/artigos\/wp-json\/wp\/v2\/comments?post=8830"}],"version-history":[{"count":2,"href":"https:\/\/webvasco.com\/artigos\/wp-json\/wp\/v2\/posts\/8830\/revisions"}],"predecessor-version":[{"id":8838,"href":"https:\/\/webvasco.com\/artigos\/wp-json\/wp\/v2\/posts\/8830\/revisions\/8838"}],"wp:featuredmedia":[{"embeddable":true,"href":"https:\/\/webvasco.com\/artigos\/wp-json\/wp\/v2\/media\/8837"}],"wp:attachment":[{"href":"https:\/\/webvasco.com\/artigos\/wp-json\/wp\/v2\/media?parent=8830"}],"wp:term":[{"taxonomy":"category","embeddable":true,"href":"https:\/\/webvasco.com\/artigos\/wp-json\/wp\/v2\/categories?post=8830"},{"taxonomy":"post_tag","embeddable":true,"href":"https:\/\/webvasco.com\/artigos\/wp-json\/wp\/v2\/tags?post=8830"}],"curies":[{"name":"wp","href":"https:\/\/api.w.org\/{rel}","templated":true}]}}