{"id":8839,"date":"2020-03-25T00:52:21","date_gmt":"2020-03-25T03:52:21","guid":{"rendered":"https:\/\/webvasco.com\/artigos\/?p=8839"},"modified":"2020-03-25T07:13:42","modified_gmt":"2020-03-25T10:13:42","slug":"elas-o-professor-re","status":"publish","type":"post","link":"https:\/\/webvasco.com\/artigos\/temas\/elas-e-o-professor\/elas-o-professor-re\/","title":{"rendered":"Elas &amp; o Professor &#8211; R\u00ea"},"content":{"rendered":"<p><strong>ELAS &amp; O PROFESSOR<\/strong><\/p>\n<p><strong>POR LUIZ CARLOS ROCHA<\/strong><\/p>\n<p>A entrevista de mar\u00e7o de 2020, com Renata da Silva Mussauer, \u00e9 dedicada \u00e0 minha filhota \u00darsulla Rocha, uma lind\u00edssima vasca\u00edna.<\/p>\n<p><strong>R\u00ca<\/strong>, \u00e9 solteira, carioca, t\u00eam 35 anos, \u00e9 farmac\u00eautica de forma\u00e7\u00e3o, trabalha como analista de medicamentos na Rede Dor. Do signo de \u00e1ries, sua cor preferida \u00e9 o preto, tem paix\u00e3o pela cachorrinha de estima\u00e7\u00e3o, mora com a mam\u00e3e, embora n\u00e3o tenha Escola de Samba de cora\u00e7\u00e3o, gosta bastante da Grande Rio, por ser de Duque de Caxias\/RJ, sua cidade natal. A bela vasca\u00edna t\u00eam 2 irm\u00e3os e 4 sobrinhos, e aguarda a chegada do quinto menino na Fam\u00edlia Mussauer.<\/p>\n<p><strong> Em tempo de Corona V\u00edrus (Covid-19), quem deveria ser \u201cisolado\u201d do time pelo futebol que vem apresentando? <\/strong><\/p>\n<p>Olha, est\u00e1 bem dif\u00edcil &#8220;isolar&#8221; s\u00f3 um, ent\u00e3o vou de Ribamar.<\/p>\n<p><strong>Eurico Miranda foi um v\u00edrus sem cura implantado no Vasco da Gama?<\/strong><\/p>\n<p>Acredito que tenha sido, em algum momento, mas penso que est\u00e1 chegando nosso momento de ter o clube administrado por pessoas capacitadas e profissionais de verdade. N\u00e3o h\u00e1 mal que dure para sempre.<\/p>\n<p><strong> Qual o rem\u00e9dio para que o Cruzmaltino volte a ser respeitado?<\/strong><\/p>\n<p>Primeiramente, mudar esse estatuto que n\u00e3o ajuda em nada, apenas em interesses pessoais e pol\u00edticos dos senhores conselheiros. Depois dessa faxina no estatuto, uma elei\u00e7\u00e3o confi\u00e1vel poderia come\u00e7ar a mostrar para as pessoas que nossa institui\u00e7\u00e3o n\u00e3o \u00e9 chacota. Enquanto tivermos brigas, picuinhas, not\u00edcias de barraco nas reuni\u00f5es do Conselho de Benem\u00e9ritos, ningu\u00e9m levar\u00e1 a s\u00e9rio.<\/p>\n<p><strong> Qual a maior dor de cabe\u00e7a no time, ataque, meio ou defesa?<\/strong><\/p>\n<p>Para mim, as duas laterais. Quase infarto em todos os jogos (sorriu).<\/p>\n<p><strong> O Vasco est\u00e1 sem ar para disputar as pelejas em 2020?<\/strong><\/p>\n<p>Sem ar, sem disposi\u00e7\u00e3o, sem acreditar nele mesmo.. Bem complicado.<\/p>\n<p><strong> A situa\u00e7\u00e3o financeira do clube encontra-se na UTI?<\/strong><\/p>\n<p>Sim. Muito cr\u00edtica a situa\u00e7\u00e3o. Parece que n\u00e3o melhora nunca, sempre que achamos que vai, v\u00eam uma not\u00edcia ruim.<\/p>\n<p><strong>O Dr. Alexandre Campello \u2013 m\u00e9dico \u2013 ainda diagnosticou o problema para a recupera\u00e7\u00e3o vasca\u00edna?<\/strong><\/p>\n<p>Primeiramente, esse senhor n\u00e3o fez por merecer o cargo que ocupa, foi desonesto. N\u00e3o acho que fa\u00e7a uma administra\u00e7\u00e3o correta. Isso em termos de clube, n\u00e3o s\u00f3 de futebol.<\/p>\n<p><strong>O Gigante da Colina t\u00eam o Departamento de Futebol lesado isoladamente ou h\u00e1 met\u00e1stase, e o clube est\u00e1 todo comprometido?<\/strong><\/p>\n<p>O clube est\u00e1 todo comprometido. J\u00e1 viu quantos meses de sal\u00e1rio os funcion\u00e1rios que ganham muito menos que os jogadores est\u00e3o sem receber? N\u00e3o t\u00eam um s\u00f3 departamento lesado, \u00e9 o clube inteiro.<\/p>\n<p><strong>Algum jogador gen\u00e9rico pode ser a salva\u00e7\u00e3o do plantel?<\/strong><\/p>\n<p>Talles (Magno) e Vin\u00edcius.<\/p>\n<p><strong> Declara\u00e7\u00f5es de poss\u00edveis candidatos a presid\u00eancia, sem a menor no\u00e7\u00e3o de administra\u00e7\u00e3o \u00e9 caso de \u201cinterna\u00e7\u00e3o\u201d imediata?<\/strong><\/p>\n<p>Sim, com certeza. \u00c9 muito f\u00e1cil falar ou apontar erros quando n\u00e3o est\u00e1 vivendo o problema, se todos esses candidatos realmente quisessem o bem do Vasco, pensariam e fariam totalmente diferente. Pensariam na institui\u00e7\u00e3o.<\/p>\n<p><strong> Qual atleta necessita de inje\u00e7\u00e3o de \u00e2nimo?<\/strong><\/p>\n<p>Marrony n\u00e9! Pelo amor de Deus.<\/p>\n<p><strong> Homeopatia, alopatia ou \u201cesporropatia\u201d \u00e9 o rem\u00e9dio ideal para o Vasco?<\/strong><\/p>\n<p>Para in\u00edcio, esporropatia. Mas n\u00e3o podemos esquecer da tarja preta para n\u00f3s torcedores (concluiu com imenso sorriso).<\/p>\n<p><strong>FOTOGRAFIAS FORNECIDAS PELA ENTREVISTADA.<\/strong><\/p>\n<p><a href=\"https:\/\/webvasco.com\/artigos\/wp-content\/uploads\/2020\/03\/WhatsApp-Image-2020-03-24-at-08.01.28.jpeg\"><img loading=\"lazy\" decoding=\"async\" class=\"alignright size-medium wp-image-8844\" src=\"https:\/\/webvasco.com\/artigos\/wp-content\/uploads\/2020\/03\/WhatsApp-Image-2020-03-24-at-08.01.28-169x300.jpeg\" alt=\"\" width=\"169\" height=\"300\" srcset=\"https:\/\/webvasco.com\/artigos\/wp-content\/uploads\/2020\/03\/WhatsApp-Image-2020-03-24-at-08.01.28-169x300.jpeg 169w, https:\/\/webvasco.com\/artigos\/wp-content\/uploads\/2020\/03\/WhatsApp-Image-2020-03-24-at-08.01.28-84x150.jpeg 84w, https:\/\/webvasco.com\/artigos\/wp-content\/uploads\/2020\/03\/WhatsApp-Image-2020-03-24-at-08.01.28-576x1024.jpeg 576w, https:\/\/webvasco.com\/artigos\/wp-content\/uploads\/2020\/03\/WhatsApp-Image-2020-03-24-at-08.01.28.jpeg 720w\" sizes=\"auto, (max-width: 169px) 100vw, 169px\" \/><\/a> <a href=\"https:\/\/webvasco.com\/artigos\/wp-content\/uploads\/2020\/03\/WhatsApp-Image-2020-03-24-at-08.01.27.jpeg\"><img loading=\"lazy\" decoding=\"async\" class=\"alignright size-medium wp-image-8843\" src=\"https:\/\/webvasco.com\/artigos\/wp-content\/uploads\/2020\/03\/WhatsApp-Image-2020-03-24-at-08.01.27-289x300.jpeg\" alt=\"\" width=\"289\" height=\"300\" srcset=\"https:\/\/webvasco.com\/artigos\/wp-content\/uploads\/2020\/03\/WhatsApp-Image-2020-03-24-at-08.01.27-289x300.jpeg 289w, https:\/\/webvasco.com\/artigos\/wp-content\/uploads\/2020\/03\/WhatsApp-Image-2020-03-24-at-08.01.27-145x150.jpeg 145w, https:\/\/webvasco.com\/artigos\/wp-content\/uploads\/2020\/03\/WhatsApp-Image-2020-03-24-at-08.01.27-768x796.jpeg 768w, https:\/\/webvasco.com\/artigos\/wp-content\/uploads\/2020\/03\/WhatsApp-Image-2020-03-24-at-08.01.27-988x1024.jpeg 988w, https:\/\/webvasco.com\/artigos\/wp-content\/uploads\/2020\/03\/WhatsApp-Image-2020-03-24-at-08.01.27-1024x1061.jpeg 1024w, https:\/\/webvasco.com\/artigos\/wp-content\/uploads\/2020\/03\/WhatsApp-Image-2020-03-24-at-08.01.27.jpeg 1235w\" sizes=\"auto, (max-width: 289px) 100vw, 289px\" \/><\/a> <a href=\"https:\/\/webvasco.com\/artigos\/wp-content\/uploads\/2020\/03\/WhatsApp-Image-2020-03-24-at-08.01.27-1.jpeg\"><img loading=\"lazy\" decoding=\"async\" class=\"alignright size-medium wp-image-8842\" src=\"https:\/\/webvasco.com\/artigos\/wp-content\/uploads\/2020\/03\/WhatsApp-Image-2020-03-24-at-08.01.27-1-225x300.jpeg\" alt=\"\" width=\"225\" height=\"300\" srcset=\"https:\/\/webvasco.com\/artigos\/wp-content\/uploads\/2020\/03\/WhatsApp-Image-2020-03-24-at-08.01.27-1-225x300.jpeg 225w, https:\/\/webvasco.com\/artigos\/wp-content\/uploads\/2020\/03\/WhatsApp-Image-2020-03-24-at-08.01.27-1-113x150.jpeg 113w, https:\/\/webvasco.com\/artigos\/wp-content\/uploads\/2020\/03\/WhatsApp-Image-2020-03-24-at-08.01.27-1-768x1024.jpeg 768w, https:\/\/webvasco.com\/artigos\/wp-content\/uploads\/2020\/03\/WhatsApp-Image-2020-03-24-at-08.01.27-1.jpeg 960w\" sizes=\"auto, (max-width: 225px) 100vw, 225px\" \/><\/a> <a href=\"https:\/\/webvasco.com\/artigos\/wp-content\/uploads\/2020\/03\/WhatsApp-Image-2020-03-24-at-08.01.30.jpeg\"><img loading=\"lazy\" decoding=\"async\" class=\"alignright size-medium wp-image-8841\" src=\"https:\/\/webvasco.com\/artigos\/wp-content\/uploads\/2020\/03\/WhatsApp-Image-2020-03-24-at-08.01.30-225x300.jpeg\" alt=\"\" width=\"225\" height=\"300\" srcset=\"https:\/\/webvasco.com\/artigos\/wp-content\/uploads\/2020\/03\/WhatsApp-Image-2020-03-24-at-08.01.30-225x300.jpeg 225w, https:\/\/webvasco.com\/artigos\/wp-content\/uploads\/2020\/03\/WhatsApp-Image-2020-03-24-at-08.01.30-113x150.jpeg 113w, https:\/\/webvasco.com\/artigos\/wp-content\/uploads\/2020\/03\/WhatsApp-Image-2020-03-24-at-08.01.30-768x1024.jpeg 768w, https:\/\/webvasco.com\/artigos\/wp-content\/uploads\/2020\/03\/WhatsApp-Image-2020-03-24-at-08.01.30.jpeg 960w\" sizes=\"auto, (max-width: 225px) 100vw, 225px\" \/><\/a> <a href=\"https:\/\/webvasco.com\/artigos\/wp-content\/uploads\/2020\/03\/WhatsApp-Image-2020-03-24-at-08.01.30-1.jpeg\"><img loading=\"lazy\" decoding=\"async\" class=\"alignright size-medium wp-image-8840\" src=\"https:\/\/webvasco.com\/artigos\/wp-content\/uploads\/2020\/03\/WhatsApp-Image-2020-03-24-at-08.01.30-1-225x300.jpeg\" alt=\"\" width=\"225\" height=\"300\" srcset=\"https:\/\/webvasco.com\/artigos\/wp-content\/uploads\/2020\/03\/WhatsApp-Image-2020-03-24-at-08.01.30-1-225x300.jpeg 225w, https:\/\/webvasco.com\/artigos\/wp-content\/uploads\/2020\/03\/WhatsApp-Image-2020-03-24-at-08.01.30-1-113x150.jpeg 113w, https:\/\/webvasco.com\/artigos\/wp-content\/uploads\/2020\/03\/WhatsApp-Image-2020-03-24-at-08.01.30-1-768x1024.jpeg 768w, https:\/\/webvasco.com\/artigos\/wp-content\/uploads\/2020\/03\/WhatsApp-Image-2020-03-24-at-08.01.30-1.jpeg 960w\" sizes=\"auto, (max-width: 225px) 100vw, 225px\" \/><\/a><\/p>\n","protected":false},"excerpt":{"rendered":"<p>ELAS &amp; O PROFESSOR POR LUIZ CARLOS ROCHA A entrevista de mar\u00e7o de 2020, com&#8230;<\/p>\n","protected":false},"author":7,"featured_media":8842,"comment_status":"open","ping_status":"closed","sticky":false,"template":"","format":"standard","meta":{"footnotes":""},"categories":[27],"tags":[],"class_list":["post-8839","post","type-post","status-publish","format-standard","has-post-thumbnail","hentry","category-elas-e-o-professor"],"_links":{"self":[{"href":"https:\/\/webvasco.com\/artigos\/wp-json\/wp\/v2\/posts\/8839","targetHints":{"allow":["GET"]}}],"collection":[{"href":"https:\/\/webvasco.com\/artigos\/wp-json\/wp\/v2\/posts"}],"about":[{"href":"https:\/\/webvasco.com\/artigos\/wp-json\/wp\/v2\/types\/post"}],"author":[{"embeddable":true,"href":"https:\/\/webvasco.com\/artigos\/wp-json\/wp\/v2\/users\/7"}],"replies":[{"embeddable":true,"href":"https:\/\/webvasco.com\/artigos\/wp-json\/wp\/v2\/comments?post=8839"}],"version-history":[{"count":3,"href":"https:\/\/webvasco.com\/artigos\/wp-json\/wp\/v2\/posts\/8839\/revisions"}],"predecessor-version":[{"id":8848,"href":"https:\/\/webvasco.com\/artigos\/wp-json\/wp\/v2\/posts\/8839\/revisions\/8848"}],"wp:featuredmedia":[{"embeddable":true,"href":"https:\/\/webvasco.com\/artigos\/wp-json\/wp\/v2\/media\/8842"}],"wp:attachment":[{"href":"https:\/\/webvasco.com\/artigos\/wp-json\/wp\/v2\/media?parent=8839"}],"wp:term":[{"taxonomy":"category","embeddable":true,"href":"https:\/\/webvasco.com\/artigos\/wp-json\/wp\/v2\/categories?post=8839"},{"taxonomy":"post_tag","embeddable":true,"href":"https:\/\/webvasco.com\/artigos\/wp-json\/wp\/v2\/tags?post=8839"}],"curies":[{"name":"wp","href":"https:\/\/api.w.org\/{rel}","templated":true}]}}