{"id":8849,"date":"2020-04-26T01:56:25","date_gmt":"2020-04-26T04:56:25","guid":{"rendered":"https:\/\/webvasco.com\/artigos\/?p=8849"},"modified":"2020-04-30T17:59:00","modified_gmt":"2020-04-30T20:59:00","slug":"elas-o-professor-cissa-alves","status":"publish","type":"post","link":"https:\/\/webvasco.com\/artigos\/temas\/elas-e-o-professor\/elas-o-professor-cissa-alves\/","title":{"rendered":"ELAS &amp; O PROFESSOR &#8211; CISSA ALVES"},"content":{"rendered":"<p><strong>ELAS &amp; O PROFESSOR<\/strong><\/p>\n<p><strong>POR LUIZ CARLOS ROCHA<\/strong><\/p>\n<p>A entrevista de abril de 2020, com Maria da Concei\u00e7\u00e3o Pereira Alves, \u00e9 dedicada \u00e0 uma linda vasca\u00edna, \u00darsulla Rocha, minha filha amada.<\/p>\n<p><strong>CISSA ALVES,<\/strong> \u00e9 solteira, carioca, moradora do bairro de S\u00e3o Crist\u00f3v\u00e3o, pr\u00f3ximo ao Est\u00e1dio de S\u00e3o Janu\u00e1rio, apresentadora do Programa de TV DigiPauta, do signo de sagit\u00e1rio, sua cor preferida \u00e9 o dourado. Como uma genu\u00edna moradora do Rio de Janeiro, sua Escola de Samba de cora\u00e7\u00e3o \u00e9 a Portela, mas gosta de todas as outras tamb\u00e9m. A jornalista nas horas vagas curte dan\u00e7ar, visitar amigos e parentes, ir ao cinema, dar um bom mergulho na praia, e, \u00e9 claro degustar uma boa comida da culin\u00e1ria japonesa. Sem contar os frutos do mar, que s\u00e3o amores \u00e0 parte. Mas n\u00e3o para por a\u00ed, a bela loira \u00e9 polivalente, pois al\u00e9m de tudo toca piano.<\/p>\n<p><strong> Em tempo de Pandemia, quem ou qual foi o maior Pandem\u00f4nio que voc\u00ea j\u00e1 viu em S\u00e3o Janu\u00e1rio? <\/strong><\/p>\n<p>N\u00e3o vi. \u00c9 bem verdade que o Vasco passa realmente por uma crise, e isso nos faz ver tudo com esses olhos, mas tamb\u00e9m vejo que a garra por dias melhores \u00e9 maior que qualquer pandem\u00f4nio.<\/p>\n<p><strong>Parte da torcida vasca\u00edna se referia ao ex-presidente Eurico Miranda como Euv\u00edrus, voc\u00ea concorda?<\/strong><\/p>\n<p>N\u00e3o. Sei que muitas de suas atitudes, n\u00e3o foram favor\u00e1veis ao Clube e ao time, mas eu o conheci pessoalmente, era not\u00f3rio seu amor pelo Vasco. Na minha opini\u00e3o, ele fez o poss\u00edvel para que o time viesse a crescer.<\/p>\n<p><strong> Alguns atletas deveriam participar do esquema isolamento esportivo?<\/strong><\/p>\n<p>Certamente. N\u00e3o s\u00f3 alguns, mas todos de prefer\u00eancia. At\u00e9 porque, o esporte tamb\u00e9m est\u00e1 parado. Entendemos que os atletas n\u00e3o podem parar de treinar ou fazer exerc\u00edcios, mas sempre se d\u00e1 um jeito de se exercitar.<\/p>\n<p><strong> Algum pr\u00e9-candidato a presid\u00eancia pode ser considerado um COVID-171?<\/strong><\/p>\n<p>V\u00e1rios. Ali\u00e1s, nossa pol\u00edtica j\u00e1 \u00e9 um covid-171. E coloca 171 nisso!<\/p>\n<p><strong> Se O Vasco da Gama fosse um jornal, qual seria a grande manchete?<\/strong><\/p>\n<p>Seria: DEPARTAMENTO ESPORTIVO CONVALESCENDO.<\/p>\n<p><strong> Qual atleta do atual plantel est\u00e1 sempre em pauta, no que diz respeito ao bom futebol?<\/strong><\/p>\n<p>Isso \u00e9 muito relativo, at\u00e9 porque, esse \u00e9 um mundo de altos e baixos.<\/p>\n<p><strong>O isolamento social atrapalhar\u00e1 o desenvolvimento da equipe nas competi\u00e7\u00f5es em 2020?<\/strong><\/p>\n<p>De uma certa forma sim, mas depende de cada um. Com dedica\u00e7\u00e3o, e empenho, conseguimos chegar l\u00e1. \u00c9 como um aluno que perde v\u00e1rias aulas, se ele focar, ele passa de ano com louvor.<\/p>\n<p><strong>A pol\u00edtica do Gigante da Colina est\u00e1 infectada de v\u00edrus ruins?<\/strong><\/p>\n<p>Quero muito acreditar que n\u00e3o, e dar um voto de confian\u00e7a \u00e0 todos os que l\u00e1 est\u00e3o, mas pelo que podemos ver, o Clube n\u00e3o est\u00e1 bem, e necessita de muito esfor\u00e7o para que volte a ser o que era antes. O Vasco merece respeito \u00e9 um dos maiores do Brasil!<\/p>\n<p><strong>A curva das trapalhadas do presidente Alexandre Campello est\u00e1 em crescimento ou em decl\u00ednio?<\/strong><\/p>\n<p>Neste momento, n\u00e3o h\u00e1 como se ter uma resposta precisa, mesmo porque, com toda essa paraliza\u00e7\u00e3o, n\u00e3o s\u00f3 o Vasco, mas todos os outros times est\u00e3o est\u00e1ticos. \u00c9 certo que h\u00e1 muita coisa errada, mas eu espero imensamente que isso seja corrigido.<\/p>\n<p><strong> Diante do plantel vasca\u00edno, o ex-ministro da sa\u00fade Luiz Henrique Mandetta mandaria o Vasco para a UTI, ou acharia que o tratamento ideal seria em casa (base)? <\/strong><\/p>\n<p>Com certeza ele enviaria para casa. O Vasco com todos os seus problemas e defici\u00eancias, conseguir\u00e1 se reerguer, e voltar\u00e1 a ser temido como O Gigante da Colina!<\/p>\n<p><strong> Voc\u00ea mandaria o Vasco da Gama disputar um Torneio na China?<\/strong><\/p>\n<p>No momento n\u00e3o! \u00c9 imprescind\u00edvel valorizar a vida que \u00e9 um presente de Deus. Mas quando tudo isso passar, que venham todos os torneios do mundo.<\/p>\n<p><strong> O que espera do time cruzmaltino ap\u00f3s a pandemia?<\/strong><\/p>\n<p>Claro que n\u00e3o s\u00f3 eu, mas todos os que amam esse time maravilhoso, desejam muito sucesso, muitas vit\u00f3rias, crescimento, e, sobre tudo, respeito, dedica\u00e7\u00e3o, verdade, honestidade e muito amor de seus comandantes.<\/p>\n<p><strong>FOTOGRAFIAS FORNECIDAS PELA ENTREVISTADA.<\/strong><\/p>\n<div id='gallery-1' class='gallery galleryid-8849 gallery-columns-3 gallery-size-thumbnail'><figure class='gallery-item'>\n\t\t\t<div class='gallery-icon landscape'>\n\t\t\t\t<a href='https:\/\/webvasco.com\/artigos\/temas\/elas-e-o-professor\/elas-o-professor-cissa-alves\/attachment\/c1-4\/'><img loading=\"lazy\" decoding=\"async\" width=\"150\" height=\"123\" src=\"https:\/\/webvasco.com\/artigos\/wp-content\/uploads\/2020\/04\/c1-4-150x123.jpeg\" class=\"attachment-thumbnail size-thumbnail\" alt=\"\" srcset=\"https:\/\/webvasco.com\/artigos\/wp-content\/uploads\/2020\/04\/c1-4-150x123.jpeg 150w, https:\/\/webvasco.com\/artigos\/wp-content\/uploads\/2020\/04\/c1-4-300x245.jpeg 300w, https:\/\/webvasco.com\/artigos\/wp-content\/uploads\/2020\/04\/c1-4.jpeg 720w\" sizes=\"auto, (max-width: 150px) 100vw, 150px\" \/><\/a>\n\t\t\t<\/div><\/figure><figure class='gallery-item'>\n\t\t\t<div class='gallery-icon portrait'>\n\t\t\t\t<a href='https:\/\/webvasco.com\/artigos\/temas\/elas-e-o-professor\/elas-o-professor-cissa-alves\/attachment\/c1-1\/'><img loading=\"lazy\" decoding=\"async\" width=\"89\" height=\"150\" src=\"https:\/\/webvasco.com\/artigos\/wp-content\/uploads\/2020\/04\/c1-1-89x150.jpeg\" class=\"attachment-thumbnail size-thumbnail\" alt=\"\" srcset=\"https:\/\/webvasco.com\/artigos\/wp-content\/uploads\/2020\/04\/c1-1-89x150.jpeg 89w, https:\/\/webvasco.com\/artigos\/wp-content\/uploads\/2020\/04\/c1-1-178x300.jpeg 178w, https:\/\/webvasco.com\/artigos\/wp-content\/uploads\/2020\/04\/c1-1-608x1024.jpeg 608w, https:\/\/webvasco.com\/artigos\/wp-content\/uploads\/2020\/04\/c1-1.jpeg 645w\" sizes=\"auto, (max-width: 89px) 100vw, 89px\" \/><\/a>\n\t\t\t<\/div><\/figure><figure class='gallery-item'>\n\t\t\t<div class='gallery-icon portrait'>\n\t\t\t\t<a href='https:\/\/webvasco.com\/artigos\/temas\/elas-e-o-professor\/elas-o-professor-cissa-alves\/attachment\/c1-2\/'><img loading=\"lazy\" decoding=\"async\" width=\"122\" height=\"150\" src=\"https:\/\/webvasco.com\/artigos\/wp-content\/uploads\/2020\/04\/c1-2-122x150.jpeg\" class=\"attachment-thumbnail size-thumbnail\" alt=\"\" srcset=\"https:\/\/webvasco.com\/artigos\/wp-content\/uploads\/2020\/04\/c1-2-122x150.jpeg 122w, https:\/\/webvasco.com\/artigos\/wp-content\/uploads\/2020\/04\/c1-2-244x300.jpeg 244w, https:\/\/webvasco.com\/artigos\/wp-content\/uploads\/2020\/04\/c1-2.jpeg 677w\" sizes=\"auto, (max-width: 122px) 100vw, 122px\" \/><\/a>\n\t\t\t<\/div><\/figure><figure class='gallery-item'>\n\t\t\t<div class='gallery-icon portrait'>\n\t\t\t\t<a href='https:\/\/webvasco.com\/artigos\/temas\/elas-e-o-professor\/elas-o-professor-cissa-alves\/attachment\/c1-3\/'><img loading=\"lazy\" decoding=\"async\" width=\"84\" height=\"150\" src=\"https:\/\/webvasco.com\/artigos\/wp-content\/uploads\/2020\/04\/c1-3-84x150.jpeg\" class=\"attachment-thumbnail size-thumbnail\" alt=\"\" srcset=\"https:\/\/webvasco.com\/artigos\/wp-content\/uploads\/2020\/04\/c1-3-84x150.jpeg 84w, https:\/\/webvasco.com\/artigos\/wp-content\/uploads\/2020\/04\/c1-3-169x300.jpeg 169w, https:\/\/webvasco.com\/artigos\/wp-content\/uploads\/2020\/04\/c1-3.jpeg 528w\" sizes=\"auto, (max-width: 84px) 100vw, 84px\" \/><\/a>\n\t\t\t<\/div><\/figure><figure class='gallery-item'>\n\t\t\t<div class='gallery-icon portrait'>\n\t\t\t\t<a href='https:\/\/webvasco.com\/artigos\/temas\/elas-e-o-professor\/elas-o-professor-cissa-alves\/attachment\/c1-5\/'><img loading=\"lazy\" decoding=\"async\" width=\"119\" height=\"150\" src=\"https:\/\/webvasco.com\/artigos\/wp-content\/uploads\/2020\/04\/c1-5-119x150.jpeg\" class=\"attachment-thumbnail size-thumbnail\" alt=\"\" srcset=\"https:\/\/webvasco.com\/artigos\/wp-content\/uploads\/2020\/04\/c1-5-119x150.jpeg 119w, https:\/\/webvasco.com\/artigos\/wp-content\/uploads\/2020\/04\/c1-5-239x300.jpeg 239w, https:\/\/webvasco.com\/artigos\/wp-content\/uploads\/2020\/04\/c1-5.jpeg 717w\" sizes=\"auto, (max-width: 119px) 100vw, 119px\" \/><\/a>\n\t\t\t<\/div><\/figure><figure class='gallery-item'>\n\t\t\t<div class='gallery-icon landscape'>\n\t\t\t\t<a href='https:\/\/webvasco.com\/artigos\/temas\/elas-e-o-professor\/elas-o-professor-cissa-alves\/attachment\/c1-6\/'><img loading=\"lazy\" decoding=\"async\" width=\"150\" height=\"150\" src=\"https:\/\/webvasco.com\/artigos\/wp-content\/uploads\/2020\/04\/c1-6-150x150.jpeg\" class=\"attachment-thumbnail size-thumbnail\" alt=\"\" srcset=\"https:\/\/webvasco.com\/artigos\/wp-content\/uploads\/2020\/04\/c1-6-150x150.jpeg 150w, https:\/\/webvasco.com\/artigos\/wp-content\/uploads\/2020\/04\/c1-6-300x300.jpeg 300w, https:\/\/webvasco.com\/artigos\/wp-content\/uploads\/2020\/04\/c1-6.jpeg 720w\" sizes=\"auto, (max-width: 150px) 100vw, 150px\" \/><\/a>\n\t\t\t<\/div><\/figure><figure class='gallery-item'>\n\t\t\t<div class='gallery-icon portrait'>\n\t\t\t\t<a href='https:\/\/webvasco.com\/artigos\/temas\/elas-e-o-professor\/elas-o-professor-cissa-alves\/attachment\/c1-7\/'><img loading=\"lazy\" decoding=\"async\" width=\"125\" height=\"150\" src=\"https:\/\/webvasco.com\/artigos\/wp-content\/uploads\/2020\/04\/c1-7-125x150.jpeg\" class=\"attachment-thumbnail size-thumbnail\" alt=\"\" srcset=\"https:\/\/webvasco.com\/artigos\/wp-content\/uploads\/2020\/04\/c1-7-125x150.jpeg 125w, https:\/\/webvasco.com\/artigos\/wp-content\/uploads\/2020\/04\/c1-7-251x300.jpeg 251w, https:\/\/webvasco.com\/artigos\/wp-content\/uploads\/2020\/04\/c1-7.jpeg 720w\" sizes=\"auto, (max-width: 125px) 100vw, 125px\" \/><\/a>\n\t\t\t<\/div><\/figure><figure class='gallery-item'>\n\t\t\t<div class='gallery-icon portrait'>\n\t\t\t\t<a href='https:\/\/webvasco.com\/artigos\/temas\/elas-e-o-professor\/elas-o-professor-cissa-alves\/attachment\/c1-8\/'><img loading=\"lazy\" decoding=\"async\" width=\"112\" height=\"150\" src=\"https:\/\/webvasco.com\/artigos\/wp-content\/uploads\/2020\/04\/c1-8-112x150.jpeg\" class=\"attachment-thumbnail size-thumbnail\" alt=\"\" srcset=\"https:\/\/webvasco.com\/artigos\/wp-content\/uploads\/2020\/04\/c1-8-112x150.jpeg 112w, https:\/\/webvasco.com\/artigos\/wp-content\/uploads\/2020\/04\/c1-8-225x300.jpeg 225w, https:\/\/webvasco.com\/artigos\/wp-content\/uploads\/2020\/04\/c1-8.jpeg 539w\" sizes=\"auto, (max-width: 112px) 100vw, 112px\" \/><\/a>\n\t\t\t<\/div><\/figure><figure class='gallery-item'>\n\t\t\t<div class='gallery-icon portrait'>\n\t\t\t\t<a href='https:\/\/webvasco.com\/artigos\/temas\/elas-e-o-professor\/elas-o-professor-cissa-alves\/attachment\/c1-9\/'><img loading=\"lazy\" decoding=\"async\" width=\"113\" height=\"150\" src=\"https:\/\/webvasco.com\/artigos\/wp-content\/uploads\/2020\/04\/c1-9-113x150.jpeg\" class=\"attachment-thumbnail size-thumbnail\" alt=\"\" srcset=\"https:\/\/webvasco.com\/artigos\/wp-content\/uploads\/2020\/04\/c1-9-113x150.jpeg 113w, https:\/\/webvasco.com\/artigos\/wp-content\/uploads\/2020\/04\/c1-9-225x300.jpeg 225w, https:\/\/webvasco.com\/artigos\/wp-content\/uploads\/2020\/04\/c1-9.jpeg 588w\" sizes=\"auto, (max-width: 113px) 100vw, 113px\" \/><\/a>\n\t\t\t<\/div><\/figure><figure class='gallery-item'>\n\t\t\t<div class='gallery-icon portrait'>\n\t\t\t\t<a href='https:\/\/webvasco.com\/artigos\/temas\/elas-e-o-professor\/elas-o-professor-cissa-alves\/attachment\/c1-10\/'><img loading=\"lazy\" decoding=\"async\" width=\"113\" height=\"150\" src=\"https:\/\/webvasco.com\/artigos\/wp-content\/uploads\/2020\/04\/c1-10-113x150.jpeg\" class=\"attachment-thumbnail size-thumbnail\" alt=\"\" srcset=\"https:\/\/webvasco.com\/artigos\/wp-content\/uploads\/2020\/04\/c1-10-113x150.jpeg 113w, https:\/\/webvasco.com\/artigos\/wp-content\/uploads\/2020\/04\/c1-10-225x300.jpeg 225w, https:\/\/webvasco.com\/artigos\/wp-content\/uploads\/2020\/04\/c1-10-768x1024.jpeg 768w, https:\/\/webvasco.com\/artigos\/wp-content\/uploads\/2020\/04\/c1-10.jpeg 960w\" sizes=\"auto, (max-width: 113px) 100vw, 113px\" \/><\/a>\n\t\t\t<\/div><\/figure><figure class='gallery-item'>\n\t\t\t<div class='gallery-icon portrait'>\n\t\t\t\t<a href='https:\/\/webvasco.com\/artigos\/temas\/elas-e-o-professor\/elas-o-professor-cissa-alves\/attachment\/c1-11\/'><img loading=\"lazy\" decoding=\"async\" width=\"113\" height=\"150\" src=\"https:\/\/webvasco.com\/artigos\/wp-content\/uploads\/2020\/04\/c1-11-113x150.jpeg\" class=\"attachment-thumbnail size-thumbnail\" alt=\"\" srcset=\"https:\/\/webvasco.com\/artigos\/wp-content\/uploads\/2020\/04\/c1-11-113x150.jpeg 113w, https:\/\/webvasco.com\/artigos\/wp-content\/uploads\/2020\/04\/c1-11-225x300.jpeg 225w, https:\/\/webvasco.com\/artigos\/wp-content\/uploads\/2020\/04\/c1-11-768x1024.jpeg 768w, https:\/\/webvasco.com\/artigos\/wp-content\/uploads\/2020\/04\/c1-11.jpeg 960w\" sizes=\"auto, (max-width: 113px) 100vw, 113px\" \/><\/a>\n\t\t\t<\/div><\/figure><figure class='gallery-item'>\n\t\t\t<div class='gallery-icon portrait'>\n\t\t\t\t<a href='https:\/\/webvasco.com\/artigos\/temas\/elas-e-o-professor\/elas-o-professor-cissa-alves\/attachment\/c1-12\/'><img loading=\"lazy\" decoding=\"async\" width=\"113\" height=\"150\" src=\"https:\/\/webvasco.com\/artigos\/wp-content\/uploads\/2020\/04\/c1-12-113x150.jpeg\" class=\"attachment-thumbnail size-thumbnail\" alt=\"\" srcset=\"https:\/\/webvasco.com\/artigos\/wp-content\/uploads\/2020\/04\/c1-12-113x150.jpeg 113w, https:\/\/webvasco.com\/artigos\/wp-content\/uploads\/2020\/04\/c1-12-225x300.jpeg 225w, https:\/\/webvasco.com\/artigos\/wp-content\/uploads\/2020\/04\/c1-12-768x1024.jpeg 768w, https:\/\/webvasco.com\/artigos\/wp-content\/uploads\/2020\/04\/c1-12.jpeg 960w\" sizes=\"auto, (max-width: 113px) 100vw, 113px\" \/><\/a>\n\t\t\t<\/div><\/figure><figure class='gallery-item'>\n\t\t\t<div class='gallery-icon portrait'>\n\t\t\t\t<a href='https:\/\/webvasco.com\/artigos\/temas\/elas-e-o-professor\/elas-o-professor-cissa-alves\/attachment\/c1-13\/'><img loading=\"lazy\" decoding=\"async\" width=\"113\" height=\"150\" src=\"https:\/\/webvasco.com\/artigos\/wp-content\/uploads\/2020\/04\/c1-13-113x150.jpeg\" class=\"attachment-thumbnail size-thumbnail\" alt=\"\" srcset=\"https:\/\/webvasco.com\/artigos\/wp-content\/uploads\/2020\/04\/c1-13-113x150.jpeg 113w, https:\/\/webvasco.com\/artigos\/wp-content\/uploads\/2020\/04\/c1-13-225x300.jpeg 225w, https:\/\/webvasco.com\/artigos\/wp-content\/uploads\/2020\/04\/c1-13-768x1024.jpeg 768w, https:\/\/webvasco.com\/artigos\/wp-content\/uploads\/2020\/04\/c1-13.jpeg 960w\" sizes=\"auto, (max-width: 113px) 100vw, 113px\" \/><\/a>\n\t\t\t<\/div><\/figure>\n\t\t<\/div>\n\n","protected":false},"excerpt":{"rendered":"<p>ELAS &amp; O PROFESSOR POR LUIZ CARLOS ROCHA A entrevista de abril de 2020, com&#8230;<\/p>\n","protected":false},"author":7,"featured_media":8862,"comment_status":"open","ping_status":"closed","sticky":false,"template":"","format":"standard","meta":{"footnotes":""},"categories":[27],"tags":[],"class_list":["post-8849","post","type-post","status-publish","format-standard","has-post-thumbnail","hentry","category-elas-e-o-professor"],"_links":{"self":[{"href":"https:\/\/webvasco.com\/artigos\/wp-json\/wp\/v2\/posts\/8849","targetHints":{"allow":["GET"]}}],"collection":[{"href":"https:\/\/webvasco.com\/artigos\/wp-json\/wp\/v2\/posts"}],"about":[{"href":"https:\/\/webvasco.com\/artigos\/wp-json\/wp\/v2\/types\/post"}],"author":[{"embeddable":true,"href":"https:\/\/webvasco.com\/artigos\/wp-json\/wp\/v2\/users\/7"}],"replies":[{"embeddable":true,"href":"https:\/\/webvasco.com\/artigos\/wp-json\/wp\/v2\/comments?post=8849"}],"version-history":[{"count":2,"href":"https:\/\/webvasco.com\/artigos\/wp-json\/wp\/v2\/posts\/8849\/revisions"}],"predecessor-version":[{"id":8865,"href":"https:\/\/webvasco.com\/artigos\/wp-json\/wp\/v2\/posts\/8849\/revisions\/8865"}],"wp:featuredmedia":[{"embeddable":true,"href":"https:\/\/webvasco.com\/artigos\/wp-json\/wp\/v2\/media\/8862"}],"wp:attachment":[{"href":"https:\/\/webvasco.com\/artigos\/wp-json\/wp\/v2\/media?parent=8849"}],"wp:term":[{"taxonomy":"category","embeddable":true,"href":"https:\/\/webvasco.com\/artigos\/wp-json\/wp\/v2\/categories?post=8849"},{"taxonomy":"post_tag","embeddable":true,"href":"https:\/\/webvasco.com\/artigos\/wp-json\/wp\/v2\/tags?post=8849"}],"curies":[{"name":"wp","href":"https:\/\/api.w.org\/{rel}","templated":true}]}}