{"id":8867,"date":"2020-05-14T12:56:54","date_gmt":"2020-05-14T15:56:54","guid":{"rendered":"http:\/\/webvasco.com\/artigos\/?p=8867"},"modified":"2020-05-14T12:58:47","modified_gmt":"2020-05-14T15:58:47","slug":"elas-o-professor-norma-davila","status":"publish","type":"post","link":"https:\/\/webvasco.com\/artigos\/temas\/elas-e-o-professor\/elas-o-professor-norma-davila\/","title":{"rendered":"ELAS &#038; O PROFESSOR &#8211; NORMA D`AVILA"},"content":{"rendered":"<p class=\"ydp43fcbd55MsoNormal\" style=\"text-align: left;\" align=\"center\"><b><u>ELAS &amp; O PROFESSOR<\/u><\/b><\/p>\n<p class=\"ydp43fcbd55MsoNormal\" style=\"text-align: left;\" align=\"center\"><b>POR LUIZ CARLOS ROCHA<\/b><\/p>\n<p class=\"ydp43fcbd55MsoNormal\"><b>\u00a0<\/b><b><\/b><\/p>\n<p class=\"ydp43fcbd55MsoNormal\">A entrevista de maio de 2020, com Norma Suely D\u2019avila Cordeiro, \u00e9 dedicada \u00e0 uma vasca\u00edna fan\u00e1tica e linda, \u00darsulla Rocha, meu maior tesouro.<\/p>\n<p class=\"ydp43fcbd55MsoNormal\"><b>NORMA D\u2019AVILA,<\/b> \u00e9 casada com \u00c9zio, capixaba, natural de Cachoeiro de Itapemirim\/ES, t\u00eam 64 anos, moradora do bairro de Ino\u00e3, Maric\u00e1\/RJ. \u00c9 Dona de Casa, m\u00e3e de 4 lindas filhas: Adriana, Fabiana, Carla e Priscila, \u00e9 av\u00f3 de 6 netos: Matheus, Gabriel, Igor, Caio, Yasmin e Lara (chegando em outubro mais um, Lucas), do signo de peixes, sua cor predileta \u00e9 o azul, Seu hobby \u00e9 assistir \u00f3timos programas de TV, adora m\u00fasicas dos anos 60, e curte seu c\u00e3ozinho. Seu prato preferido \u00e9 o strogonoff, e para acompanhar curte uma cervejinha ou um vinho de boa qualidade.<\/p>\n<p class=\"ydp43fcbd55MsoNormal\"><b>Roberto Dinamite poderia ter tido uma oportunidade melhor na Sele\u00e7\u00e3o Brasileira?<\/b><\/p>\n<p class=\"ydp43fcbd55MsoNormal\">Poderia ter tido, mas n\u00e3o teve.<\/p>\n<p class=\"ydp43fcbd55MsoNormal\"><b>Voc\u00ea gosta quando jogadores do Vasco da Gama s\u00e3o convocados para vestir a Amarelinha?<\/b><\/p>\n<p class=\"ydp43fcbd55MsoNormal\">Gosto.<\/p>\n<p class=\"ydp43fcbd55MsoNormal\"><b>\u00a0<\/b><\/p>\n<p class=\"ydp43fcbd55MsoNormal\"><b>Philippe Coutinho \u00e9 um leg\u00edtimo representante cruzmaltino com a camisa Canarinho?<\/b><\/p>\n<p class=\"ydp43fcbd55MsoNormal\">Sim. Continua representando a nossa camisa tamb\u00e9m.<\/p>\n<p class=\"ydp43fcbd55MsoNormal\"><b>Qual atleta do Gigante da Colina, de todos os tempos, que mais lhe empolgou?<\/b><\/p>\n<p class=\"ydp43fcbd55MsoNormal\">Marta (Marta Vieira da Silva).<\/p>\n<p class=\"ydp43fcbd55MsoNormal\"><b>Dener (Dener Augusto de Sousa, falecido em abril de 1994) foi o maior meia que j\u00e1 atuou pelo Clube de S\u00e3o Janu\u00e1rio?<\/b><\/p>\n<p class=\"ydp43fcbd55MsoNormal\">N\u00e3o. Dener, foi emprestado por tr\u00eas meses ao clube ga\u00facho, onde foi. Parte da renda das vendas ser\u00e1 destinada \u00e0 fam\u00edlia do meia.<\/p>\n<p class=\"ydp43fcbd55MsoNormal\"><b>Voc\u00ea se acha uma vasca\u00edna fan\u00e1tica?<\/b><\/p>\n<p class=\"ydp43fcbd55MsoNormal\">Me acho.<\/p>\n<p class=\"ydp43fcbd55MsoNormal\"><b>Qual a sua maior alegria em termo de Vasco?<\/b><\/p>\n<p class=\"ydp43fcbd55MsoNormal\">Quando est\u00e1 em campo ganhando.<\/p>\n<p class=\"ydp43fcbd55MsoNormal\"><b>Se n\u00e3o fosse torcedora do Vasco da Gama, para qual outro time torceria?<\/b><\/p>\n<p class=\"ydp43fcbd55MsoNormal\">Fluminense<\/p>\n<p class=\"ydp43fcbd55MsoNormal\"><b>Voc\u00ea \u00e9 a favor das Torcidas Organizadas?<\/b><\/p>\n<p class=\"ydp43fcbd55MsoNormal\">Sou.<\/p>\n<p class=\"ydp43fcbd55MsoNormal\"><b>Que tipo de conselho voc\u00ea daria para o treinador Ramon Menezes para estrear com o p\u00e9 direito?<u><\/u><\/b><\/p>\n<p class=\"ydp43fcbd55MsoNormal\">Entrar em campo com o p\u00e9 direito.<\/p>\n<p class=\"ydp43fcbd55MsoNormal\">\u00a0<b>\u00a0<\/b><\/p>\n<p class=\"ydp43fcbd55MsoNormal\"><b>Qual jogo do Cruzmaltino mais te decepcionou?<\/b><\/p>\n<p class=\"ydp43fcbd55MsoNormal\">O Vasco continuou com mais volume de jogo e criou, enquanto o Resende tentou. O melhor \u2013 Jhon Cley &#8211; ganhou a titularidade de Doriva (treinador da \u00e9poca) e n\u00e3o decepcionou. O problema do jogo foi que Doriva povoou o meio de campo cruzmaltino com jogadores, e n\u00e3o surtiu efeito algum.<\/p>\n<p class=\"ydp43fcbd55MsoNormal\"><b>Quem s\u00e3o os vasca\u00ednos da sua fam\u00edlia?<\/b><\/p>\n<p class=\"ydp43fcbd55MsoNormal\">Eu e meu genro<\/p>\n<p>&nbsp;<\/p>\n<p><b><u>FOTOGRAFIAS FORNECIDAS PELA ENTREVISTADA.<\/u><\/b><\/p>\n<p><a href=\"https:\/\/webvasco.com\/artigos\/wp-content\/uploads\/2020\/05\/Sem-T\u00edtulo-1.jpg\"><img loading=\"lazy\" decoding=\"async\" class=\"alignright size-medium wp-image-8870\" src=\"https:\/\/webvasco.com\/artigos\/wp-content\/uploads\/2020\/05\/Sem-T\u00edtulo-1-223x300.jpg\" alt=\"\" width=\"223\" height=\"300\" srcset=\"https:\/\/webvasco.com\/artigos\/wp-content\/uploads\/2020\/05\/Sem-T\u00edtulo-1-223x300.jpg 223w, https:\/\/webvasco.com\/artigos\/wp-content\/uploads\/2020\/05\/Sem-T\u00edtulo-1-111x150.jpg 111w, https:\/\/webvasco.com\/artigos\/wp-content\/uploads\/2020\/05\/Sem-T\u00edtulo-1.jpg 663w\" sizes=\"auto, (max-width: 223px) 100vw, 223px\" \/><\/a> <a href=\"https:\/\/webvasco.com\/artigos\/wp-content\/uploads\/2020\/05\/WhatsApp-Image-2020-05-09-at-14.28-2.jpg\"><img loading=\"lazy\" decoding=\"async\" class=\"alignright size-medium wp-image-8872\" src=\"https:\/\/webvasco.com\/artigos\/wp-content\/uploads\/2020\/05\/WhatsApp-Image-2020-05-09-at-14.28-2-206x300.jpg\" alt=\"\" width=\"206\" height=\"300\" srcset=\"https:\/\/webvasco.com\/artigos\/wp-content\/uploads\/2020\/05\/WhatsApp-Image-2020-05-09-at-14.28-2-206x300.jpg 206w, https:\/\/webvasco.com\/artigos\/wp-content\/uploads\/2020\/05\/WhatsApp-Image-2020-05-09-at-14.28-2-103x150.jpg 103w, https:\/\/webvasco.com\/artigos\/wp-content\/uploads\/2020\/05\/WhatsApp-Image-2020-05-09-at-14.28-2.jpg 622w\" sizes=\"auto, (max-width: 206px) 100vw, 206px\" \/><\/a> <a href=\"https:\/\/webvasco.com\/artigos\/wp-content\/uploads\/2020\/05\/WhatsApp-Image-2020-05-10-at-20.59.jpg\"><img loading=\"lazy\" decoding=\"async\" class=\"alignright size-medium wp-image-8873\" src=\"https:\/\/webvasco.com\/artigos\/wp-content\/uploads\/2020\/05\/WhatsApp-Image-2020-05-10-at-20.59-137x300.jpg\" alt=\"\" width=\"137\" height=\"300\" srcset=\"https:\/\/webvasco.com\/artigos\/wp-content\/uploads\/2020\/05\/WhatsApp-Image-2020-05-10-at-20.59-137x300.jpg 137w, https:\/\/webvasco.com\/artigos\/wp-content\/uploads\/2020\/05\/WhatsApp-Image-2020-05-10-at-20.59-68x150.jpg 68w, https:\/\/webvasco.com\/artigos\/wp-content\/uploads\/2020\/05\/WhatsApp-Image-2020-05-10-at-20.59-466x1024.jpg 466w, https:\/\/webvasco.com\/artigos\/wp-content\/uploads\/2020\/05\/WhatsApp-Image-2020-05-10-at-20.59.jpg 470w\" sizes=\"auto, (max-width: 137px) 100vw, 137px\" \/><\/a><\/p>\n","protected":false},"excerpt":{"rendered":"<p>ELAS &amp; O PROFESSOR POR LUIZ CARLOS ROCHA \u00a0 A entrevista de maio de 2020,&#8230;<\/p>\n","protected":false},"author":7,"featured_media":8871,"comment_status":"open","ping_status":"closed","sticky":false,"template":"","format":"standard","meta":{"footnotes":""},"categories":[27],"tags":[],"class_list":["post-8867","post","type-post","status-publish","format-standard","has-post-thumbnail","hentry","category-elas-e-o-professor"],"_links":{"self":[{"href":"https:\/\/webvasco.com\/artigos\/wp-json\/wp\/v2\/posts\/8867","targetHints":{"allow":["GET"]}}],"collection":[{"href":"https:\/\/webvasco.com\/artigos\/wp-json\/wp\/v2\/posts"}],"about":[{"href":"https:\/\/webvasco.com\/artigos\/wp-json\/wp\/v2\/types\/post"}],"author":[{"embeddable":true,"href":"https:\/\/webvasco.com\/artigos\/wp-json\/wp\/v2\/users\/7"}],"replies":[{"embeddable":true,"href":"https:\/\/webvasco.com\/artigos\/wp-json\/wp\/v2\/comments?post=8867"}],"version-history":[{"count":3,"href":"https:\/\/webvasco.com\/artigos\/wp-json\/wp\/v2\/posts\/8867\/revisions"}],"predecessor-version":[{"id":8875,"href":"https:\/\/webvasco.com\/artigos\/wp-json\/wp\/v2\/posts\/8867\/revisions\/8875"}],"wp:featuredmedia":[{"embeddable":true,"href":"https:\/\/webvasco.com\/artigos\/wp-json\/wp\/v2\/media\/8871"}],"wp:attachment":[{"href":"https:\/\/webvasco.com\/artigos\/wp-json\/wp\/v2\/media?parent=8867"}],"wp:term":[{"taxonomy":"category","embeddable":true,"href":"https:\/\/webvasco.com\/artigos\/wp-json\/wp\/v2\/categories?post=8867"},{"taxonomy":"post_tag","embeddable":true,"href":"https:\/\/webvasco.com\/artigos\/wp-json\/wp\/v2\/tags?post=8867"}],"curies":[{"name":"wp","href":"https:\/\/api.w.org\/{rel}","templated":true}]}}