{"id":8876,"date":"2020-05-31T00:30:58","date_gmt":"2020-05-31T03:30:58","guid":{"rendered":"http:\/\/webvasco.com\/artigos\/colunistas\/luizcarlosrocha\/styletext-align-stylefont-size16-0ptline-height107font-familybookman-old-styleserifrepudiar-a-ignorancia-e-preciso\/"},"modified":"2020-06-02T10:20:44","modified_gmt":"2020-06-02T13:20:44","slug":"styletext-align-stylefont-size16-0ptline-height107font-familybookman-old-styleserifrepudiar-a-ignorancia-e-preciso","status":"publish","type":"post","link":"https:\/\/webvasco.com\/artigos\/colunistas\/luizcarlosrocha\/styletext-align-stylefont-size16-0ptline-height107font-familybookman-old-styleserifrepudiar-a-ignorancia-e-preciso\/","title":{"rendered":"REPUDIAR A IGNOR\u00c2NCIA \u00c9 PRECISO!"},"content":{"rendered":"<p><strong>REPUDIAR A IGNOR\u00c2NCIA \u00c9 PRECISO!<\/strong><\/p>\n<p>Tenho cada dia mais nojo da TV Esgoto, digo, TV Globo. N\u00e3o entrarei no m\u00e9rito de quest\u00f5es sociais ou pol\u00edticas. Vou citar \u00e9tica, matem\u00e1tica, regulamento, e, sobretudo, futebol. Isso mesmo, o referido esporte que a grande massa s\u00f3 conhece dentro das quatro linhas, e por total falta de preparo apenas repete o que o ve\u00edculo de comunica\u00e7\u00e3o supracitado inventa!<\/p>\n<p>Ora, \u00e9 de p\u00fablico conhecimento que o Campeonato Brasileiro acontece desde 1971 (ano que nasci), tendo sagrado como vencedor o Atl\u00e9tico Mineiro. De l\u00e1 para c\u00e1 tantos outros clubes foram herc\u00faleos. A maior competi\u00e7\u00e3o do Brasil revelou in\u00fameros craques, tiveram jogos pol\u00eamicos, partidas interrompidas, e at\u00e9 mesmo decis\u00f5es judiciais para julgar qual clube era detentor da vers\u00e3o 1987.<\/p>\n<p>Por\u00e9m, em 2010 a Confedera\u00e7\u00e3o Brasileira de Futebol decidiu por uma alucina\u00e7\u00e3o insana de seus dirigentes equivaler a Ta\u00e7a Brasil e o Torneio Roberto Gomes Pedrosa, por entender que havia o mesmo peso. JAMAIS! Tanto que essas competi\u00e7\u00f5es deixaram de existir. Com isso certos clubes contabilizaram algumas escrituras a mais em seus acervos. A Emissora do Jardim Bot\u00e2nico \u2013 aquela mesma que faz plim plim- como de costume, acha bonito incentivar tudo que vai na contram\u00e3o da \u00e9tica e da responsabilidade!<\/p>\n<p>Com o isolamento social, devido a COVID-19, o \u00fanico esporte profissional brasileiro teve de parar. A ideia de reprisar partidas antigas foi boa. Come\u00e7aram com jogos da Sele\u00e7\u00e3o. Depois em suas pra\u00e7as vieram os jogos dos clubes regionais. Justo come\u00e7ar pela Flamengo aqui no Rio de Janeiro, pois \u00e9 o clube de maior torcida. Anunciaram a partida da final da Libertadores contra o River Plate como bicampeonato do Rubro-Negro. E realmente foi (t\u00edtulos em 1981 e 2019).<\/p>\n<p>Depois veio o Vasco da Gama. Desde o ano 2000, \u00e9poca em que o ent\u00e3o vice-presidente geral do clube, Eurico Miranda (j\u00e1 desencarnado), criando desnecessariamente atrito com a TV Globo, que o Cruzmaltino vem sendo perseguido por parte de seus jornalistas marrons. A chamada para a partida entre Vasco e Barcelona de Guaiaquil (Equador), em 1998, foi dada como campeonato e n\u00e3o bicampeonato, em rela\u00e7\u00e3o a Copa Libertadores. Isto, porque, o Mach\u00e3o da Gama foi o primeiro carioca a vencer de forma invicta, em 1948 (Sul Americano, equiparado e reconhecido pela Confedera\u00e7\u00e3o Sul-Americana de Futebol &#8211; CONMEBOL), e o feito de 1998 ano do centen\u00e1rio vasca\u00edno! Quer dizer que cartolas da CBF despreparados, enlouquecidos e com inten\u00e7\u00e3o duvidosa podem equiparar t\u00edtulos nacionais e distribu\u00edrem os mesmos sem qualquer crit\u00e9rio, e no caso de um feito muito mais significativo como a Libertadores a CONMEBOL n\u00e3o t\u00eam autoridade para validar a denomina\u00e7\u00e3o de 1948 conquistada pelo Vasc\u00e3o? Que absurdo!<\/p>\n<p>A\u00ed chegou a vez do Fluminense. Um clube pat\u00e9tico, que chegou ao fundo do po\u00e7o, em termos futebol\u00edsticos, frequentando a S\u00e9rie C, do Brasileir\u00e3o, em 1999. Foi campe\u00e3o da Terceirona n\u00e3o porque era o melhor time, mas sim por ser o menos pior. No ano seguinte, em 2000, era para disputar a Segunda Divis\u00e3o da competi\u00e7\u00e3o, mas em uma virada de mesa (nesse caso de punho, rsrsrs), em reuni\u00e3o do Clube dos 13, CBF e representantes dos principais clubes do pa\u00eds, no Hotel Guanabara, no RJ, ficou definido que aquele ano n\u00e3o aconteceria o Campeonato Brasileiro e sim a Copa Jo\u00e3o Havelange. Nada mais era o Brasileir\u00e3o com outra roupagem, para poder incluir o Tricolor que n\u00e3o tinha compet\u00eancia para continuar galgando divis\u00f5es por m\u00e9ritos pr\u00f3prios. Uma l\u00e1stima!<\/p>\n<p>Ficou acordado entre dama e cavalheiros, que qualquer que fossem as coloca\u00e7\u00f5es (nem vou usar a nomenclatura posi\u00e7\u00f5es para n\u00e3o citarem que persigo o FlorminenC) em 2001, o clube das Laranjocas voltaria para a Segunda Divis\u00e3o a fim de ter seu curso normal de ascens\u00e3o futebol\u00edstica. O que n\u00e3o aconteceu. Deram chiliquinhos e foram ficando de penetras. At\u00e9 que nos anos de 2010 e 2012 conquistaram o primeiro lugar. N\u00e3o h\u00e1 de se computar o que \u00e9 ilegal e principalmente IMORAL! Ademais, o t\u00edtulo de 1970 n\u00e3o vale, pois, a competi\u00e7\u00e3o come\u00e7ou um ano depois. Portanto, o Fluminense \u00e9 campe\u00e3o brasileiro com o \u00fanico t\u00edtulo de 1984 e mais nada!<\/p>\n<p>Vir\u00e1 a vez do Botafogo, domingo que vem, e provavelmente ser\u00e1 anunciado pela TV Venal como bicampe\u00e3o brasileiro em alus\u00e3o a 1968 e 1995. Pelas raz\u00f5es acima explicitadas, o Alvinegro \u00e9 somente detentor de 1995. E um belo bairro na Cidade Maravilhosa.<\/p>\n<p>\u00c9 necess\u00e1rio salientar, que o pobre Brasil n\u00e3o faz quest\u00e3o dos seus filhos cultos, vide a massa aculturada torcendo para o time da G\u00e1vea. Muitos pobres, oper\u00e1rios e negros, que desconhecem que na hist\u00f3ria do Vasco da Gama tiveram total apoio. Na Est\u00f3ria do \u201cFramengu\u201d s\u00e3o apenas n\u00fameros. Aponto tamb\u00e9m a falta de \u00e9tica Tricolete n\u00e3o s\u00f3 de permanecer como penetra em uma competi\u00e7\u00e3o tanto tempo, como tamb\u00e9m de querer comPUTAr t\u00edtulo que n\u00e3o t\u00eam, pelo menos por direito.<\/p>\n<p>A matem\u00e1tica \u00e9 simples: Flamengo n\u00e3o \u00e9 hexacampe\u00e3o brasileiro, \u00e9 bicampe\u00e3o brasileiro e detentor de 6 t\u00edtulos (1980, 1982, 1983, 1992, 2009 e 2019). Vasco da Gama n\u00e3o \u00e9 tetracampe\u00e3o brasileiro, \u00e9 campe\u00e3o somente, mas t\u00eam 4 t\u00edtulos (1974, 1989, 1997 e 2000). Fluminense jamais foi tetracampe\u00e3o brasileiro. Assim como o Cruzmaltino \u00e9 apenas campe\u00e3o, com a diferen\u00e7a de ter somente o t\u00edtulo de 1984. O Botafogo tamb\u00e9m n\u00e3o \u00e9 bicampe\u00e3o. Apenas o t\u00edtulo de 1995 lhe garante ser campe\u00e3o do Brasileir\u00e3o.<\/p>\n<p>Para concluir: Por que a TV Globo incentiva Fluminense e Botafogo e mentirem para suas pequenas torcidas contabilizando t\u00edtulos que n\u00e3o t\u00eam, e enquanto isso \u201cretiram\u201d cruelmente um t\u00edtulo de Libertadores do Vasco da Gama? \u00c9 preciso fazer um jornalismo imparcial. Sou jornalista, sou torcedor do Vasco, mas n\u00e3o disse que os t\u00edtulos da Libertadores do Flamengo n\u00e3o valem. Claro que sim, e muito. Apenas o Flamengo n\u00e3o \u00e9 bicampe\u00e3o da competi\u00e7\u00e3o Sul Americana, t\u00eam 2 t\u00edtulos, o que \u00e9 diferente gramaticalmente falando (neste caso escrevendo). O pior cego \u00e9 aquele que n\u00e3o quer ver. O mais burro \u00e9 aquele que est\u00e1 confortado com a posi\u00e7\u00e3o de aculturado e n\u00e3o deseja aprender. Fica a dica.<\/p>\n<p><strong>Por Prof. Luiz Carlos Rocha<\/strong><\/p>\n<p><strong>Graduado em Jornalismo e Direito<\/strong><\/p>\n<p><strong>P\u00f3s-Graduado em Jornalismo Esportivo e Direito Privado<\/strong><\/p>\n<p><strong>Benem\u00e9rito da Federa\u00e7\u00e3o de Futebol do Rio de Janeiro \/ FERJ<\/strong><\/p>\n","protected":false},"excerpt":{"rendered":"<p>REPUDIAR A IGNOR\u00c2NCIA \u00c9 PRECISO! Tenho cada dia mais nojo da TV Esgoto, digo, TV&#8230;<\/p>\n","protected":false},"author":7,"featured_media":0,"comment_status":"open","ping_status":"closed","sticky":false,"template":"","format":"standard","meta":{"footnotes":""},"categories":[4],"tags":[],"class_list":["post-8876","post","type-post","status-publish","format-standard","hentry","category-luizcarlosrocha"],"_links":{"self":[{"href":"https:\/\/webvasco.com\/artigos\/wp-json\/wp\/v2\/posts\/8876","targetHints":{"allow":["GET"]}}],"collection":[{"href":"https:\/\/webvasco.com\/artigos\/wp-json\/wp\/v2\/posts"}],"about":[{"href":"https:\/\/webvasco.com\/artigos\/wp-json\/wp\/v2\/types\/post"}],"author":[{"embeddable":true,"href":"https:\/\/webvasco.com\/artigos\/wp-json\/wp\/v2\/users\/7"}],"replies":[{"embeddable":true,"href":"https:\/\/webvasco.com\/artigos\/wp-json\/wp\/v2\/comments?post=8876"}],"version-history":[{"count":1,"href":"https:\/\/webvasco.com\/artigos\/wp-json\/wp\/v2\/posts\/8876\/revisions"}],"predecessor-version":[{"id":8878,"href":"https:\/\/webvasco.com\/artigos\/wp-json\/wp\/v2\/posts\/8876\/revisions\/8878"}],"wp:attachment":[{"href":"https:\/\/webvasco.com\/artigos\/wp-json\/wp\/v2\/media?parent=8876"}],"wp:term":[{"taxonomy":"category","embeddable":true,"href":"https:\/\/webvasco.com\/artigos\/wp-json\/wp\/v2\/categories?post=8876"},{"taxonomy":"post_tag","embeddable":true,"href":"https:\/\/webvasco.com\/artigos\/wp-json\/wp\/v2\/tags?post=8876"}],"curies":[{"name":"wp","href":"https:\/\/api.w.org\/{rel}","templated":true}]}}