{"id":8879,"date":"2020-06-07T00:35:03","date_gmt":"2020-06-07T03:35:03","guid":{"rendered":"http:\/\/webvasco.com\/artigos\/?p=8879"},"modified":"2020-06-09T14:14:56","modified_gmt":"2020-06-09T17:14:56","slug":"elas-o-professor-stylefont-size14-0ptline-height107font-familyarialsans-serifmso-fareast-font-familycalibrimso-fareast-theme-fontminor-latinmso-ansi-languagept-brmso-fareast-lan","status":"publish","type":"post","link":"https:\/\/webvasco.com\/artigos\/temas\/elas-e-o-professor\/elas-o-professor-stylefont-size14-0ptline-height107font-familyarialsans-serifmso-fareast-font-familycalibrimso-fareast-theme-fontminor-latinmso-ansi-languagept-brmso-fareast-lan\/","title":{"rendered":"ELAS &amp; O PROFESSOR  &#8211; PROFA. BIANCA BURICHE"},"content":{"rendered":"<p><strong>ELAS &amp; O PROFESSOR<\/strong><\/p>\n<p><strong>POR LUIZ CARLOS ROCHA<\/strong><\/p>\n<p>A entrevista de junho de 2020, com Bianca Buriche da Silva, \u00e9 dedicada \u00e0 uma lind\u00edssima, inteligente e charmosa vasca\u00edna, \u00darsulla Rocha, meu amor, minha vida, minha filha.<\/p>\n<p><strong>PROFA. BIANCA BURICHE,<\/strong> niteroiense, t\u00eam 39 anos, moradora de Santa Rosa, na Cidade Sorriso. \u00c9 professora de educa\u00e7\u00e3o f\u00edsica, atuando personal trainer, professora de nata\u00e7\u00e3o e hidrogin\u00e1stica, na Academia Fisiomaster. \u00c9 leonina, sua cor preferida \u00e9 a preta, seu prato predileto \u00e9 o bom e velho churrasco, acompanhado sempre de verduras e legumes. Para beber ch\u00e1. Algumas vezes a cerveja cai bem. Por ser de Nikiti, a loira t\u00eam como Escola de Samba do cora\u00e7\u00e3o a Viradouro (atual campe\u00e3, do Grupo Especial). Apaixonada pela profiss\u00e3o est\u00e1 sempre em contato com os parentes, amigos e alunos, mas sempre levando a Cruz de Malta no peito e na alma. Nas horas vagas curte ouvir uma boa MPB e tamb\u00e9m um rock in roll, dando aten\u00e7\u00e3o aos seus 2 gatinhos e sua vasta cole\u00e7\u00e3o de plantinhas. A nobre teacher vem de fam\u00edlia vasca\u00edna, seguindo a tradi\u00e7\u00e3o do pai e dos irm\u00e3os.<\/p>\n<p><strong> Como professora de educa\u00e7\u00e3o f\u00edsica alguma vez j\u00e1 cogitou em trabalhar no Vasco da Gama?<\/strong><\/p>\n<p>N\u00e3o. Pois a minha \u00e1rea de atua\u00e7\u00e3o \u00e9 como personal trainer, trabalho com patologias, qualidade de vida, pilates solo, funcional, muscula\u00e7\u00e3o, nata\u00e7\u00e3o e hidrogin\u00e1stica. Onde j\u00e1 tenho uma clientela, gra\u00e7as a Deus.<\/p>\n<p><strong>Antes da parada do Campeonato Carioca, por conta do Isolamento Social, o time caia muito o rendimento na etapa complementar. Isso se deve a uma prepara\u00e7\u00e3o f\u00edsica ineficiente?<\/strong><\/p>\n<p>S\u00e3o v\u00e1rios fatores, um esquema t\u00e1tico que n\u00e3o encaixou, por exemplo, levando o time para um desgaste f\u00edsico.<\/p>\n<p><strong> Voc\u00ea fala sobre o Cruzmaltino em suas aulas para alunos?<\/strong><\/p>\n<p>Sim. Todos os meus alunos sabem que sou vasca\u00edna. Falo com muito orgulho e amor.<\/p>\n<p><strong> \u00c9 fundamental ou apenas necess\u00e1rio que um ex-atleta para se tornar treinador curse Educa\u00e7\u00e3o F\u00edsica?<\/strong><\/p>\n<p>Considero importante a gradua\u00e7\u00e3o, aliada \u00e0 experi\u00eancia, porque sem d\u00favida ela proporciona as compet\u00eancias cient\u00edfica, t\u00e9cnica, metodol\u00f3gica e organizacional. \u00c9 fundamental.<\/p>\n<p><strong> No jarg\u00e3o da Educa\u00e7\u00e3o f\u00edsica pagar 10, \u00e9 o ato do sujeito fazer 10 flex\u00f5es de bra\u00e7o por ter feito algo errado. Do atual plantel vasca\u00edno quem pagaria 10?<\/strong><\/p>\n<p>Alexandre Campello (presidente).<\/p>\n<p><strong> Dos atuais candidatos a presidente do Gigante da Colina, qual deles voc\u00ea saca? Qual corta? Qual bloqueia? E por fim qual deles voc\u00ea o ponto ou a vantagem?<\/strong><\/p>\n<p>A princ\u00edpio programado para novembro a elei\u00e7\u00e3o, por\u00e9m, ainda \u00e9 d\u00favida por causa da pandemia da Covid-19. Ser\u00e1 necess\u00e1rio que a junta eleitoral confirme a realiza\u00e7\u00e3o das elei\u00e7\u00f5es presencialmente para que se possa definir a data da disputa. Isso, por enquanto, ainda n\u00e3o \u00e9 poss\u00edvel. Temos: Luiz Roberto Leven Siano, Fred Lopes e Luis Manuel Fernandes, que confirmaram. Pelo meu ponto de vista o Luis Manuel Fernandes \u00e9 o que eu acho que deve ter mais chance pelo conhecimento e engajamento com a gest\u00e3o do Vasco.<\/p>\n<p><strong>Na sua opini\u00e3o profissional, qual time de futebol do Vasco foi o mais t\u00e9cnico de todos os tempos?<\/strong><\/p>\n<p>O Vasco da Gama teve grandes times. Foi base da Sele\u00e7\u00e3o Brasileira na Copa do Mundo de 1950. Barbosa, Augusto Danilo, Fria\u00e7a, Ademir, Jair e Chico eram titulares. Na Copa de 58: Belini, Orlando e Vav\u00e1. Sem esquecer os times de 1956 e 1977. Vou escalar \u2013baseada de 1950 a 2020, ok? Barbosa, Paulinho, Belini, Orlando e Mazinho; Danilo e Walter; Sabar\u00e1, Almir, Ademir e Roberto.<\/p>\n<p><strong>Qual esquema que mais funciona \u2013 baseada no elenco atual \u2013 para o futebol do Mach\u00e3o da Gama: 4-3-3, 4-4-2, 4-5-1 ou 4-4-1-1?<\/strong><\/p>\n<p>O esquema 4-2-3-1 dominou as pranchetas do continente em 2012, mas segundo Carlos Alberto Parreira: &#8220;os sistemas de jogo n\u00e3o s\u00e3o a coisa mais importante, mas fazem a diferen\u00e7a. Sem o m\u00ednimo de organiza\u00e7\u00e3o, n\u00e3o d\u00e1 para jogar futebol profissional\u201d.<\/p>\n<p><strong>Voc\u00ea acha certo goleiro ser artilheiro, cobrando faltas, p\u00eanaltis e at\u00e9 mesmo se expondo indo at\u00e9 a \u00e1rea advers\u00e1ria?<\/strong><\/p>\n<p>Atualmente os clubes buscam profissionais flex\u00edveis, que tenham grande capacidade de adapta\u00e7\u00e3o \u00e0s mudan\u00e7as. Mas isso n\u00e3o quer dizer que qualquer um pode atuar em qualquer fun\u00e7\u00e3o. \u00c9 necess\u00e1rio que exista um conhecimento do perfil, confian\u00e7a, disposi\u00e7\u00e3o, condicionamento, para que se tenha essa responsabilidade.<\/p>\n<p><strong> Quem \u00e9 o grande professor de educa\u00e7\u00e3o f\u00edsica que ainda n\u00e3o comandou o Vasco e voc\u00ea gostaria de ver?<\/strong><\/p>\n<p>N\u00e3o tenho no\u00e7\u00e3o.<\/p>\n<p><strong> Marca e modelo de bola fazem diferen\u00e7a no futebol?<\/strong><\/p>\n<p>As 5 melhores bolas de futebol para comprar em 2019, sem costura e de alt\u00edssimo n\u00edvel: ADIDAS Conext 19 \u00e9 a melhor bola de futebol. Seguidas por, PENALTY 8 S11 R2 6, que \u00e9 sin\u00f4nimo de durabilidade e alto n\u00edvel. NIKE Pich Team, aquela bola macia para partidas em campo. Para grama sint\u00e9tica, a escolha foi TOPPER Strike VIII. E por fim TOPPER V12 para quem joga futebol todos os dias.<\/p>\n<p><strong> O Vasco da Gama deveria dar mais aten\u00e7\u00e3o ao futebol feminino, como no ano 2000, na qual tinha jogadoras consagradas como Marta, Formiga e Pretinha?<\/strong><\/p>\n<p>N\u00e3o s\u00f3 ao futebol feminino, mas a todos os esportes e incluindo os paraol\u00edmpicos.<\/p>\n<p><strong>FOTOGRAFIAS FORNECIDAS PELA ENTREVISTADA.<\/strong><\/p>\n<p><a href=\"https:\/\/webvasco.com\/artigos\/wp-content\/uploads\/2020\/06\/WhatsApp-Image-2020-06-05-at-17.13.14.jpeg\"><img loading=\"lazy\" decoding=\"async\" class=\"alignright size-medium wp-image-8889\" src=\"https:\/\/webvasco.com\/artigos\/wp-content\/uploads\/2020\/06\/WhatsApp-Image-2020-06-05-at-17.13.14-300x255.jpeg\" alt=\"\" width=\"300\" height=\"255\" srcset=\"https:\/\/webvasco.com\/artigos\/wp-content\/uploads\/2020\/06\/WhatsApp-Image-2020-06-05-at-17.13.14-300x255.jpeg 300w, https:\/\/webvasco.com\/artigos\/wp-content\/uploads\/2020\/06\/WhatsApp-Image-2020-06-05-at-17.13.14-150x128.jpeg 150w, https:\/\/webvasco.com\/artigos\/wp-content\/uploads\/2020\/06\/WhatsApp-Image-2020-06-05-at-17.13.14.jpeg 455w\" sizes=\"auto, (max-width: 300px) 100vw, 300px\" \/><\/a> <a href=\"https:\/\/webvasco.com\/artigos\/wp-content\/uploads\/2020\/06\/WhatsApp-Image-2020-06-05-at-17.13.14-1.jpeg\"><img loading=\"lazy\" decoding=\"async\" class=\"alignright size-medium wp-image-8888\" src=\"https:\/\/webvasco.com\/artigos\/wp-content\/uploads\/2020\/06\/WhatsApp-Image-2020-06-05-at-17.13.14-1-300x219.jpeg\" alt=\"\" width=\"300\" height=\"219\" srcset=\"https:\/\/webvasco.com\/artigos\/wp-content\/uploads\/2020\/06\/WhatsApp-Image-2020-06-05-at-17.13.14-1-300x219.jpeg 300w, https:\/\/webvasco.com\/artigos\/wp-content\/uploads\/2020\/06\/WhatsApp-Image-2020-06-05-at-17.13.14-1-150x110.jpeg 150w, https:\/\/webvasco.com\/artigos\/wp-content\/uploads\/2020\/06\/WhatsApp-Image-2020-06-05-at-17.13.14-1.jpeg 483w\" sizes=\"auto, (max-width: 300px) 100vw, 300px\" \/><\/a> <a href=\"https:\/\/webvasco.com\/artigos\/wp-content\/uploads\/2020\/06\/WhatsApp-Image-2020-06-05-at-17.13.19.jpeg\"><img loading=\"lazy\" decoding=\"async\" class=\"alignright size-medium wp-image-8887\" src=\"https:\/\/webvasco.com\/artigos\/wp-content\/uploads\/2020\/06\/WhatsApp-Image-2020-06-05-at-17.13.19-225x300.jpeg\" alt=\"\" width=\"225\" height=\"300\" srcset=\"https:\/\/webvasco.com\/artigos\/wp-content\/uploads\/2020\/06\/WhatsApp-Image-2020-06-05-at-17.13.19-225x300.jpeg 225w, https:\/\/webvasco.com\/artigos\/wp-content\/uploads\/2020\/06\/WhatsApp-Image-2020-06-05-at-17.13.19-113x150.jpeg 113w, https:\/\/webvasco.com\/artigos\/wp-content\/uploads\/2020\/06\/WhatsApp-Image-2020-06-05-at-17.13.19-768x1024.jpeg 768w, https:\/\/webvasco.com\/artigos\/wp-content\/uploads\/2020\/06\/WhatsApp-Image-2020-06-05-at-17.13.19.jpeg 960w\" sizes=\"auto, (max-width: 225px) 100vw, 225px\" \/><\/a> <a href=\"https:\/\/webvasco.com\/artigos\/wp-content\/uploads\/2020\/06\/WhatsApp-Image-2020-06-05-at-17.13.19-2.jpeg\"><img loading=\"lazy\" decoding=\"async\" class=\"alignright size-medium wp-image-8886\" src=\"https:\/\/webvasco.com\/artigos\/wp-content\/uploads\/2020\/06\/WhatsApp-Image-2020-06-05-at-17.13.19-2-191x300.jpeg\" alt=\"\" width=\"191\" height=\"300\" srcset=\"https:\/\/webvasco.com\/artigos\/wp-content\/uploads\/2020\/06\/WhatsApp-Image-2020-06-05-at-17.13.19-2-191x300.jpeg 191w, https:\/\/webvasco.com\/artigos\/wp-content\/uploads\/2020\/06\/WhatsApp-Image-2020-06-05-at-17.13.19-2-95x150.jpeg 95w, https:\/\/webvasco.com\/artigos\/wp-content\/uploads\/2020\/06\/WhatsApp-Image-2020-06-05-at-17.13.19-2-768x1208.jpeg 768w, https:\/\/webvasco.com\/artigos\/wp-content\/uploads\/2020\/06\/WhatsApp-Image-2020-06-05-at-17.13.19-2-651x1024.jpeg 651w, https:\/\/webvasco.com\/artigos\/wp-content\/uploads\/2020\/06\/WhatsApp-Image-2020-06-05-at-17.13.19-2.jpeg 814w\" sizes=\"auto, (max-width: 191px) 100vw, 191px\" \/><\/a> <a href=\"https:\/\/webvasco.com\/artigos\/wp-content\/uploads\/2020\/06\/WhatsApp-Image-2020-06-05-at-17.13.17-2.jpeg\"><img loading=\"lazy\" decoding=\"async\" class=\"alignright size-medium wp-image-8885\" src=\"https:\/\/webvasco.com\/artigos\/wp-content\/uploads\/2020\/06\/WhatsApp-Image-2020-06-05-at-17.13.17-2-225x300.jpeg\" alt=\"\" width=\"225\" height=\"300\" srcset=\"https:\/\/webvasco.com\/artigos\/wp-content\/uploads\/2020\/06\/WhatsApp-Image-2020-06-05-at-17.13.17-2-225x300.jpeg 225w, https:\/\/webvasco.com\/artigos\/wp-content\/uploads\/2020\/06\/WhatsApp-Image-2020-06-05-at-17.13.17-2-113x150.jpeg 113w, https:\/\/webvasco.com\/artigos\/wp-content\/uploads\/2020\/06\/WhatsApp-Image-2020-06-05-at-17.13.17-2-768x1024.jpeg 768w, https:\/\/webvasco.com\/artigos\/wp-content\/uploads\/2020\/06\/WhatsApp-Image-2020-06-05-at-17.13.17-2.jpeg 960w\" sizes=\"auto, (max-width: 225px) 100vw, 225px\" \/><\/a> <a href=\"https:\/\/webvasco.com\/artigos\/wp-content\/uploads\/2020\/06\/WhatsApp-Image-2020-06-05-at-17.13.16.jpeg\"><img loading=\"lazy\" decoding=\"async\" class=\"alignright size-medium wp-image-8884\" src=\"https:\/\/webvasco.com\/artigos\/wp-content\/uploads\/2020\/06\/WhatsApp-Image-2020-06-05-at-17.13.16-225x300.jpeg\" alt=\"\" width=\"225\" height=\"300\" srcset=\"https:\/\/webvasco.com\/artigos\/wp-content\/uploads\/2020\/06\/WhatsApp-Image-2020-06-05-at-17.13.16-225x300.jpeg 225w, https:\/\/webvasco.com\/artigos\/wp-content\/uploads\/2020\/06\/WhatsApp-Image-2020-06-05-at-17.13.16-113x150.jpeg 113w, https:\/\/webvasco.com\/artigos\/wp-content\/uploads\/2020\/06\/WhatsApp-Image-2020-06-05-at-17.13.16-768x1024.jpeg 768w, https:\/\/webvasco.com\/artigos\/wp-content\/uploads\/2020\/06\/WhatsApp-Image-2020-06-05-at-17.13.16.jpeg 960w\" sizes=\"auto, (max-width: 225px) 100vw, 225px\" \/><\/a> <a href=\"https:\/\/webvasco.com\/artigos\/wp-content\/uploads\/2020\/06\/WhatsApp-Image-2020-06-05-at-17.13.16-1.jpeg\"><img loading=\"lazy\" decoding=\"async\" class=\"alignright size-medium wp-image-8883\" src=\"https:\/\/webvasco.com\/artigos\/wp-content\/uploads\/2020\/06\/WhatsApp-Image-2020-06-05-at-17.13.16-1-225x300.jpeg\" alt=\"\" width=\"225\" height=\"300\" srcset=\"https:\/\/webvasco.com\/artigos\/wp-content\/uploads\/2020\/06\/WhatsApp-Image-2020-06-05-at-17.13.16-1-225x300.jpeg 225w, https:\/\/webvasco.com\/artigos\/wp-content\/uploads\/2020\/06\/WhatsApp-Image-2020-06-05-at-17.13.16-1-113x150.jpeg 113w, https:\/\/webvasco.com\/artigos\/wp-content\/uploads\/2020\/06\/WhatsApp-Image-2020-06-05-at-17.13.16-1-768x1024.jpeg 768w, https:\/\/webvasco.com\/artigos\/wp-content\/uploads\/2020\/06\/WhatsApp-Image-2020-06-05-at-17.13.16-1.jpeg 960w\" sizes=\"auto, (max-width: 225px) 100vw, 225px\" \/><\/a> <a href=\"https:\/\/webvasco.com\/artigos\/wp-content\/uploads\/2020\/06\/WhatsApp-Image-2020-06-05-at-17.13.15.jpeg\"><img loading=\"lazy\" decoding=\"async\" class=\"alignright size-medium wp-image-8882\" src=\"https:\/\/webvasco.com\/artigos\/wp-content\/uploads\/2020\/06\/WhatsApp-Image-2020-06-05-at-17.13.15-300x295.jpeg\" alt=\"\" width=\"300\" height=\"295\" srcset=\"https:\/\/webvasco.com\/artigos\/wp-content\/uploads\/2020\/06\/WhatsApp-Image-2020-06-05-at-17.13.15-300x295.jpeg 300w, https:\/\/webvasco.com\/artigos\/wp-content\/uploads\/2020\/06\/WhatsApp-Image-2020-06-05-at-17.13.15-150x148.jpeg 150w, https:\/\/webvasco.com\/artigos\/wp-content\/uploads\/2020\/06\/WhatsApp-Image-2020-06-05-at-17.13.15.jpeg 520w\" sizes=\"auto, (max-width: 300px) 100vw, 300px\" \/><\/a> <a href=\"https:\/\/webvasco.com\/artigos\/wp-content\/uploads\/2020\/06\/WhatsApp-Image-2020-06-05-at-17.13.15-2.jpeg\"><img loading=\"lazy\" decoding=\"async\" class=\"alignright size-medium wp-image-8881\" src=\"https:\/\/webvasco.com\/artigos\/wp-content\/uploads\/2020\/06\/WhatsApp-Image-2020-06-05-at-17.13.15-2-225x300.jpeg\" alt=\"\" width=\"225\" height=\"300\" srcset=\"https:\/\/webvasco.com\/artigos\/wp-content\/uploads\/2020\/06\/WhatsApp-Image-2020-06-05-at-17.13.15-2-225x300.jpeg 225w, https:\/\/webvasco.com\/artigos\/wp-content\/uploads\/2020\/06\/WhatsApp-Image-2020-06-05-at-17.13.15-2-113x150.jpeg 113w, https:\/\/webvasco.com\/artigos\/wp-content\/uploads\/2020\/06\/WhatsApp-Image-2020-06-05-at-17.13.15-2-768x1024.jpeg 768w, https:\/\/webvasco.com\/artigos\/wp-content\/uploads\/2020\/06\/WhatsApp-Image-2020-06-05-at-17.13.15-2.jpeg 780w\" sizes=\"auto, (max-width: 225px) 100vw, 225px\" \/><\/a> <a href=\"https:\/\/webvasco.com\/artigos\/wp-content\/uploads\/2020\/06\/WhatsApp-Image-2020-06-05-at-17.13.15-1.jpeg\"><img loading=\"lazy\" decoding=\"async\" class=\"alignright size-medium wp-image-8880\" src=\"https:\/\/webvasco.com\/artigos\/wp-content\/uploads\/2020\/06\/WhatsApp-Image-2020-06-05-at-17.13.15-1-240x300.jpeg\" alt=\"\" width=\"240\" height=\"300\" srcset=\"https:\/\/webvasco.com\/artigos\/wp-content\/uploads\/2020\/06\/WhatsApp-Image-2020-06-05-at-17.13.15-1-240x300.jpeg 240w, https:\/\/webvasco.com\/artigos\/wp-content\/uploads\/2020\/06\/WhatsApp-Image-2020-06-05-at-17.13.15-1-120x150.jpeg 120w, https:\/\/webvasco.com\/artigos\/wp-content\/uploads\/2020\/06\/WhatsApp-Image-2020-06-05-at-17.13.15-1.jpeg 720w\" sizes=\"auto, (max-width: 240px) 100vw, 240px\" \/><\/a><\/p>\n","protected":false},"excerpt":{"rendered":"<p>ELAS &amp; O PROFESSOR POR LUIZ CARLOS ROCHA A entrevista de junho de 2020, com&#8230;<\/p>\n","protected":false},"author":7,"featured_media":8883,"comment_status":"open","ping_status":"closed","sticky":false,"template":"","format":"standard","meta":{"footnotes":""},"categories":[27],"tags":[],"class_list":["post-8879","post","type-post","status-publish","format-standard","has-post-thumbnail","hentry","category-elas-e-o-professor"],"_links":{"self":[{"href":"https:\/\/webvasco.com\/artigos\/wp-json\/wp\/v2\/posts\/8879","targetHints":{"allow":["GET"]}}],"collection":[{"href":"https:\/\/webvasco.com\/artigos\/wp-json\/wp\/v2\/posts"}],"about":[{"href":"https:\/\/webvasco.com\/artigos\/wp-json\/wp\/v2\/types\/post"}],"author":[{"embeddable":true,"href":"https:\/\/webvasco.com\/artigos\/wp-json\/wp\/v2\/users\/7"}],"replies":[{"embeddable":true,"href":"https:\/\/webvasco.com\/artigos\/wp-json\/wp\/v2\/comments?post=8879"}],"version-history":[{"count":4,"href":"https:\/\/webvasco.com\/artigos\/wp-json\/wp\/v2\/posts\/8879\/revisions"}],"predecessor-version":[{"id":8894,"href":"https:\/\/webvasco.com\/artigos\/wp-json\/wp\/v2\/posts\/8879\/revisions\/8894"}],"wp:featuredmedia":[{"embeddable":true,"href":"https:\/\/webvasco.com\/artigos\/wp-json\/wp\/v2\/media\/8883"}],"wp:attachment":[{"href":"https:\/\/webvasco.com\/artigos\/wp-json\/wp\/v2\/media?parent=8879"}],"wp:term":[{"taxonomy":"category","embeddable":true,"href":"https:\/\/webvasco.com\/artigos\/wp-json\/wp\/v2\/categories?post=8879"},{"taxonomy":"post_tag","embeddable":true,"href":"https:\/\/webvasco.com\/artigos\/wp-json\/wp\/v2\/tags?post=8879"}],"curies":[{"name":"wp","href":"https:\/\/api.w.org\/{rel}","templated":true}]}}