{"id":889,"date":"2013-10-15T22:27:06","date_gmt":"2013-10-16T01:27:06","guid":{"rendered":"http:\/\/webvasco.com\/artigos\/?p=889"},"modified":"2014-07-16T17:45:58","modified_gmt":"2014-07-16T20:45:58","slug":"o-aluno-que-despreza-suas-chances-2","status":"publish","type":"post","link":"https:\/\/webvasco.com\/artigos\/colunistas\/o-aluno-que-despreza-suas-chances-2\/","title":{"rendered":"O aluno que despreza suas chances!"},"content":{"rendered":"<div dir=\"ltr\">\n<p style=\"font-family:Arial,Verdana,sans-serif;font-size:12px\">Durante o programa Papo Vasca\u00edno, que foi ao ar nesse \u00faltimo domingo \u00e0s 20h, o companheiro J\u00falio C\u00e9sar Teixeira (com muita felicidade) classificou o Vasco como aquele mau aluno, que tem tudo ao seu favor para garantir seu grau e passar de ano mas que, de \u00faltima hora, p\u00f5e tudo a perder, desprezando a oportunidade, realizando a prova de qualquer jeito ou sequer comparecendo para realiz\u00e1-la.<\/p>\n<p><\/p>\n<p style=\"font-family:Arial,Verdana,sans-serif;font-size:12px\">Analisando sua coloca\u00e7\u00e3o e contextualizando, essa foi a mesma sensa\u00e7\u00e3o que senti desse time do Vasco ap\u00f3s o jogo do \u00faltimo domingo. Em uma rodada plenamente favor\u00e1vel, onde TODOS seus concorrentes mais diretos ao descenso perderam pontos em suas partidas, o Vasco n\u00e3o se furtou a querer ser igual e assim fez tamb\u00e9m. Desperdi\u00e7ou a chance de vit\u00f3ria perante um advers\u00e1rio limitad\u00edssimo (cujo camisa dez \u00e9 o Morais, aquele mesmo que era &quot;craque&quot; em um time que se orgulhou de ter sido D\u00c9CIMO-SEGUNDO COLOCADO em 2005 e que abandonou a nau antes da mesma afundar em 2008, supostamente, por medo da torcida) e que j\u00e1 havia perdido para os demais cariocas em seu est\u00e1dio nesse atual certame. O Vasco, no entanto, foi a exce\u00e7\u00e3o.<\/p>\n<p><\/p>\n<p style=\"font-family:Arial,Verdana,sans-serif;font-size:12px\">A derrota nesse \u00faltimo domingo come\u00e7a a ser justificada, como em boa parte das derrotas nesse campeonato, no ato da divulga\u00e7\u00e3o do time que come\u00e7aria o jogo, tal como aquele mesmo aluno rebelde que se furta a estudar para uma prova, mesmo sendo das mais f\u00e1ceis e sabendo do grau que precisa tirar. Com todos os problemas extracampo, \u00e9 INADMISS\u00cdVEL ter Rafael Vaz na reserva quando esse time possui como zagueiros titulares Cris e Renato Silva, esse \u00faltimo parado faz mais de dois meses. Tamb\u00e9m chega a ser ESTARRECEDOR a manuten\u00e7\u00e3o de Jhon Cley e Francismar em um time que, dentre os poucos valores individuais que realmente produzem algo de diferente, possui Willie como seus reservas. Evidentemente, algo est\u00e1 errado, mas S\u00d3 o treinador tem o poder para mudar.<\/p>\n<p><\/p>\n<p style=\"font-family:Arial,Verdana,sans-serif;font-size:12px\">Entretanto e tal como na maioria dos jogos em que vem comandado o Vasco, Dorival J\u00fanior segue suas &quot;convic\u00e7\u00f5es&quot;, errando (muito mais nesse momento) do que acertando. Por elas, \u00e9 capaz de &quot;jogar no lixo&quot; os 1\u00ba tempos de grande parte das partidas e consertar as coisas nos 2\u00ba tempos, tendo que tirar um preju\u00edzo muitas vezes. Preju\u00edzo esse que seu time, por falta de qualidade t\u00e9cnica e de preparo f\u00edsico ideal, n\u00e3o v\u00eam conseguido contornar. De todos os cariocas, o Vasco \u00e9 o \u00daNICO que ainda n\u00e3o virou uma s\u00f3 partida nesse campeonato.<\/p>\n<p><\/p>\n<p style=\"font-family:Arial,Verdana,sans-serif;font-size:12px\"><strong>A Matem\u00e1tica do destino<\/strong><\/p>\n<p style=\"font-family:Arial,Verdana,sans-serif;font-size:12px\">Antes de falar em contas, confesso-lhes que de NADA vale perspectivar resultados se o discurso n\u00e3o for convertido em a\u00e7\u00f5es pr\u00e1ticas. O Vasco, bem como sua torcida, virou o clube dos discursos pomposos e das poucas a\u00e7\u00f5es produtivas. Faltam dez rodadas e, hoje, ainda estamos no Z4. A situa\u00e7\u00e3o \u00e9 ainda mais complicada, levando-se em considera\u00e7\u00e3o que, para chegar aos 47 pontos, o Vasco precisar\u00e1 de um aproveitamento de 50%, algo ut\u00f3pico para quem possui um triste aproveitamento de somente pouco mais de 29% nesse returno.<\/p>\n<p><\/p>\n<p style=\"font-family:Arial,Verdana,sans-serif;font-size:12px\">O time jogar\u00e1 em casa contra Goi\u00e1s (8\u00ba), Coritiba (16\u00ba), Santos (9\u00ba), Cruzeiro (1\u00ba e &quot;virtual campe\u00e3o&quot;) e N\u00e1utico (20\u00ba e &quot;virtual rebaixado&quot;); um cl\u00e1ssico regional contra o Botafogo (2\u00ba); e fora contra Ponte Preta (19\u00ba e outro &quot;virtual rebaixado&quot;), Gr\u00eamio (3\u00ba), Cor\u00ednthians (11\u00ba) e Atl\u00e9tico-PR (4\u00ba). Considerando a pontua\u00e7\u00e3o do turno contra esse mesmo grupo, o Vasco fez somente 11 pontos, que adicionado aos seus 32 d\u00e3o um m\u00e1ximo de 43 pontos. Ou seja: a condi\u00e7\u00e3o para que o Vasco permane\u00e7a na S\u00e9rie A para o pr\u00f3ximo ano \u00e9 SUPERAR seus limites para fazer, pelo menos, mais 4 pontos al\u00e9m do que fizera no primeiro turno contra esses mesmos. Considerando, ainda, que o time jogar\u00e1 contra os quatro primeiros colocados, sendo dois desses confrontos fora de casa e um cl\u00e1ssico regional.<\/p>\n<p><\/p>\n<p style=\"font-family:Arial,Verdana,sans-serif;font-size:12px\">S\u00e3o nesses momentos que lamentamos MUITO a falta que est\u00e3o fazendo os pontos deixados de serem conquistados perante a Ponte Preta em casa no primeiro turno, perante o Vit\u00f3ria-BA tamb\u00e9m em casa, e perante outros advers\u00e1rios menos qualificados e advers\u00e1rios diretos nessa disputa, tais como S\u00e3o Paulo em casa e o pr\u00f3prio Crici\u00fama, mesmo fora, tal como nesse \u00faltimo domingo.<\/p>\n<p><\/p>\n<p style=\"font-family:Arial,Verdana,sans-serif;font-size:12px\">Portanto, o desafio est\u00e1 lan\u00e7ado: ou se supera agora com comprometimento e com seriedade contra at\u00e9 mesmo o pr\u00f3prio ambiente hostil que \u00e9, ao que parece, a eterna briga pol\u00edtica do clube, ou ent\u00e3o nos preparemos para jornadas no Frasqueir\u00e3o, na Ressacada e em outros diferentes campos do Morumbi e do Mineir\u00e3o, por exemplo, em 2014. Qual ser\u00e1 o destino que o Vasco reserva para n\u00f3s?`<\/p>\n<p><\/p>\n<p style=\"font-family:Arial,Verdana,sans-serif;font-size:12px\"><strong>As den\u00fancias pol\u00edticas<\/strong><\/p>\n<p style=\"font-family:Arial,Verdana,sans-serif;font-size:12px\">N\u00e3o gostaria de entrar no m\u00e9rito se h\u00e1 ou n\u00e3o o chamado &quot;mensal\u00e3o&quot; no Vasco em busca de votos para as elei\u00e7\u00f5es em 2014. Mesmo porque n\u00e3o tenho como provar e apenas acompanho \u00e0s informa\u00e7\u00f5es que me passam sobre o dia-a-dia dos bastidores vasca\u00ednos e o notici\u00e1rio do clube, cujo assunto foi compilado e apresentado em \u00f3tima mat\u00e9ria muito contundente e escrita pelo jornalista Raphael Zarko.<\/p>\n<p><\/p>\n<p style=\"font-family:Arial,Verdana,sans-serif;font-size:12px\">Infelizmente, no entanto, e independentemente de se comprovar ou n\u00e3o a exist\u00eancia desse suposto esquema de &quot;compra de votos&quot;, o Vasco h\u00e1 tempos n\u00e3o \u00e9 mais \u00e0quela institui\u00e7\u00e3o que orgulhava seus conselheiros e seus torcedores pela lisura e por respeito a si mesmo e \u00e0 sua pr\u00f3pria hist\u00f3ria. H\u00e1 tempos que s\u00e3o suspeitas de &quot;mortos aptos a votar&quot;, &quot;pagamento de mensalidades atrasadas em troca do voto&quot; entre outras coisas de baixo n\u00edvel que ENVERGONHAM a n\u00f3s. Vale tudo, supostamente, para se chegar ao poder, mesmo que seja imoral ou anti\u00e9tico.<\/p>\n<p><\/p>\n<p style=\"font-family:Arial,Verdana,sans-serif;font-size:12px\">E nesse n\u00edvel, como podemos cobrar de funcion\u00e1rios, jogadores, profissionais de uma forma geral respeito se nem mesmo as pessoas que deveriam demonstrar dignidade e moral assim n\u00e3o fazem? H\u00e1 tempos que o Vasco \u00e9 desrespeitado, tem sua hist\u00f3ria de lutas e combates relegada, mas \u00e9 uma degrada\u00e7\u00e3o que n\u00e3o se inicia de fora para dentro. O Vasco, simplesmente, ainda sobrevive por sua torcida em primeiro lugar, que ainda ostenta a imagem de um clube mais do que centen\u00e1rio, altaneiro, pioneiro das grandes causas e digno de respeito por parte de seus oponentes. Ostenta, simplesmente e de forma MUITO triste, a imagem de um clube que deixou de existir faz tempo, e o restante que vem ocorrendo com rela\u00e7\u00e3o ao descr\u00e9dito de seus advers\u00e1rios que se reflete dentro de campo e nos bastidores do esporte \u00e9 somente consequ\u00eancia.<\/p>\n<p><\/p>\n<p style=\"font-family:Arial,Verdana,sans-serif;font-size:12px\">Esperar o que, no entanto, de uma institui\u00e7\u00e3o que serviu de &quot;palanque eleitoral&quot; e de &quot;plataforma&quot; para muitos almejarem aos cargos pol\u00edticos p\u00fablicos durante as \u00faltimas d\u00e9cadas? Infelizmente tudo isso, al\u00e9m de vergonhoso, &quot;explode&quot; num momento em que a tranquilidade deveria pairar para que o foco \u00fanico fosse o de n\u00e3o cair, novamente, para a segunda divis\u00e3o. Ou seja: tal como em 2008, repetimos a mesma f\u00f3rmula do fracasso, e ainda assim, na esperan\u00e7a de que o resultado seja diferente.<\/p>\n<p><\/p>\n<p style=\"font-family:Arial,Verdana,sans-serif;font-size:12px\"><strong>A reforma estatut\u00e1ria<\/strong><\/p>\n<p style=\"font-family:Arial,Verdana,sans-serif;font-size:12px\">Uma das propostas que eu faria como s\u00f3cio do clube que sou para o novo estatuto seria a PROIBI\u00c7\u00c3O de acumula\u00e7\u00e3o de cargo por parte do Presidente, ou de qualquer um que ocupe um cargo eletivo no clube, com um cargo pol\u00edtico tais como vereador, deputado, senador e outros. N\u00e3o evitaria de que um membro da diretoria do clube fizesse campanha eleitoral p\u00fablica ou utilizasse seu posto dentro do clube em favor de sua pr\u00f3pria campanha, mas ao menos obrigaria, uma vez que eleito, a optar entre ficar no Vasco ou a renunciar ao seu posto para assumir outro cargo pol\u00edtico fora do Vasco.<\/p>\n<p><\/p>\n<p style=\"font-family:Arial,Verdana,sans-serif;font-size:12px\">Outra proposta seria a extens\u00e3o para TR\u00caS ANOS, ao menos, de contribui\u00e7\u00e3o em sua vida associativa para o clube como condi\u00e7\u00e3o de direito a voto, e de SEIS ANOS para se candidatar ao Conselho Deliberativo e aos cargos de Presidente e Vice-Presidentes. Tal medida tornaria um suposto &quot;mensal\u00e3o&quot; MUITO mais dif\u00edcil, haja vista a triplica\u00e7\u00e3o da quantia supostamente investida em pagamentos de mensalidades relativo a um grupo de s\u00f3cios.<\/p>\n<p><\/p>\n<p style=\"font-family:Arial,Verdana,sans-serif;font-size:12px\">E mais: a OBRIGATORIEDADE estatut\u00e1ria de, ao menos, UMA REUNI\u00c3O DO CONSELHO DELIBERATIVO POR M\u00caS, a fim de se dar abertura pol\u00edtica para se discutir os tantos problemas que o clube possui, al\u00e9m de n\u00e3o se correr o risco de o CD do clube ficar meses e mais meses sem uma \u00fanica reuni\u00e3o, tal como foi um dos lament\u00e1veis marcos do atual conselho eleito sob a Presid\u00eancia de Ab\u00edlio Borges. Entre outras propostas que, aos poucos, ser\u00e3o pontuadas e<\/p>\n<p>m meus textos futuros.<\/p>\n<p style=\"font-family:Arial,Verdana,sans-serif;font-size:12px\"><strong>Homenagem<\/strong><\/p>\n<p style=\"font-family:Arial,Verdana,sans-serif;font-size:12px\">Gostaria de deixar registrado os agradecimentos pelos parab\u00e9ns que recebi durante o dia de ontem pelo Dia dos Professores, al\u00e9m de registrar meus sinceros parab\u00e9ns a todos que exercem essa profiss\u00e3o t\u00e3o \u00e1rdua (por\u00e9m, gratificante) nos dias atuais! Muito Obrigado e felicidades a todos!<\/p>\n<p><\/p>\n<p style=\"font-family:Arial,Verdana,sans-serif;font-size:12px\"><strong>&quot;Toques finais&quot;<\/strong><\/p>\n<p style=\"font-family:Arial,Verdana,sans-serif;font-size:12px\">1\u00ba) Qual ser\u00e1 a puni\u00e7\u00e3o (se \u00e9 que haver\u00e1) que o Atl\u00e9tico-MG, Cruzeiro, Cor\u00ednthians e S\u00c3O PAULO (clube do cora\u00e7\u00e3o do Presidente da CBF) sofrer\u00e3o ap\u00f3s os incidentes semelhantes aos que levaram \u00e0 puni\u00e7\u00e3o de Cor\u00ednthians e Vasco nesse atual certame?<\/p>\n<p><\/p>\n<p style=\"font-family:Arial,Verdana,sans-serif;font-size:12px\">2\u00ba) Para o Vasco, o empurr\u00e3o sofrido dentro da \u00e1rea por Marlone e que poderia ter mudado a hist\u00f3ria do jogo n\u00e3o \u00e9 considerado p\u00eanalti pela arbitragem. A mesma regra n\u00e3o se aplica ao &quot;Tim\u00e3o&quot;, tal como fora no Campeonato Brasileiro de 2010. O v\u00eddeo para relembrar segue adiante. Comparem com o lance do Marlone (de MUITO maior gravidade, j\u00e1 que o empurr\u00e3o sobre o jogador foi flagrante) e tirem suas conclus\u00f5es.<\/p>\n<p><\/p>\n<p style=\"font-family:Arial,Verdana,sans-serif;font-size:12px\"><a href=\"http:\/\/www.youtube.com\/embed\/2miE9s2-irE\"><\/a><a href=\"http:\/\/www.youtube.com\/embed\/2miE9s2-irE\">www.youtube.com\/embed\/2miE9s2-irE<\/a><\/p>\n<div><\/div>\n<p>\n<\/div>\n<p><\/p>\n","protected":false},"excerpt":{"rendered":"<p>Durante o programa Papo Vasca\u00edno, que foi ao ar nesse \u00faltimo domingo \u00e0s 20h, o&#8230;<\/p>\n","protected":false},"author":12,"featured_media":341,"comment_status":"open","ping_status":"closed","sticky":false,"template":"","format":"standard","meta":{"footnotes":""},"categories":[3],"tags":[],"class_list":["post-889","post","type-post","status-publish","format-standard","has-post-thumbnail","hentry","category-colunistas"],"_links":{"self":[{"href":"https:\/\/webvasco.com\/artigos\/wp-json\/wp\/v2\/posts\/889","targetHints":{"allow":["GET"]}}],"collection":[{"href":"https:\/\/webvasco.com\/artigos\/wp-json\/wp\/v2\/posts"}],"about":[{"href":"https:\/\/webvasco.com\/artigos\/wp-json\/wp\/v2\/types\/post"}],"author":[{"embeddable":true,"href":"https:\/\/webvasco.com\/artigos\/wp-json\/wp\/v2\/users\/12"}],"replies":[{"embeddable":true,"href":"https:\/\/webvasco.com\/artigos\/wp-json\/wp\/v2\/comments?post=889"}],"version-history":[{"count":0,"href":"https:\/\/webvasco.com\/artigos\/wp-json\/wp\/v2\/posts\/889\/revisions"}],"wp:featuredmedia":[{"embeddable":true,"href":"https:\/\/webvasco.com\/artigos\/wp-json\/wp\/v2\/media\/341"}],"wp:attachment":[{"href":"https:\/\/webvasco.com\/artigos\/wp-json\/wp\/v2\/media?parent=889"}],"wp:term":[{"taxonomy":"category","embeddable":true,"href":"https:\/\/webvasco.com\/artigos\/wp-json\/wp\/v2\/categories?post=889"},{"taxonomy":"post_tag","embeddable":true,"href":"https:\/\/webvasco.com\/artigos\/wp-json\/wp\/v2\/tags?post=889"}],"curies":[{"name":"wp","href":"https:\/\/api.w.org\/{rel}","templated":true}]}}