{"id":8895,"date":"2020-07-30T15:51:51","date_gmt":"2020-07-30T18:51:51","guid":{"rendered":"http:\/\/webvasco.com\/artigos\/?p=8895"},"modified":"2020-07-30T16:04:04","modified_gmt":"2020-07-30T19:04:04","slug":"elas-o-professor-camila-mimoso","status":"publish","type":"post","link":"https:\/\/webvasco.com\/artigos\/temas\/elas-e-o-professor\/elas-o-professor-camila-mimoso\/","title":{"rendered":"ELAS &amp; O PROFESSOR &#8211; CAMILA MIMOSO"},"content":{"rendered":"<p><strong>ELAS &amp; O PROFESSOR<\/strong><\/p>\n<p><strong>POR LUIZ CARLOS ROCHA<\/strong><\/p>\n<p>A entrevista de julho de 2020, com Camila Mariana Alves Mimoso, \u00e9 dedicada \u00e0 uma princesa vasca\u00edna, que atende pelo bel\u00edssimo nome de \u00darsulla Rocha.<\/p>\n<p><strong>CAMILA MIMOSO,<\/strong> portuguesa (veio para o Pa\u00eds Tropical aben\u00e7oado por Deus e bonito por natureza, ainda pequenina), solteira, t\u00eam 27 anos, moradora de S\u00e3o Crist\u00f3v\u00e3o, na Cidade Maravilhosa. \u00c9 assistente administrativa s\u00eanior de uma empresa de telefonia. A aquariana adora viajar e sempre que pode vai at\u00e9 as Terras Lusitanas. Ela tamb\u00e9m curte assistir s\u00e9ries de TV e filmes. Al\u00e9m de um bom livro \u00e9 claro. Bem tradicional a portuguesinha prefere os calhama\u00e7os f\u00edsicos aos digitais. E ainda d\u00e1 tempo para torcer pelo Salgueiro, ouvir suas can\u00e7\u00f5es prediletas e degustar a culin\u00e1ria japonesa e \u00f3timos frutos do mar.<\/p>\n<p><strong> O treinador Ramon Menezes assumiu o Vasco da Gama faltando duas partidas para o t\u00e9rmino do Campeonato Carioca, venceu ambas, contra Madureira (1 a 0) e Maca\u00e9 (3 a 1), j\u00e1 pode ser feita uma avalia\u00e7\u00e3o positiva do seu trabalho ou ainda \u00e9 cedo?<\/strong><\/p>\n<p>A avalia\u00e7\u00e3o \u00e9 positiva, e ao mesmo tempo ainda \u00e9 cedo. Os jogos pelo Campeonato Carioca e os jogos-treino disputados n\u00e3o servem de par\u00e2metro para medir a competitividade da equipe, mas s\u00e3o fundamentais na transmiss\u00e3o da ideia de jogo que o Ramon quer para a equipe.<\/p>\n<p><strong>Podemos mant\u00ea-lo (Ramon) no comando da equipe para o Campeonato Brasileiro?<\/strong><\/p>\n<p>Acredito que sim, ele come\u00e7ou um trabalho, \u00e9 necess\u00e1rio um pouco de tempo para que possa desenvolv\u00ea-lo.<\/p>\n<p><strong> Se voc\u00ea pudesse ligar para o presidente Alexandre Campello a fim de dar qualquer recado, o que diria a ele?<\/strong><\/p>\n<p>Seu tempo acabou!<\/p>\n<p><strong> Voc\u00ea daria um oi para qual atleta do atual plantel?<\/strong><\/p>\n<p>Ricardo Gra\u00e7a, com todo o respeito.<\/p>\n<p><strong> Tim Maia cantou bem o hino vasca\u00edno?<\/strong><\/p>\n<p>Sim, muito bem. Mas nada como o canto apaixonado da torcida vasca\u00edna.<\/p>\n<p><strong> Na sua concep\u00e7\u00e3o est\u00e1 claro que o Gigante da Colina precisa de refor\u00e7os?<\/strong><\/p>\n<p>Acredito que antes de buscar por refor\u00e7os, \u00e9 necess\u00e1rio fazer uma avalia\u00e7\u00e3o do elenco. Temos um plantel de quase 40 jogadores, \u00e9 preciso enxugar o elenco, ver como fica a folha salarial para ent\u00e3o ir ao mercado de maneira inteligente, buscando jogadores de qualidade.<\/p>\n<p><strong>\u00cddolos n\u00e3o morrem. Dener (Dener Augusto de Sousa) estar\u00e1 sempre vivo na mem\u00f3ria do torcedor?<\/strong><\/p>\n<p>Eu praticamente tinha acabado de nascer na \u00e9poca do Dener, mas quando se passa a conhecer a hist\u00f3ria, fica claro para mim que sim. \u00cddolos s\u00e3o sempre \u00eddolos.<\/p>\n<p><strong>H\u00e1 muito tempo, desde 2011, com Ded\u00e9 e Anderson Martins a zaga n\u00e3o \u00e9 t\u00e3o segura. Podemos afirmar que os jogadores da defesa v\u00eam atuando em linha cruzada?<\/strong><\/p>\n<p>Tivemos anos bons e ruins. Esse ano, talvez seja o setor onde h\u00e1 mais qualidade t\u00e9cnica no elenco, de qualquer forma o desempenho da defesa diz muito da maneira que ela est\u00e1 inserida no sistema de jogo, \u00e9 ver como vai se portar com o Ramon.<\/p>\n<p><strong>Culpa dos recentes fracassos do clube se d\u00e1 pelo cartola (presidente) est\u00e1 sempre ocupado (tum,tum,tum&#8230;) para assuntos realmente relevantes?<\/strong><\/p>\n<p>Teoricamente, o presidente deveria estar ocupado com assuntos relevantes para a institui\u00e7\u00e3o, mas particularmente acho que est\u00e1 mais ocupado no que \u00e9 relevante para ele individualmente. Claramente dificultando o processo das elei\u00e7\u00f5es, um exemplo de que est\u00e1 tratando o que \u00e9 relevante para si.<\/p>\n<p><strong> Voc\u00ea acha que a pol\u00edtica do Mach\u00e3o da Gama deu linha para as \u201cloucuras\u201d do Eurico Miranda, durante muito tempo, por ele fazer o estilo \u201cG\u00e2ngster\u201d?<\/strong><\/p>\n<p>N\u00e3o deu linha pois foi o pr\u00f3prio Eurico que as ditou. N\u00e3o sei se G\u00e2ngster, mas o Eurico com certeza tinha o estil\u00e3o dos velhos cartolas brasileiros que fazem mil promessas e atuam nos bastidores.<\/p>\n<p><strong> Qual candidato a mandat\u00e1rio do Vasco voc\u00ea gostaria de fato chamar para assumir a cadeira n\u00ba 01?<\/strong><\/p>\n<p>O J\u00falio Brant.<\/p>\n<p><strong> Atualmente o clube de S\u00e3o Janu\u00e1rio est\u00e1 sem sinal, ou seja, n\u00e3o h\u00e1 nenhuma luz no fim do t\u00fanel &#8211; sem esperan\u00e7as &#8211; mesmo que Alexander Graham Bell ressuscite e assuma toda a comunica\u00e7\u00e3o vasca\u00edna?<\/strong><\/p>\n<p>Eu n\u00e3o vejo assim, eu sempre acho que h\u00e1 esperan\u00e7a, principalmente agora com as elei\u00e7\u00f5es.<\/p>\n<p>&nbsp;<\/p>\n<p><strong>FOTOGRAFIAS FORNECIDAS PELA ENTREVISTADA.<\/strong><\/p>\n<p><a href=\"https:\/\/webvasco.com\/artigos\/wp-content\/uploads\/2020\/07\/cm6.jpg\"><img loading=\"lazy\" decoding=\"async\" class=\"alignright size-medium wp-image-8901\" src=\"https:\/\/webvasco.com\/artigos\/wp-content\/uploads\/2020\/07\/cm6-233x300.jpg\" alt=\"\" width=\"233\" height=\"300\" srcset=\"https:\/\/webvasco.com\/artigos\/wp-content\/uploads\/2020\/07\/cm6-233x300.jpg 233w, https:\/\/webvasco.com\/artigos\/wp-content\/uploads\/2020\/07\/cm6-116x150.jpg 116w, https:\/\/webvasco.com\/artigos\/wp-content\/uploads\/2020\/07\/cm6.jpg 338w\" sizes=\"auto, (max-width: 233px) 100vw, 233px\" \/><\/a> <a href=\"https:\/\/webvasco.com\/artigos\/wp-content\/uploads\/2020\/07\/cm7.jpg\"><img loading=\"lazy\" decoding=\"async\" class=\"alignright size-medium wp-image-8902\" src=\"https:\/\/webvasco.com\/artigos\/wp-content\/uploads\/2020\/07\/cm7-300x263.jpg\" alt=\"\" width=\"300\" height=\"263\" srcset=\"https:\/\/webvasco.com\/artigos\/wp-content\/uploads\/2020\/07\/cm7-300x263.jpg 300w, https:\/\/webvasco.com\/artigos\/wp-content\/uploads\/2020\/07\/cm7-150x131.jpg 150w, https:\/\/webvasco.com\/artigos\/wp-content\/uploads\/2020\/07\/cm7.jpg 548w\" sizes=\"auto, (max-width: 300px) 100vw, 300px\" \/><\/a> <a href=\"https:\/\/webvasco.com\/artigos\/wp-content\/uploads\/2020\/07\/cm5.jpg\"><img loading=\"lazy\" decoding=\"async\" class=\"alignright size-medium wp-image-8900\" src=\"https:\/\/webvasco.com\/artigos\/wp-content\/uploads\/2020\/07\/cm5-300x225.jpg\" alt=\"\" width=\"300\" height=\"225\" srcset=\"https:\/\/webvasco.com\/artigos\/wp-content\/uploads\/2020\/07\/cm5-300x225.jpg 300w, https:\/\/webvasco.com\/artigos\/wp-content\/uploads\/2020\/07\/cm5-150x113.jpg 150w, https:\/\/webvasco.com\/artigos\/wp-content\/uploads\/2020\/07\/cm5.jpg 720w\" sizes=\"auto, (max-width: 300px) 100vw, 300px\" \/><\/a> <a href=\"https:\/\/webvasco.com\/artigos\/wp-content\/uploads\/2020\/07\/cm4.jpg\"><img loading=\"lazy\" decoding=\"async\" class=\"alignright size-medium wp-image-8899\" src=\"https:\/\/webvasco.com\/artigos\/wp-content\/uploads\/2020\/07\/cm4-221x300.jpg\" alt=\"\" width=\"221\" height=\"300\" srcset=\"https:\/\/webvasco.com\/artigos\/wp-content\/uploads\/2020\/07\/cm4-221x300.jpg 221w, https:\/\/webvasco.com\/artigos\/wp-content\/uploads\/2020\/07\/cm4-111x150.jpg 111w, https:\/\/webvasco.com\/artigos\/wp-content\/uploads\/2020\/07\/cm4-768x1042.jpg 768w, https:\/\/webvasco.com\/artigos\/wp-content\/uploads\/2020\/07\/cm4-755x1024.jpg 755w, https:\/\/webvasco.com\/artigos\/wp-content\/uploads\/2020\/07\/cm4.jpg 840w\" sizes=\"auto, (max-width: 221px) 100vw, 221px\" \/><\/a> <a href=\"https:\/\/webvasco.com\/artigos\/wp-content\/uploads\/2020\/07\/cm2.jpg\"><img loading=\"lazy\" decoding=\"async\" class=\"alignright size-medium wp-image-8898\" src=\"https:\/\/webvasco.com\/artigos\/wp-content\/uploads\/2020\/07\/cm2-300x225.jpg\" alt=\"\" width=\"300\" height=\"225\" srcset=\"https:\/\/webvasco.com\/artigos\/wp-content\/uploads\/2020\/07\/cm2-300x225.jpg 300w, https:\/\/webvasco.com\/artigos\/wp-content\/uploads\/2020\/07\/cm2-150x113.jpg 150w, https:\/\/webvasco.com\/artigos\/wp-content\/uploads\/2020\/07\/cm2.jpg 750w\" sizes=\"auto, (max-width: 300px) 100vw, 300px\" \/><\/a> <a href=\"https:\/\/webvasco.com\/artigos\/wp-content\/uploads\/2020\/07\/cm.jpg\"><img loading=\"lazy\" decoding=\"async\" class=\"alignright size-medium wp-image-8897\" src=\"https:\/\/webvasco.com\/artigos\/wp-content\/uploads\/2020\/07\/cm-240x300.jpg\" alt=\"\" width=\"240\" height=\"300\" srcset=\"https:\/\/webvasco.com\/artigos\/wp-content\/uploads\/2020\/07\/cm-240x300.jpg 240w, https:\/\/webvasco.com\/artigos\/wp-content\/uploads\/2020\/07\/cm-120x150.jpg 120w, https:\/\/webvasco.com\/artigos\/wp-content\/uploads\/2020\/07\/cm-768x960.jpg 768w, https:\/\/webvasco.com\/artigos\/wp-content\/uploads\/2020\/07\/cm-819x1024.jpg 819w, https:\/\/webvasco.com\/artigos\/wp-content\/uploads\/2020\/07\/cm-1024x1280.jpg 1024w, https:\/\/webvasco.com\/artigos\/wp-content\/uploads\/2020\/07\/cm.jpg 1080w\" sizes=\"auto, (max-width: 240px) 100vw, 240px\" \/><\/a> <a href=\"https:\/\/webvasco.com\/artigos\/wp-content\/uploads\/2020\/07\/cm3.jpg\"><img loading=\"lazy\" decoding=\"async\" class=\"alignright size-medium wp-image-8896\" src=\"https:\/\/webvasco.com\/artigos\/wp-content\/uploads\/2020\/07\/cm3-300x225.jpg\" alt=\"\" width=\"300\" height=\"225\" srcset=\"https:\/\/webvasco.com\/artigos\/wp-content\/uploads\/2020\/07\/cm3-300x225.jpg 300w, https:\/\/webvasco.com\/artigos\/wp-content\/uploads\/2020\/07\/cm3-150x113.jpg 150w, https:\/\/webvasco.com\/artigos\/wp-content\/uploads\/2020\/07\/cm3-768x576.jpg 768w, https:\/\/webvasco.com\/artigos\/wp-content\/uploads\/2020\/07\/cm3-1024x768.jpg 1024w, https:\/\/webvasco.com\/artigos\/wp-content\/uploads\/2020\/07\/cm3.jpg 1080w\" sizes=\"auto, (max-width: 300px) 100vw, 300px\" \/><\/a><\/p>\n","protected":false},"excerpt":{"rendered":"<p>ELAS &amp; O PROFESSOR POR LUIZ CARLOS ROCHA A entrevista de julho de 2020, com&#8230;<\/p>\n","protected":false},"author":7,"featured_media":8900,"comment_status":"open","ping_status":"closed","sticky":false,"template":"","format":"standard","meta":{"footnotes":""},"categories":[27],"tags":[],"class_list":["post-8895","post","type-post","status-publish","format-standard","has-post-thumbnail","hentry","category-elas-e-o-professor"],"_links":{"self":[{"href":"https:\/\/webvasco.com\/artigos\/wp-json\/wp\/v2\/posts\/8895","targetHints":{"allow":["GET"]}}],"collection":[{"href":"https:\/\/webvasco.com\/artigos\/wp-json\/wp\/v2\/posts"}],"about":[{"href":"https:\/\/webvasco.com\/artigos\/wp-json\/wp\/v2\/types\/post"}],"author":[{"embeddable":true,"href":"https:\/\/webvasco.com\/artigos\/wp-json\/wp\/v2\/users\/7"}],"replies":[{"embeddable":true,"href":"https:\/\/webvasco.com\/artigos\/wp-json\/wp\/v2\/comments?post=8895"}],"version-history":[{"count":4,"href":"https:\/\/webvasco.com\/artigos\/wp-json\/wp\/v2\/posts\/8895\/revisions"}],"predecessor-version":[{"id":8907,"href":"https:\/\/webvasco.com\/artigos\/wp-json\/wp\/v2\/posts\/8895\/revisions\/8907"}],"wp:featuredmedia":[{"embeddable":true,"href":"https:\/\/webvasco.com\/artigos\/wp-json\/wp\/v2\/media\/8900"}],"wp:attachment":[{"href":"https:\/\/webvasco.com\/artigos\/wp-json\/wp\/v2\/media?parent=8895"}],"wp:term":[{"taxonomy":"category","embeddable":true,"href":"https:\/\/webvasco.com\/artigos\/wp-json\/wp\/v2\/categories?post=8895"},{"taxonomy":"post_tag","embeddable":true,"href":"https:\/\/webvasco.com\/artigos\/wp-json\/wp\/v2\/tags?post=8895"}],"curies":[{"name":"wp","href":"https:\/\/api.w.org\/{rel}","templated":true}]}}