{"id":8908,"date":"2020-08-01T17:26:57","date_gmt":"2020-08-01T20:26:57","guid":{"rendered":"http:\/\/webvasco.com\/artigos\/colunistas\/luizcarlosrocha\/nota-de-repudio\/"},"modified":"2020-08-01T17:26:57","modified_gmt":"2020-08-01T20:26:57","slug":"nota-de-repudio","status":"publish","type":"post","link":"https:\/\/webvasco.com\/artigos\/colunistas\/luizcarlosrocha\/nota-de-repudio\/","title":{"rendered":"NOTA DE REP\u00daDIO"},"content":{"rendered":"<p><strong>NOTA DE REP\u00daDIO<\/strong><\/p>\n<p>Na \u00faltima quinta-feira, dia 30 de julho de 2020, durante a transmiss\u00e3o do jogo entre Santos e Ponte, um despreparado comentarista que atende pelo nome de F\u00e1bio Benedetti, da R\u00e1dio Energia 97FM, fez uma severa DISCRIMINA\u00c7\u00c3O RACIAL, ao atleta santista Marinho.<\/p>\n<p>\u201cVoc\u00ea \u00e9 burro, voc\u00ea est\u00e1 na senzala, voc\u00ea vai sair do grupo uma semana para pensar sobre o que voc\u00ea fez\u201d<\/p>\n<p>Que absurdo! Um \u201cjornalista\u201d (ser\u00e1 que \u00e9?) jamais poder\u00e1 ter um comportamento como esse. Por esta, e outras atitudes que DEFENDO A OBRIGATORIEDADE DO DIPLOMA E CURSO SUPERIOR COM AVALIA\u00c7\u00c3O PARA O EXERC\u00cdCIO DA PROFISS\u00c3O (como na OAB). E mais, faz-se necess\u00e1rio um Conselho de Classe Federal e Regionais, para evitar covardias como essa de um \u201ccolega\u201d de profiss\u00e3o, na qual n\u00e3o tenho o menor orgulho.<\/p>\n<p>O jogador do Peixe certamente sofreu, mas n\u00e3o s\u00f3 naquele momento, tamb\u00e9m posterior, com seus familiares e amigos que indiretamente tamb\u00e9m foram atingidos.<\/p>\n<p>Cabe ao camisa 11, processar o irrespons\u00e1vel comunicador baseado na LEI N\u00ba 7.716, de 5 de janeiro de 1989, popularmente conhecida como Afonso Arinos, com fulcro nos seus 22 artigos, par\u00e1grafos e incisos, para que o mesmo seja julgado no rigor da ordena\u00e7\u00e3o p\u00e1tria, expectando ver a leg\u00edtima decis\u00e3o do douto magistrado com uma san\u00e7\u00e3o m\u00e1xima pertinente na senten\u00e7a da lide.<\/p>\n<p>Vale ressaltar, que a Lei supracitada transformou a Discrimina\u00e7\u00e3o Racial que era apenas uma contraven\u00e7\u00e3o penal, na \u201cprimeira Lei\u201d Afonso Arinos: Lei 1390, de 3 de julho de 1951, em <strong>CRIME<\/strong>, neste novo regimento jur\u00eddico, que foi sancionada pelo Presidente da Rep\u00fablica Jos\u00e9 Sarney.<\/p>\n<p>Para concluir: M\u00e1rio S\u00e9rgio Santos Costa, atacante do Peixe, t\u00eam TODA A MINHA SOLIDARIEDADE E RESPEITO, bem como total raz\u00e3o no que tange a combater esse tipo inescrupuloso de conduta por parte de um sujeito irrespons\u00e1vel que brinca de comunicador, tirando a vaga inclusive de quem deseja trabalhar s\u00e9rio, e respeita o Ser Humano.<\/p>\n<p>Atenciosamente,<\/p>\n<p><strong>Prof. LUIZ CARLOS ROCHA<\/strong><\/p>\n<p>S\u00f3cio Editor do Site WebVasco<\/p>\n<p>Graduado em Jornalismo e Direito<\/p>\n<p>P\u00f3s-Graduado em Jornalismo Esportivo<\/p>\n<p>P\u00f3s-Graduado em Direito Privado<\/p>\n<p>Benem\u00e9rito da Federa\u00e7\u00e3o de Futebol do Rio de Janeiro<\/p>\n<p>Possuidor de 19 pr\u00eamios nas carreiras<\/p>\n<p>Detentor de 384 certificados no CV<\/p>\n<p><strong>REPUDIADOR DE QUALQUER TIPO DE DISCRIMINA\u00c7\u00c3O<\/strong><\/p>\n<p>Niter\u00f3i, 01 de agosto de 2020.<\/p>\n","protected":false},"excerpt":{"rendered":"<p>NOTA DE REP\u00daDIO Na \u00faltima quinta-feira, dia 30 de julho de 2020, durante a transmiss\u00e3o&#8230;<\/p>\n","protected":false},"author":7,"featured_media":0,"comment_status":"open","ping_status":"closed","sticky":false,"template":"","format":"standard","meta":{"footnotes":""},"categories":[4],"tags":[],"class_list":["post-8908","post","type-post","status-publish","format-standard","hentry","category-luizcarlosrocha"],"_links":{"self":[{"href":"https:\/\/webvasco.com\/artigos\/wp-json\/wp\/v2\/posts\/8908","targetHints":{"allow":["GET"]}}],"collection":[{"href":"https:\/\/webvasco.com\/artigos\/wp-json\/wp\/v2\/posts"}],"about":[{"href":"https:\/\/webvasco.com\/artigos\/wp-json\/wp\/v2\/types\/post"}],"author":[{"embeddable":true,"href":"https:\/\/webvasco.com\/artigos\/wp-json\/wp\/v2\/users\/7"}],"replies":[{"embeddable":true,"href":"https:\/\/webvasco.com\/artigos\/wp-json\/wp\/v2\/comments?post=8908"}],"version-history":[{"count":0,"href":"https:\/\/webvasco.com\/artigos\/wp-json\/wp\/v2\/posts\/8908\/revisions"}],"wp:attachment":[{"href":"https:\/\/webvasco.com\/artigos\/wp-json\/wp\/v2\/media?parent=8908"}],"wp:term":[{"taxonomy":"category","embeddable":true,"href":"https:\/\/webvasco.com\/artigos\/wp-json\/wp\/v2\/categories?post=8908"},{"taxonomy":"post_tag","embeddable":true,"href":"https:\/\/webvasco.com\/artigos\/wp-json\/wp\/v2\/tags?post=8908"}],"curies":[{"name":"wp","href":"https:\/\/api.w.org\/{rel}","templated":true}]}}