{"id":8910,"date":"2020-08-25T10:02:38","date_gmt":"2020-08-25T13:02:38","guid":{"rendered":"http:\/\/webvasco.com\/artigos\/?p=8910"},"modified":"2020-08-25T12:49:43","modified_gmt":"2020-08-25T15:49:43","slug":"nossos-antepassados-clamam-por-justica","status":"publish","type":"post","link":"https:\/\/webvasco.com\/artigos\/colunistas\/andrepedro\/nossos-antepassados-clamam-por-justica\/","title":{"rendered":"Nossos antepassados clamam por justi\u00e7a!"},"content":{"rendered":"<p>Vasca\u00ednos!<\/p>\n<p>Venho a p\u00fablico a p\u00fablico declarar o <strong>total rep\u00fadio<\/strong> \u00e0 decis\u00e3o do Conselho Deliberativo (CD) do Vasco na noite de ontem.<\/p>\n<p>Os s\u00f3cios, e a torcida vasca\u00edna, vem manifestando nos \u00faltimos meses, de forma ampla, sua vontade em redemocratizar o clube atrav\u00e9s de elei\u00e7\u00f5es diretas. A materializa\u00e7\u00e3o dessa vontade se deu atrav\u00e9s do movimento &#8220;<strong>Nova Resposta Hist\u00f3rica<\/strong>&#8220;, que conseguiu angariar n\u00famero de assinaturas suficientes para <strong>promover uma Assembl\u00e9ia Geral Extraordin\u00e1ria (AGE)<\/strong> onde se decidir\u00e1 a mudan\u00e7a estatut\u00e1ria para realiza\u00e7\u00e3o de elei\u00e7\u00e3o direta para presidente do clube. Lembramos aqui que, pela legisla\u00e7\u00e3o brasileira, <strong>a AGE \u00e9 o poder maior da institui\u00e7\u00e3o<\/strong>, acima de qualquer poder estatut\u00e1rio de nosso clube, inclusive do Presidente Administrativo e do Presidente do CD.<\/p>\n<p>Mesmo com apoio do Sr. Faues Mussa, atual presidente eleito da AGE (<strong>\u00fanico presidente eleito diretamente pelos s\u00f3cios<\/strong> no estatuto atual), o que vimos recentemente foi o empenho de diversos membros do CD para minar essa possibilidade. Foram tantas a\u00e7\u00f5es (<strong>e omiss\u00f5es<\/strong>) que o Sr. Mussa teve que tomar a\u00e7\u00f5es mais en\u00e9rgicas no sentido de fazer valer a vontade do povo vasca\u00edno.<\/p>\n<p>De forma aviltante, o que vimos na noite de ontem foi a a\u00e7\u00e3o de supostos defensores das elei\u00e7\u00f5es diretas <strong>esbravejando acusa\u00e7\u00f5es dolorosas e injustas contra um senhor com d\u00e9cadas comprovadas de a\u00e7\u00f5es merit\u00f3rias, derivadas de seu amor incondicional ao clube<\/strong>, e que meramente tentava fazer apenas a vontade do bem maior que o Vasco tem: Sua torcida apaixonada.<\/p>\n<p>Por que barrar um movimento democr\u00e1tico do clube?<\/p>\n<p>Por que temer ouvir o que as urnas tem a dizer?<\/p>\n<p>Por que utilizar meandros estatut\u00e1rios, artimanhas interpretativas e &#8220;meias verdades&#8221; com objetivo \u00fanico de confundir as pessoas?<\/p>\n<p>Por que punir um Sr. idoso, com uma bela hist\u00f3ria no clube, com acusa\u00e7\u00f5es t\u00e3o injustas apenas para desqualificar sua a\u00e7\u00e3o?<\/p>\n<p>Por que afirmar que s\u00e3o favor\u00e1veis \u00e0s elei\u00e7\u00f5es diretas se TODAS as a\u00e7\u00f5es que tomaram at\u00e9 agora s\u00e3o contr\u00e1rias a isso?<\/p>\n<p>Ser\u00e1 mesmo que esses senhores pensam que ir\u00e3o enganar a todos por todo o tempo?<\/p>\n<p>Esperamos que <strong>justi\u00e7a se fa\u00e7a, ainda que tardia, em prol do Sr. Faues Mussa<\/strong> e da vontade da maioria absoluta dos vasca\u00ednos, que \u00e9 a realiza\u00e7\u00e3o da AGE.<\/p>\n<p>E que fique registrado o <strong>total rep\u00fadio a todo e qualquer movimento anti-democr\u00e1tico por membros do CD<\/strong>, ainda que travestidos de suposta &#8220;moralidade&#8221; e &#8220;rigor estatut\u00e1rio&#8221;. <strong>O Vasco n\u00e3o pode ter &#8220;donos&#8221;!<\/strong> O Vasco foi criado por quem n\u00e3o se conformou com outros clubes que tinham &#8220;donos&#8221; e lutou bravamente pela <strong>inclus\u00e3o social quando ainda nem se falava sobre esse assunto &#8211; est\u00e1 em nosso DNA<\/strong>! O Vasco precisa, portanto, voltar a ser comandado por quem de direito pertence: sua torcida!<\/p>\n<p><strong>Avante, Sr. Mussa!<\/strong> <strong>Avante vasca\u00ednos de bem!<\/strong> <strong>Nossos antepassados fundadores do clube clamam por n\u00f3s<\/strong> para que seus ideais sejam resgatados! E que o Vasco que esse CD representa, no futuro seja lembrado apenas como uma <strong>mancha negra de nossa hist\u00f3ria que foi extirpada gra\u00e7as a luta bravia de valorosos vasca\u00ednos<\/strong> que resgataram a verdadeira ess\u00eancia vasca\u00edna: <strong>a democracia!<\/strong><\/p>\n<p>Andr\u00e9 Pedro<\/p>\n","protected":false},"excerpt":{"rendered":"<p>Vasca\u00ednos! Venho a p\u00fablico a p\u00fablico declarar o total rep\u00fadio \u00e0 decis\u00e3o do Conselho Deliberativo&#8230;<\/p>\n","protected":false},"author":1,"featured_media":8911,"comment_status":"open","ping_status":"closed","sticky":false,"template":"","format":"standard","meta":{"footnotes":""},"categories":[2],"tags":[],"class_list":["post-8910","post","type-post","status-publish","format-standard","has-post-thumbnail","hentry","category-andrepedro"],"_links":{"self":[{"href":"https:\/\/webvasco.com\/artigos\/wp-json\/wp\/v2\/posts\/8910","targetHints":{"allow":["GET"]}}],"collection":[{"href":"https:\/\/webvasco.com\/artigos\/wp-json\/wp\/v2\/posts"}],"about":[{"href":"https:\/\/webvasco.com\/artigos\/wp-json\/wp\/v2\/types\/post"}],"author":[{"embeddable":true,"href":"https:\/\/webvasco.com\/artigos\/wp-json\/wp\/v2\/users\/1"}],"replies":[{"embeddable":true,"href":"https:\/\/webvasco.com\/artigos\/wp-json\/wp\/v2\/comments?post=8910"}],"version-history":[{"count":4,"href":"https:\/\/webvasco.com\/artigos\/wp-json\/wp\/v2\/posts\/8910\/revisions"}],"predecessor-version":[{"id":8915,"href":"https:\/\/webvasco.com\/artigos\/wp-json\/wp\/v2\/posts\/8910\/revisions\/8915"}],"wp:featuredmedia":[{"embeddable":true,"href":"https:\/\/webvasco.com\/artigos\/wp-json\/wp\/v2\/media\/8911"}],"wp:attachment":[{"href":"https:\/\/webvasco.com\/artigos\/wp-json\/wp\/v2\/media?parent=8910"}],"wp:term":[{"taxonomy":"category","embeddable":true,"href":"https:\/\/webvasco.com\/artigos\/wp-json\/wp\/v2\/categories?post=8910"},{"taxonomy":"post_tag","embeddable":true,"href":"https:\/\/webvasco.com\/artigos\/wp-json\/wp\/v2\/tags?post=8910"}],"curies":[{"name":"wp","href":"https:\/\/api.w.org\/{rel}","templated":true}]}}