{"id":8941,"date":"2020-09-29T21:56:26","date_gmt":"2020-09-30T00:56:26","guid":{"rendered":"https:\/\/webvasco.com\/artigos\/?p=8941"},"modified":"2020-09-30T15:24:21","modified_gmt":"2020-09-30T18:24:21","slug":"elas-o-professor-livia-prates","status":"publish","type":"post","link":"https:\/\/webvasco.com\/artigos\/temas\/elas-e-o-professor\/elas-o-professor-livia-prates\/","title":{"rendered":"ELAS &amp; O PROFESSOR &#8211; L\u00cdVIA PRATES"},"content":{"rendered":"<p><strong>ELAS &amp; O PROFESSOR<\/strong><\/p>\n<p><strong>POR LUIZ CARLOS ROCHA<\/strong><\/p>\n<p>A entrevista de setembro de 2020, com L\u00edvia Maria Amaro Prates, \u00e9 dedicada \u00e0 uma vasca\u00edna, que ser\u00e1 a minha eterna fonte de inspira\u00e7\u00e3o: \u00darsulla Rocha.<\/p>\n<p><strong>L\u00cdVIA PRATES,<\/strong> Professora de Educa\u00e7\u00e3o F\u00edsica com MBA em Gest\u00e3o e Marketing Esportivo, moradora de Copacabana, casada com o atleta de nata\u00e7\u00e3o Mauro Brasil, na qual t\u00eam 2 filhos: Jo\u00e3o (8 anos) e Marina (1 ano), t\u00eam 40 anos, sua Escola de Samba do cora\u00e7\u00e3o \u00e9 o Imp\u00e9rio Serrano, do signo de Aries. Chegou ao Vasco da Gama em 2004, trazendo toda a equipe de nata\u00e7\u00e3o consigo, pois era t\u00e9cnica da Sele\u00e7\u00e3o Brasileira da modalidade paraol\u00edmpica na \u00e9poca, s\u00f3 saiu em 2010 para ser comentarista em uma emissora de TV por assinatura. A ex-coordenadora de esportes paraol\u00edmpicos curte degustar um bom strogonoff, e nas horas vagas aprecia a companhia dos filhos e do marido, muitas vezes no clube, \u00e9 claro. \u00c9 tanto amor ao Gigante da Colina, que considera S\u00e3o Janu\u00e1rio seu segundo lar!<\/p>\n<p><strong>O Vasco da Gama \u00e9 hoje o principal clube carioca em termos de investimento em esportes paral\u00edmpicos?<\/strong><\/p>\n<p>Se voc\u00ea tivesse me perguntado antes de 11 de maio, n\u00e3o hesitaria em dizer que sim, mas por conta da pandemia e de todos os problemas financeiros que j\u00e1 sabemos, hoje n\u00e3o mais, por\u00e9m estamos voltando aos poucos. A nata\u00e7\u00e3o j\u00e1 voltou a treinar em S\u00e3o Janu\u00e1rio que era uma necessidade imediata por conta de presta\u00e7\u00e3o de contas do Bolsa Atleta, e estamos conversando sobre a recontrata\u00e7\u00e3o dos profissionais bem como a volta das outras modalidades.<\/p>\n<p><strong>Dos esportes paral\u00edmpicos qual o mais vitorioso representado pela bandeira vasca\u00edna?<\/strong><\/p>\n<p>O futebol de 7 \u00e9 pentacampe\u00e3o brasileiro, invicto, com goleadas sonoras. Por\u00e9m a nata\u00e7\u00e3o \u00e9 onde temos resultados individuais mais expressivos, temos atletas campe\u00f5es mundiais, recordistas parapanamericanos. \u00c9 uma briga boa entre as duas modalidades.<\/p>\n<p><strong>Quando come\u00e7ou a sua paix\u00e3o pelo clube?<\/strong><\/p>\n<p>Confesso que nunca liguei muito para futebol, sempre estive muito presente nos esportes amadores, mas entre 1998 e 1999 fui como estudante de educa\u00e7\u00e3o f\u00edsica trabalhar em eventos internacionais de nata\u00e7\u00e3o no Vasco, era a \u00e9poca de altos investimentos do Vasco em esportes amadores, se algum atleta amador falasse que n\u00e3o tinha vontade de defender o Vasco era mentira. Dali j\u00e1 veio o fasc\u00ednio pelo clube. Em 2004 fui convidada pelo Prof. Ricardo de Moura a trazer a minha equipe de nata\u00e7\u00e3o (convencional) para somar no clube, fui contratada como t\u00e9cnica de mirim\/ petiz e infantil. Come\u00e7ou um conv\u00edvio no clube, comecei acompanhar tudo que tinha o Vasco envolvido, desde Futebol de bot\u00e3o (Futebol de Mesa) at\u00e9 o Futebol profissional, da\u00ed em diante essa paix\u00e3o s\u00f3 cresce, vejo isso diariamente projetado nos meus filhos<\/p>\n<p><strong>Jo\u00e3o e Marina (filhos) aprenderam amar o Cruzmaltino sozinhos ou teve influ\u00eancia sua?<\/strong><\/p>\n<p>N\u00e3o foi preciso ensinar (sorriu). O Vasco \u00e9 a extens\u00e3o da nossa casa. O Jo\u00e3o nasceu em 2012, entrei em trabalho de parto dentro do clube, ele veio um pouco antes do esperado. Muitas vezes amamentei na borda da piscina, em reuni\u00f5es do Departamento de Infanto-Juvenil, meu Vice-Presidente da \u00e9poca (Jos\u00e9 Pinto Monteiro), sempre me deixou a vontade para leva-lo. Mas amar o futebol sem d\u00favidas foi o pai, Mauro Brasil, o respons\u00e1vel.<\/p>\n<p><strong>O que voc\u00ea espera do Gigante da Colina em 2021?<\/strong><\/p>\n<p>Um clube bem administrado, com dividas acordadas de modo que possamos ter de volta as certid\u00f5es negativas (de d\u00e9bito \u2013 CND), o que \u00e9 de suma import\u00e2ncia para a sobreviv\u00eancia dos esportes amadores. Um clube que passe credibilidade para atrair investidores para o futebol, porque se o futebol profissional estiver bem, o clube todo respira.<\/p>\n<p><strong>O futebol (de campo) est\u00e1 come\u00e7ando a ter resultados?<\/strong><\/p>\n<p>Claro. N\u00e3o me considero uma entendedora de futebol, mas todo ano falo a mesma coisa: agora vai (sorriu novamente).<\/p>\n<p><strong>A cobran\u00e7a pelo sucesso no Vasco \u00e9 maior do que em outros clubes?<\/strong><\/p>\n<p>Sou uma das que mais cobra resultados, o Cruzmaltino n\u00e3o pode entrar para perder, se for para ser coadjuvantes prefiro n\u00e3o levar. O Vasco \u00e9 time para estar no p\u00f3dio sempre! N\u00e3o digo que tenha que ganhar tudo &#8211; bem que eu queria &#8211; mas tem de ser competitivo.<\/p>\n<p><strong>A torcida faz a diferen\u00e7a para o atleta?<\/strong><\/p>\n<p>Sem d\u00favidas, mas para n\u00f3s do paralimpico nunca conseguimos mobilizar torcidas em nossas competi\u00e7\u00f5es, contudo, os familiares e amigos j\u00e1 fazem muita diferen\u00e7a. Vide o futebol profissional jogando nessa \u00e9poca de pandemia no est\u00e1dio vazio.<\/p>\n<p><strong>O clube de S\u00e3o Janu\u00e1rio penetrou mais na alma da Torcedora L\u00edvia ou da Profa. de Educa\u00e7\u00e3o F\u00edsica L\u00edvia Prates?<\/strong><\/p>\n<p>Juro que n\u00e3o sei responder. \u00c9 uma mistura louca, n\u00e3o sei mais como separar, a possibilidade de n\u00e3o estar diariamente no clube me deixa atordoada. Acho que a torcedora se tornou uma professora que com o dia a dia passou a torcer absurdamente mais.<\/p>\n<p><strong>Em 2000, na Paraolimp\u00edadas, de Sydney, na Austr\u00e1lia, o Vasco da Gama teve 30% da delega\u00e7\u00e3o brasileira. Voc\u00ea acha que o clube poder\u00e1 voltar a investir neste patamar em competi\u00e7\u00f5es futuras?<\/strong><\/p>\n<p>Acho pouco prov\u00e1vel. O esporte paralimpico ganhou muita concorr\u00eancia entre os clubes sociais. Hoje \u00e9 rent\u00e1vel manter uma modalidade paralimpica, ou de esporte amador convencional. Se souber fazer o uso das leis de incentivo fiscal e principalmente se a entidade for filiada ao CBC ou CBCP (COMIT\u00ca BRASILEIRO CLUBES PARAL\u00cdMPICOS). Tenho certeza de que todas as modalidades que tivermos, teremos uma boa representatividade nas respectivas sele\u00e7\u00f5es brasileiras.<\/p>\n<p><strong>As elei\u00e7\u00f5es, em novembro, \u00e9 uma inje\u00e7\u00e3o de \u00e2nimo na busca por dias melhores?<\/strong><\/p>\n<p>Sempre, sou otimista. Para frente \u00e9 que se anda.<\/p>\n<p><strong>Qual o melhor atleta paraol\u00edmpico que j\u00e1 viu defendendo a camisa cruzmaltina? Por qual raz\u00e3o?<\/strong><\/p>\n<p>Caramba! Essa pergunta \u00e9 um golpe baixo. Foram oportunidades diferentes, focos diferentes. Por\u00e9m, n\u00e3o tenho como deixar de apontar para o Mauro Brasil, pois foi o carro chefe para chegarmos onde chegamos. Vasca\u00edno fan\u00e1tico, sempre colocou o clube em primeiro lugar, s\u00e3o 2 medalhas paralimpicas, o recorde parapanamericano nos jogos do Rio em 2007, foi o momento mais marcante da minha carreira como t\u00e9cnica de nata\u00e7\u00e3o paraol\u00edmpica. Um divisor de \u00e1guas para o nosso projeto, foi pendurar a bandeira do Vasco ao lado da bandeira do Brasil na vila do PAN. Marco important\u00edssimo para a funda\u00e7\u00e3o do Departamento no Clube.<\/p>\n<p><strong>FOTOGRAFIAS FORNECIDAS PELA ENTREVISTADA.<\/strong><\/p>\n<p><a href=\"https:\/\/webvasco.com\/artigos\/wp-content\/uploads\/2020\/09\/lp10.jpeg\"><img loading=\"lazy\" decoding=\"async\" class=\"alignright size-medium wp-image-8951\" src=\"https:\/\/webvasco.com\/artigos\/wp-content\/uploads\/2020\/09\/lp10-300x300.jpeg\" alt=\"\" width=\"300\" height=\"300\" srcset=\"https:\/\/webvasco.com\/artigos\/wp-content\/uploads\/2020\/09\/lp10-300x300.jpeg 300w, https:\/\/webvasco.com\/artigos\/wp-content\/uploads\/2020\/09\/lp10-150x150.jpeg 150w, https:\/\/webvasco.com\/artigos\/wp-content\/uploads\/2020\/09\/lp10-768x765.jpeg 768w, https:\/\/webvasco.com\/artigos\/wp-content\/uploads\/2020\/09\/lp10.jpeg 821w\" sizes=\"auto, (max-width: 300px) 100vw, 300px\" \/><\/a> <a href=\"https:\/\/webvasco.com\/artigos\/wp-content\/uploads\/2020\/09\/lp9.jpeg\"><img loading=\"lazy\" decoding=\"async\" class=\"alignright size-medium wp-image-8950\" src=\"https:\/\/webvasco.com\/artigos\/wp-content\/uploads\/2020\/09\/lp9-283x300.jpeg\" alt=\"\" width=\"283\" height=\"300\" srcset=\"https:\/\/webvasco.com\/artigos\/wp-content\/uploads\/2020\/09\/lp9-283x300.jpeg 283w, https:\/\/webvasco.com\/artigos\/wp-content\/uploads\/2020\/09\/lp9-142x150.jpeg 142w, https:\/\/webvasco.com\/artigos\/wp-content\/uploads\/2020\/09\/lp9-768x813.jpeg 768w, https:\/\/webvasco.com\/artigos\/wp-content\/uploads\/2020\/09\/lp9.jpeg 769w\" sizes=\"auto, (max-width: 283px) 100vw, 283px\" \/><\/a> <a href=\"https:\/\/webvasco.com\/artigos\/wp-content\/uploads\/2020\/09\/lp7.jpeg\"><img loading=\"lazy\" decoding=\"async\" class=\"alignright size-medium wp-image-8949\" src=\"https:\/\/webvasco.com\/artigos\/wp-content\/uploads\/2020\/09\/lp7-300x240.jpeg\" alt=\"\" width=\"300\" height=\"240\" srcset=\"https:\/\/webvasco.com\/artigos\/wp-content\/uploads\/2020\/09\/lp7-300x240.jpeg 300w, https:\/\/webvasco.com\/artigos\/wp-content\/uploads\/2020\/09\/lp7-150x120.jpeg 150w, https:\/\/webvasco.com\/artigos\/wp-content\/uploads\/2020\/09\/lp7-768x614.jpeg 768w, https:\/\/webvasco.com\/artigos\/wp-content\/uploads\/2020\/09\/lp7.jpeg 1024w\" sizes=\"auto, (max-width: 300px) 100vw, 300px\" \/><\/a> <a href=\"https:\/\/webvasco.com\/artigos\/wp-content\/uploads\/2020\/09\/lp6.jpeg\"><img loading=\"lazy\" decoding=\"async\" class=\"alignright size-medium wp-image-8948\" src=\"https:\/\/webvasco.com\/artigos\/wp-content\/uploads\/2020\/09\/lp6-233x300.jpeg\" alt=\"\" width=\"233\" height=\"300\" srcset=\"https:\/\/webvasco.com\/artigos\/wp-content\/uploads\/2020\/09\/lp6-233x300.jpeg 233w, https:\/\/webvasco.com\/artigos\/wp-content\/uploads\/2020\/09\/lp6-116x150.jpeg 116w, https:\/\/webvasco.com\/artigos\/wp-content\/uploads\/2020\/09\/lp6-768x989.jpeg 768w, https:\/\/webvasco.com\/artigos\/wp-content\/uploads\/2020\/09\/lp6.jpeg 795w\" sizes=\"auto, (max-width: 233px) 100vw, 233px\" \/><\/a> <a href=\"https:\/\/webvasco.com\/artigos\/wp-content\/uploads\/2020\/09\/lp5.jpeg\"><img loading=\"lazy\" decoding=\"async\" class=\"alignright size-medium wp-image-8947\" src=\"https:\/\/webvasco.com\/artigos\/wp-content\/uploads\/2020\/09\/lp5-300x225.jpeg\" alt=\"\" width=\"300\" height=\"225\" srcset=\"https:\/\/webvasco.com\/artigos\/wp-content\/uploads\/2020\/09\/lp5-300x225.jpeg 300w, https:\/\/webvasco.com\/artigos\/wp-content\/uploads\/2020\/09\/lp5-150x113.jpeg 150w, https:\/\/webvasco.com\/artigos\/wp-content\/uploads\/2020\/09\/lp5-768x576.jpeg 768w, https:\/\/webvasco.com\/artigos\/wp-content\/uploads\/2020\/09\/lp5.jpeg 1024w\" sizes=\"auto, (max-width: 300px) 100vw, 300px\" \/><\/a> <a href=\"https:\/\/webvasco.com\/artigos\/wp-content\/uploads\/2020\/09\/lp4.jpeg\"><img loading=\"lazy\" decoding=\"async\" class=\"alignright size-medium wp-image-8946\" src=\"https:\/\/webvasco.com\/artigos\/wp-content\/uploads\/2020\/09\/lp4-300x225.jpeg\" alt=\"\" width=\"300\" height=\"225\" srcset=\"https:\/\/webvasco.com\/artigos\/wp-content\/uploads\/2020\/09\/lp4-300x225.jpeg 300w, https:\/\/webvasco.com\/artigos\/wp-content\/uploads\/2020\/09\/lp4-150x113.jpeg 150w, https:\/\/webvasco.com\/artigos\/wp-content\/uploads\/2020\/09\/lp4-768x576.jpeg 768w, https:\/\/webvasco.com\/artigos\/wp-content\/uploads\/2020\/09\/lp4.jpeg 1024w\" sizes=\"auto, (max-width: 300px) 100vw, 300px\" \/><\/a> <a href=\"https:\/\/webvasco.com\/artigos\/wp-content\/uploads\/2020\/09\/lp3.jpeg\"><img loading=\"lazy\" decoding=\"async\" class=\"alignright size-medium wp-image-8945\" src=\"https:\/\/webvasco.com\/artigos\/wp-content\/uploads\/2020\/09\/lp3-225x300.jpeg\" alt=\"\" width=\"225\" height=\"300\" srcset=\"https:\/\/webvasco.com\/artigos\/wp-content\/uploads\/2020\/09\/lp3-225x300.jpeg 225w, https:\/\/webvasco.com\/artigos\/wp-content\/uploads\/2020\/09\/lp3-113x150.jpeg 113w, https:\/\/webvasco.com\/artigos\/wp-content\/uploads\/2020\/09\/lp3.jpeg 768w\" sizes=\"auto, (max-width: 225px) 100vw, 225px\" \/><\/a> <a href=\"https:\/\/webvasco.com\/artigos\/wp-content\/uploads\/2020\/09\/lp2.jpeg\"><img loading=\"lazy\" decoding=\"async\" class=\"alignright size-medium wp-image-8944\" src=\"https:\/\/webvasco.com\/artigos\/wp-content\/uploads\/2020\/09\/lp2-200x300.jpeg\" alt=\"\" width=\"200\" height=\"300\" srcset=\"https:\/\/webvasco.com\/artigos\/wp-content\/uploads\/2020\/09\/lp2-200x300.jpeg 200w, https:\/\/webvasco.com\/artigos\/wp-content\/uploads\/2020\/09\/lp2-100x150.jpeg 100w, https:\/\/webvasco.com\/artigos\/wp-content\/uploads\/2020\/09\/lp2.jpeg 682w\" sizes=\"auto, (max-width: 200px) 100vw, 200px\" \/><\/a> <a href=\"https:\/\/webvasco.com\/artigos\/wp-content\/uploads\/2020\/09\/lp.jpeg\"><img loading=\"lazy\" decoding=\"async\" class=\"alignright size-medium wp-image-8943\" src=\"https:\/\/webvasco.com\/artigos\/wp-content\/uploads\/2020\/09\/lp-300x226.jpeg\" alt=\"\" width=\"300\" height=\"226\" srcset=\"https:\/\/webvasco.com\/artigos\/wp-content\/uploads\/2020\/09\/lp-300x226.jpeg 300w, https:\/\/webvasco.com\/artigos\/wp-content\/uploads\/2020\/09\/lp-150x113.jpeg 150w, https:\/\/webvasco.com\/artigos\/wp-content\/uploads\/2020\/09\/lp-768x578.jpeg 768w, https:\/\/webvasco.com\/artigos\/wp-content\/uploads\/2020\/09\/lp.jpeg 1024w\" sizes=\"auto, (max-width: 300px) 100vw, 300px\" \/><\/a> <a href=\"https:\/\/webvasco.com\/artigos\/wp-content\/uploads\/2020\/09\/lp8.jpeg\"><img loading=\"lazy\" decoding=\"async\" class=\"alignright size-medium wp-image-8942\" src=\"https:\/\/webvasco.com\/artigos\/wp-content\/uploads\/2020\/09\/lp8-300x296.jpeg\" alt=\"\" width=\"300\" height=\"296\" srcset=\"https:\/\/webvasco.com\/artigos\/wp-content\/uploads\/2020\/09\/lp8-300x296.jpeg 300w, https:\/\/webvasco.com\/artigos\/wp-content\/uploads\/2020\/09\/lp8-150x148.jpeg 150w, https:\/\/webvasco.com\/artigos\/wp-content\/uploads\/2020\/09\/lp8-768x758.jpeg 768w, https:\/\/webvasco.com\/artigos\/wp-content\/uploads\/2020\/09\/lp8.jpeg 822w\" sizes=\"auto, (max-width: 300px) 100vw, 300px\" \/><\/a><\/p>\n","protected":false},"excerpt":{"rendered":"<p>ELAS &amp; O PROFESSOR POR LUIZ CARLOS ROCHA A entrevista de setembro de 2020, com&#8230;<\/p>\n","protected":false},"author":7,"featured_media":8942,"comment_status":"open","ping_status":"closed","sticky":false,"template":"","format":"standard","meta":{"footnotes":""},"categories":[27],"tags":[],"class_list":["post-8941","post","type-post","status-publish","format-standard","has-post-thumbnail","hentry","category-elas-e-o-professor"],"_links":{"self":[{"href":"https:\/\/webvasco.com\/artigos\/wp-json\/wp\/v2\/posts\/8941","targetHints":{"allow":["GET"]}}],"collection":[{"href":"https:\/\/webvasco.com\/artigos\/wp-json\/wp\/v2\/posts"}],"about":[{"href":"https:\/\/webvasco.com\/artigos\/wp-json\/wp\/v2\/types\/post"}],"author":[{"embeddable":true,"href":"https:\/\/webvasco.com\/artigos\/wp-json\/wp\/v2\/users\/7"}],"replies":[{"embeddable":true,"href":"https:\/\/webvasco.com\/artigos\/wp-json\/wp\/v2\/comments?post=8941"}],"version-history":[{"count":3,"href":"https:\/\/webvasco.com\/artigos\/wp-json\/wp\/v2\/posts\/8941\/revisions"}],"predecessor-version":[{"id":8955,"href":"https:\/\/webvasco.com\/artigos\/wp-json\/wp\/v2\/posts\/8941\/revisions\/8955"}],"wp:featuredmedia":[{"embeddable":true,"href":"https:\/\/webvasco.com\/artigos\/wp-json\/wp\/v2\/media\/8942"}],"wp:attachment":[{"href":"https:\/\/webvasco.com\/artigos\/wp-json\/wp\/v2\/media?parent=8941"}],"wp:term":[{"taxonomy":"category","embeddable":true,"href":"https:\/\/webvasco.com\/artigos\/wp-json\/wp\/v2\/categories?post=8941"},{"taxonomy":"post_tag","embeddable":true,"href":"https:\/\/webvasco.com\/artigos\/wp-json\/wp\/v2\/tags?post=8941"}],"curies":[{"name":"wp","href":"https:\/\/api.w.org\/{rel}","templated":true}]}}