{"id":8956,"date":"2020-10-25T16:23:20","date_gmt":"2020-10-25T19:23:20","guid":{"rendered":"https:\/\/webvasco.com\/artigos\/?p=8956"},"modified":"2020-10-25T18:22:54","modified_gmt":"2020-10-25T21:22:54","slug":"elas-o-professor-luana-land","status":"publish","type":"post","link":"https:\/\/webvasco.com\/artigos\/temas\/elas-e-o-professor\/elas-o-professor-luana-land\/","title":{"rendered":"ELAS &amp; O PROFESSOR &#8211; LUANA LAND"},"content":{"rendered":"<p><strong>ELAS &amp; O PROFESSOR<\/strong><\/p>\n<p><strong>POR LUIZ CARLOS ROCHA<\/strong><\/p>\n<p>A entrevista de outubro de 2020, com Luana Land da Fonseca Pires, \u00e9 dedicada \u00e0 uma linda vasca\u00edna, que ser\u00e1 sempre a minha raz\u00e3o de viver, minha maior riqueza: \u00darsulla Rocha.<\/p>\n<p><strong>LUANA LAND,<\/strong> Estudante de Engenharia Civil e funcion\u00e1ria do Vasco da Gama, 19 anos, solteira, embora moradora de Vila Valqueire, nasceu no bairro de S\u00e3o Crist\u00f3v\u00e3o, na Maternidade Fernando Magalh\u00e3es, localizada na rua de tr\u00e1s do Gigante da Colina. Sua Escola de Samba do cora\u00e7\u00e3o \u00e9 a Mocidade Independente de Padre Miguel, mas simpatiza bastante com a Unidos da Tijuca. A jovem \u00e9 do signo de Aries, t\u00eam a fam\u00edlia inteira de vasca\u00ednos, gosta de esporte em geral, mas prioriza o futebol, a presen\u00e7a dela \u00e9 certa em todos as partidas realizadas em S\u00e3o Janu\u00e1rio.<\/p>\n<p><strong>O treinador Ramon Menezes come\u00e7ou bem, ganhando todas as partidas, mas em pouco tempo declinou. Onde ele falhou?<\/strong><\/p>\n<p>Acho que \u00e9 falta de \u201cpulso\u201d. Vimos alguns jogadores com pouco desempenho atuando em praticamente todas as partidas, enquanto haviam outros &#8211; at\u00e9 mesmo da base &#8211; para ser utilizados. Acho que o maior erro foi a falta de aproveitamento de jogadores.<\/p>\n<p><strong>O trabalho do antigo comandante foi t\u00e3o bom a ponto do tal do Ramonismo ser uma realidade?<\/strong><\/p>\n<p>At\u00e9 certo momento sim, iniciamos bem o campeonato e todo torcedor abra\u00e7ou a causa, mas a partir do momento que as coisas come\u00e7aram a desandar a situa\u00e7\u00e3o mudou.<\/p>\n<p><strong>A contrata\u00e7\u00e3o do t\u00e9cnico Ricardo S\u00e1 Pinto foi acertada?<\/strong><\/p>\n<p>Pelo que vi at\u00e9 agora estou animada.<\/p>\n<p><strong>Era preciso buscar fora (Portugal) o novo professor, pois os brasileiros est\u00e3o desgastados?<\/strong><\/p>\n<p>Por se tratar de Vasco queremos e merecemos o melhor sempre. Os t\u00e9cnicos brasileiros dispon\u00edveis ao meu ver n\u00e3o estavam \u00e0 altura do clube. Acho que o S\u00e1 Pinto foi uma boa escolha.<\/p>\n<p><strong>Qualquer que seja o presidente eleito, este, dever\u00e1 imediatamente reformular o Departamento de Futebol do clube?<\/strong><\/p>\n<p>Por ser funcion\u00e1ria do clube prefiro n\u00e3o opinar sobre o Departamento de Futebol.<\/p>\n<p><strong>O principal problema do Vasco da Gama na busca por resultados positivos se deve a m\u00e1 gest\u00e3o ou a falta de car\u00e1ter por parte de alguns cartolas?<\/strong><\/p>\n<p>Me reservo ao direito de n\u00e3o responder essa pergunta.<\/p>\n<p><strong>Voc\u00ea prefere uma filosofia mais dura ou o velho e bom bate-papo na rela\u00e7\u00e3o de trabalho entre atletas e Comiss\u00e3o T\u00e9cnica?<\/strong><\/p>\n<p>Acredito sempre que um bom di\u00e1logo \u00e9 capaz de resolver as coisas, por\u00e9m em certos casos \u00e9 necess\u00e1rio se impor e tomar uma atitude mais dura em prol de bons resultados.<\/p>\n<p><strong>De nada adianta um Centro de Treinamento moderno e bel\u00edssimo com jogadores \u201cparaguaios\u201d. O que fazer para segurar por um longo per\u00edodo as \u201cp\u00e9rolas\u201d da casa?<\/strong><\/p>\n<p>Inicialmente \u00e9 necess\u00e1rio fazer o bom uso e aproveitamento das crias de nossa base. Al\u00e9m de ser uma \u201cm\u00e3o de obra barata\u201d comparado a outros jogadores, s\u00e3o novos e mold\u00e1veis, mas para isso \u00e9 preciso praticar e valorizar o passe deles para futuras vendas.<\/p>\n<p><strong>Ap\u00f3s a conclus\u00e3o das obras do CT, \u00e9 necess\u00e1rio reformar S\u00e3o Janu\u00e1rio?<\/strong><\/p>\n<p>N\u00e3o resta a menor d\u00favida de que S\u00e3o Janu\u00e1rio precisa ser reformado, mas na minha opini\u00e3o esse n\u00e3o \u00e9 o momento.<\/p>\n<p><strong>Ainda h\u00e1 tempo do Ricardo S\u00e1 Pinto lubrificar as engrenagens do time, e o torcedor ter esperan\u00e7a pelo t\u00edtulo no Campeonato Brasileiro?<\/strong><\/p>\n<p>O Vasco \u00e9 para quem acredita n\u00e3o \u00e9 mesmo? Tudo \u00e9 poss\u00edvel no futebol. Afinal, o jogo \u00e9 em campo e bons resultados vem de esfor\u00e7os e sacrif\u00edcios. Atualmente n\u00e3o estamos t\u00e3o bem na tabela de classifica\u00e7\u00e3o, mas o campeonato ainda est\u00e1 no in\u00edcio, e nosso treinador ter\u00e1 muito trabalho pela frente.<\/p>\n<p><strong>Os atacantes vasca\u00ednos faltaram as aulas de c\u00e1lculos, por isso erram tanto nas conclus\u00f5es?<\/strong><\/p>\n<p>Prefiro n\u00e3o opinar.<\/p>\n<p><strong>Somente um guindaste para fazer Fellipe Bastos se movimentar em campo?<\/strong><\/p>\n<p>Essa resposta tamb\u00e9m ficarei lhe devendo.<\/p>\n<p><strong>FOTOGRAFIAS FORNECIDAS PELA ENTREVISTADA.<\/strong><\/p>\n<p><a href=\"https:\/\/webvasco.com\/artigos\/wp-content\/uploads\/2020\/10\/LL9.jpeg\"><img loading=\"lazy\" decoding=\"async\" class=\"alignright size-medium wp-image-8964\" src=\"https:\/\/webvasco.com\/artigos\/wp-content\/uploads\/2020\/10\/LL9-270x300.jpeg\" alt=\"\" width=\"270\" height=\"300\" srcset=\"https:\/\/webvasco.com\/artigos\/wp-content\/uploads\/2020\/10\/LL9-270x300.jpeg 270w, https:\/\/webvasco.com\/artigos\/wp-content\/uploads\/2020\/10\/LL9-135x150.jpeg 135w, https:\/\/webvasco.com\/artigos\/wp-content\/uploads\/2020\/10\/LL9-768x853.jpeg 768w, https:\/\/webvasco.com\/artigos\/wp-content\/uploads\/2020\/10\/LL9.jpeg 828w\" sizes=\"auto, (max-width: 270px) 100vw, 270px\" \/><\/a> <a href=\"https:\/\/webvasco.com\/artigos\/wp-content\/uploads\/2020\/10\/LL7.jpeg\"><img loading=\"lazy\" decoding=\"async\" class=\"alignright size-medium wp-image-8963\" src=\"https:\/\/webvasco.com\/artigos\/wp-content\/uploads\/2020\/10\/LL7-225x300.jpeg\" alt=\"\" width=\"225\" height=\"300\" srcset=\"https:\/\/webvasco.com\/artigos\/wp-content\/uploads\/2020\/10\/LL7-225x300.jpeg 225w, https:\/\/webvasco.com\/artigos\/wp-content\/uploads\/2020\/10\/LL7-113x150.jpeg 113w, https:\/\/webvasco.com\/artigos\/wp-content\/uploads\/2020\/10\/LL7-768x1024.jpeg 768w, https:\/\/webvasco.com\/artigos\/wp-content\/uploads\/2020\/10\/LL7.jpeg 960w\" sizes=\"auto, (max-width: 225px) 100vw, 225px\" \/><\/a> <a href=\"https:\/\/webvasco.com\/artigos\/wp-content\/uploads\/2020\/10\/LL5.jpeg\"><img loading=\"lazy\" decoding=\"async\" class=\"alignright size-medium wp-image-8962\" src=\"https:\/\/webvasco.com\/artigos\/wp-content\/uploads\/2020\/10\/LL5-300x152.jpeg\" alt=\"\" width=\"300\" height=\"152\" srcset=\"https:\/\/webvasco.com\/artigos\/wp-content\/uploads\/2020\/10\/LL5-300x152.jpeg 300w, https:\/\/webvasco.com\/artigos\/wp-content\/uploads\/2020\/10\/LL5-150x76.jpeg 150w, https:\/\/webvasco.com\/artigos\/wp-content\/uploads\/2020\/10\/LL5-768x389.jpeg 768w, https:\/\/webvasco.com\/artigos\/wp-content\/uploads\/2020\/10\/LL5-1024x518.jpeg 1024w, https:\/\/webvasco.com\/artigos\/wp-content\/uploads\/2020\/10\/LL5.jpeg 1280w\" sizes=\"auto, (max-width: 300px) 100vw, 300px\" \/><\/a> <a href=\"https:\/\/webvasco.com\/artigos\/wp-content\/uploads\/2020\/10\/LL4.jpeg\"><img loading=\"lazy\" decoding=\"async\" class=\"alignright size-medium wp-image-8961\" src=\"https:\/\/webvasco.com\/artigos\/wp-content\/uploads\/2020\/10\/LL4-254x300.jpeg\" alt=\"\" width=\"254\" height=\"300\" srcset=\"https:\/\/webvasco.com\/artigos\/wp-content\/uploads\/2020\/10\/LL4-254x300.jpeg 254w, https:\/\/webvasco.com\/artigos\/wp-content\/uploads\/2020\/10\/LL4-127x150.jpeg 127w, https:\/\/webvasco.com\/artigos\/wp-content\/uploads\/2020\/10\/LL4-768x909.jpeg 768w, https:\/\/webvasco.com\/artigos\/wp-content\/uploads\/2020\/10\/LL4-866x1024.jpeg 866w, https:\/\/webvasco.com\/artigos\/wp-content\/uploads\/2020\/10\/LL4-1024x1211.jpeg 1024w, https:\/\/webvasco.com\/artigos\/wp-content\/uploads\/2020\/10\/LL4.jpeg 1082w\" sizes=\"auto, (max-width: 254px) 100vw, 254px\" \/><\/a> <a href=\"https:\/\/webvasco.com\/artigos\/wp-content\/uploads\/2020\/10\/LL3.jpeg\"><img loading=\"lazy\" decoding=\"async\" class=\"alignright size-medium wp-image-8960\" src=\"https:\/\/webvasco.com\/artigos\/wp-content\/uploads\/2020\/10\/LL3-225x300.jpeg\" alt=\"\" width=\"225\" height=\"300\" srcset=\"https:\/\/webvasco.com\/artigos\/wp-content\/uploads\/2020\/10\/LL3-225x300.jpeg 225w, https:\/\/webvasco.com\/artigos\/wp-content\/uploads\/2020\/10\/LL3-113x150.jpeg 113w, https:\/\/webvasco.com\/artigos\/wp-content\/uploads\/2020\/10\/LL3-768x1024.jpeg 768w, https:\/\/webvasco.com\/artigos\/wp-content\/uploads\/2020\/10\/LL3.jpeg 960w\" sizes=\"auto, (max-width: 225px) 100vw, 225px\" \/><\/a> <a href=\"https:\/\/webvasco.com\/artigos\/wp-content\/uploads\/2020\/10\/LL2.jpeg\"><img loading=\"lazy\" decoding=\"async\" class=\"alignright size-medium wp-image-8959\" src=\"https:\/\/webvasco.com\/artigos\/wp-content\/uploads\/2020\/10\/LL2-199x300.jpeg\" alt=\"\" width=\"199\" height=\"300\" srcset=\"https:\/\/webvasco.com\/artigos\/wp-content\/uploads\/2020\/10\/LL2-199x300.jpeg 199w, https:\/\/webvasco.com\/artigos\/wp-content\/uploads\/2020\/10\/LL2-99x150.jpeg 99w, https:\/\/webvasco.com\/artigos\/wp-content\/uploads\/2020\/10\/LL2-768x1159.jpeg 768w, https:\/\/webvasco.com\/artigos\/wp-content\/uploads\/2020\/10\/LL2-678x1024.jpeg 678w, https:\/\/webvasco.com\/artigos\/wp-content\/uploads\/2020\/10\/LL2.jpeg 848w\" sizes=\"auto, (max-width: 199px) 100vw, 199px\" \/><\/a> <a href=\"https:\/\/webvasco.com\/artigos\/wp-content\/uploads\/2020\/10\/LL.jpeg\"><img loading=\"lazy\" decoding=\"async\" class=\"alignright size-medium wp-image-8958\" src=\"https:\/\/webvasco.com\/artigos\/wp-content\/uploads\/2020\/10\/LL-225x300.jpeg\" alt=\"\" width=\"225\" height=\"300\" srcset=\"https:\/\/webvasco.com\/artigos\/wp-content\/uploads\/2020\/10\/LL-225x300.jpeg 225w, https:\/\/webvasco.com\/artigos\/wp-content\/uploads\/2020\/10\/LL-113x150.jpeg 113w, https:\/\/webvasco.com\/artigos\/wp-content\/uploads\/2020\/10\/LL-768x1024.jpeg 768w, https:\/\/webvasco.com\/artigos\/wp-content\/uploads\/2020\/10\/LL.jpeg 960w\" sizes=\"auto, (max-width: 225px) 100vw, 225px\" \/><\/a> <a href=\"https:\/\/webvasco.com\/artigos\/wp-content\/uploads\/2020\/10\/LL6.jpeg\"><img loading=\"lazy\" decoding=\"async\" class=\"alignright size-medium wp-image-8957\" src=\"https:\/\/webvasco.com\/artigos\/wp-content\/uploads\/2020\/10\/LL6-300x138.jpeg\" alt=\"\" width=\"300\" height=\"138\" srcset=\"https:\/\/webvasco.com\/artigos\/wp-content\/uploads\/2020\/10\/LL6-300x138.jpeg 300w, https:\/\/webvasco.com\/artigos\/wp-content\/uploads\/2020\/10\/LL6-150x69.jpeg 150w, https:\/\/webvasco.com\/artigos\/wp-content\/uploads\/2020\/10\/LL6-768x354.jpeg 768w, https:\/\/webvasco.com\/artigos\/wp-content\/uploads\/2020\/10\/LL6-1024x472.jpeg 1024w, https:\/\/webvasco.com\/artigos\/wp-content\/uploads\/2020\/10\/LL6.jpeg 1280w\" sizes=\"auto, (max-width: 300px) 100vw, 300px\" \/><\/a><\/p>\n","protected":false},"excerpt":{"rendered":"<p>ELAS &amp; O PROFESSOR POR LUIZ CARLOS ROCHA A entrevista de outubro de 2020, com&#8230;<\/p>\n","protected":false},"author":7,"featured_media":8962,"comment_status":"open","ping_status":"closed","sticky":false,"template":"","format":"standard","meta":{"footnotes":""},"categories":[27],"tags":[],"class_list":["post-8956","post","type-post","status-publish","format-standard","has-post-thumbnail","hentry","category-elas-e-o-professor"],"_links":{"self":[{"href":"https:\/\/webvasco.com\/artigos\/wp-json\/wp\/v2\/posts\/8956","targetHints":{"allow":["GET"]}}],"collection":[{"href":"https:\/\/webvasco.com\/artigos\/wp-json\/wp\/v2\/posts"}],"about":[{"href":"https:\/\/webvasco.com\/artigos\/wp-json\/wp\/v2\/types\/post"}],"author":[{"embeddable":true,"href":"https:\/\/webvasco.com\/artigos\/wp-json\/wp\/v2\/users\/7"}],"replies":[{"embeddable":true,"href":"https:\/\/webvasco.com\/artigos\/wp-json\/wp\/v2\/comments?post=8956"}],"version-history":[{"count":3,"href":"https:\/\/webvasco.com\/artigos\/wp-json\/wp\/v2\/posts\/8956\/revisions"}],"predecessor-version":[{"id":8968,"href":"https:\/\/webvasco.com\/artigos\/wp-json\/wp\/v2\/posts\/8956\/revisions\/8968"}],"wp:featuredmedia":[{"embeddable":true,"href":"https:\/\/webvasco.com\/artigos\/wp-json\/wp\/v2\/media\/8962"}],"wp:attachment":[{"href":"https:\/\/webvasco.com\/artigos\/wp-json\/wp\/v2\/media?parent=8956"}],"wp:term":[{"taxonomy":"category","embeddable":true,"href":"https:\/\/webvasco.com\/artigos\/wp-json\/wp\/v2\/categories?post=8956"},{"taxonomy":"post_tag","embeddable":true,"href":"https:\/\/webvasco.com\/artigos\/wp-json\/wp\/v2\/tags?post=8956"}],"curies":[{"name":"wp","href":"https:\/\/api.w.org\/{rel}","templated":true}]}}